{"id":31758,"date":"2026-04-26T15:13:28","date_gmt":"2026-04-26T18:13:28","guid":{"rendered":"https:\/\/imais.online\/portal\/?p=31758"},"modified":"2026-04-26T15:17:50","modified_gmt":"2026-04-26T18:17:50","slug":"show-de-shakira-tera-maior-palco-montado-no-rj-superando-estruturas-de-madonna-e-lady-gagaa-pedido-da-equipe-de-cenografia-da-cantora-colombiana-o-espaco-aumentou-de-1-345-para-1-500-metros-quadrados","status":"publish","type":"post","link":"https:\/\/imais.online\/portal\/show-de-shakira-tera-maior-palco-montado-no-rj-superando-estruturas-de-madonna-e-lady-gagaa-pedido-da-equipe-de-cenografia-da-cantora-colombiana-o-espaco-aumentou-de-1-345-para-1-500-metros-quadrados\/","title":{"rendered":"Show de Shakira ter\u00e1 maior palco montado no RJ superando estruturas de Madonna e Lady Gaga"},"content":{"rendered":"<div class=\"imais-before-content-placement\" id=\"imais-4259046477\"><script async src=\"\/\/pagead2.googlesyndication.com\/pagead\/js\/adsbygoogle.js?client=ca-pub-8787528412751566\" crossorigin=\"anonymous\"><\/script><ins class=\"adsbygoogle\" style=\"display:block;\" data-ad-client=\"ca-pub-8787528412751566\" \ndata-ad-slot=\"\" \ndata-ad-format=\"auto\"><\/ins>\n<script> \n(adsbygoogle = window.adsbygoogle || []).push({}); \n<\/script>\n<\/div>\n<p>A pedido da equipe de cenografia da cantora colombiana, o espa\u00e7o aumentou de 1.345 para 1.500 metros quadrados<\/p>\n\n\n\n<p>O show gratuito de Shakira, que vai ser realizado no dia 2 de maio, em Copacabana, no Rio de Janeiro, vai ter o maior palco j\u00e1 montado nas areias da praia, superando o das apresenta\u00e7\u00f5es de Madonna &nbsp;e Lady Gaga.<\/p>\n\n\n\n<p>O pedido \u00e9 da equipe de cenografia da cantora colombiana. Inicialmente, o espa\u00e7o era de 1.345 e aumentou para 1.500 metros quadrados. Vale lembrar que no show de Madonna eram 812 metros quadrados e Lady Gaga, 1.260.<\/p>\n\n\n\n<p>O espa\u00e7o tamb\u00e9m foi projetado para ficar mais pr\u00f3ximo do p\u00fablico. O evento faz parte do \u201cTodo Mundo no Rio\u201d, que leva apresenta\u00e7\u00f5es internacionais \u00e0 \u2018Cidade Maravilhosa\u2019.<\/p>\n\n\n\n<p><br>A \u00e1rea de pain\u00e9is de LED tamb\u00e9m vai ser expandida, de 500 m\u00b2 para 680 m\u00b2. A altura do palco em rela\u00e7\u00e3o \u00e0 areia est\u00e1 mantida em 2,20 metros, com a boca de cena de 56 metros de largura e mais uma passarela de 25 metros.<\/p>\n\n\n\n<p>A expectativa \u00e9 que 2 milh\u00f5es de pessoas apreciem a apresenta\u00e7\u00e3o da cantora na praia. O show est\u00e1 previsto para come\u00e7ar \u00e0s 21h45.<\/p>\n\n\n\n<p>Fonte: Terra <\/p>\n","protected":false},"excerpt":{"rendered":"<p>A pedido da equipe de cenografia da cantora colombiana, o espa\u00e7o aumentou de 1.345 para 1.500 metros quadrados O show gratuito de Shakira, que vai ser realizado no dia 2 de maio, em Copacabana, no Rio de Janeiro, vai ter o maior palco j\u00e1 montado nas areias da praia, superando o das apresenta\u00e7\u00f5es de Madonna [&hellip;]<\/p>\n","protected":false},"author":8,"featured_media":31759,"comment_status":"closed","ping_status":"open","sticky":false,"template":"","format":"standard","meta":{"rop_custom_images_group":[],"rop_custom_messages_group":[],"rop_publish_now":"yes","rop_publish_now_accounts":[],"rop_publish_now_history":[],"rop_publish_now_status":"pending","footnotes":""},"categories":[16],"tags":[],"class_list":["post-31758","post","type-post","status-publish","format-standard","has-post-thumbnail","hentry","category-entertainment"],"amp_enabled":true,"_links":{"self":[{"href":"https:\/\/imais.online\/portal\/wp-json\/wp\/v2\/posts\/31758","targetHints":{"allow":["GET"]}}],"collection":[{"href":"https:\/\/imais.online\/portal\/wp-json\/wp\/v2\/posts"}],"about":[{"href":"https:\/\/imais.online\/portal\/wp-json\/wp\/v2\/types\/post"}],"author":[{"embeddable":true,"href":"https:\/\/imais.online\/portal\/wp-json\/wp\/v2\/users\/8"}],"replies":[{"embeddable":true,"href":"https:\/\/imais.online\/portal\/wp-json\/wp\/v2\/comments?post=31758"}],"version-history":[{"count":2,"href":"https:\/\/imais.online\/portal\/wp-json\/wp\/v2\/posts\/31758\/revisions"}],"predecessor-version":[{"id":31761,"href":"https:\/\/imais.online\/portal\/wp-json\/wp\/v2\/posts\/31758\/revisions\/31761"}],"wp:featuredmedia":[{"embeddable":true,"href":"https:\/\/imais.online\/portal\/wp-json\/wp\/v2\/media\/31759"}],"wp:attachment":[{"href":"https:\/\/imais.online\/portal\/wp-json\/wp\/v2\/media?parent=31758"}],"wp:term":[{"taxonomy":"category","embeddable":true,"href":"https:\/\/imais.online\/portal\/wp-json\/wp\/v2\/categories?post=31758"},{"taxonomy":"post_tag","embeddable":true,"href":"https:\/\/imais.online\/portal\/wp-json\/wp\/v2\/tags?post=31758"}],"curies":[{"name":"wp","href":"https:\/\/api.w.org\/{rel}","templated":true}]}}