{"id":31773,"date":"2026-04-27T15:41:16","date_gmt":"2026-04-27T18:41:16","guid":{"rendered":"https:\/\/imais.online\/portal\/?p=31773"},"modified":"2026-04-27T15:41:16","modified_gmt":"2026-04-27T18:41:16","slug":"funssol-abre-inscricoes-para-workshop-de-costura-criativa-de-bolsas-e-necessaires-no-dia-29-de-abril","status":"publish","type":"post","link":"https:\/\/imais.online\/portal\/funssol-abre-inscricoes-para-workshop-de-costura-criativa-de-bolsas-e-necessaires-no-dia-29-de-abril\/","title":{"rendered":"Funssol abre inscri\u00e7\u00f5es para Workshop de Costura Criativa de Bolsas e Necessaires no dia 29 de abril"},"content":{"rendered":"<div class=\"imais-before-content-placement\" id=\"imais-1849282257\"><script async src=\"\/\/pagead2.googlesyndication.com\/pagead\/js\/adsbygoogle.js?client=ca-pub-8787528412751566\" crossorigin=\"anonymous\"><\/script><ins class=\"adsbygoogle\" style=\"display:block;\" data-ad-client=\"ca-pub-8787528412751566\" \ndata-ad-slot=\"\" \ndata-ad-format=\"auto\"><\/ins>\n<script> \n(adsbygoogle = window.adsbygoogle || []).push({}); \n<\/script>\n<\/div>\n<p class=\"has-text-align-center\"><em>Capacita\u00e7\u00e3o \u00e9 voltada para alunos que j\u00e1 conclu\u00edram o curso b\u00e1sico de Costura Criativa<\/em><\/p>\n\n\n\n<p>O Fundo Social de Solidariedade de Indaiatuba (Funssol) informa que as inscri\u00e7\u00f5es para o Workshop de Costura Criativa: Bolsa e Necessaire ser\u00e3o abertas quarta-feira, dia 29 de abril<strong>.<\/strong> O curso, ministrado pela professora Deborah Porsel, visa o aperfei\u00e7oamento t\u00e9cnico de quem j\u00e1 atua na \u00e1rea, oferecendo ferramentas para a gera\u00e7\u00e3o de renda e o empreendedorismo local.<\/p>\n\n\n\n<p>As aulas ser\u00e3o realizadas durante o m\u00eas de maio, nos dias 06, 13, 20 e 27, sempre das 18h30 \u00e0s 21h30. O workshop acontecer\u00e1 no espa\u00e7o Cidadania, localizada na Rua Candel\u00e1ria, 365, Centro.<\/p>\n\n\n\n<p><strong>Inscri\u00e7\u00f5es e Crit\u00e9rios<\/strong><\/p>\n\n\n\n<p>Para participar, o interessado deve, obrigatoriamente, ter conclu\u00eddo anteriormente o curso de Costura Criativa oferecido pelo Funssol. No momento da inscri\u00e7\u00e3o online, \u00e9 necess\u00e1rio anexar o certificado de conclus\u00e3o do curso pr\u00e9vio para validar a participa\u00e7\u00e3o.<\/p>\n\n\n\n<p>As inscri\u00e7\u00f5es devem ser realizadas exclusivamente pelo portal oficial, atrav\u00e9s do link: <a href=\"https:\/\/www.indaiatuba.sp.gov.br\/portal-funssol\/oficina\/?tipo=normal\">https:\/\/www.indaiatuba.sp.gov.br\/portal-funssol\/oficina\/?tipo=normal<\/a><\/p>\n\n\n\n<p>O Workshop de Costura Criativa faz parte do cronograma de oficinas do Funssol que buscam promover a inclus\u00e3o produtiva e o fortalecimento da capacita\u00e7\u00e3o para gera\u00e7\u00e3o de renda no munic\u00edpio, permitindo que os alunos desenvolvam pe\u00e7as com maior valor agregado e acabamento profissional.<\/p>\n\n\n\n<p><strong>Servi\u00e7o<\/strong><\/p>\n\n\n\n<p><strong>Workshop de Costura Criativa: Bolsa e Necessaire<\/strong><\/p>\n\n\n\n<p><strong>Data das Inscri\u00e7\u00f5es:<\/strong> 29 de abril, a partir das 9h<\/p>\n\n\n\n<p>Online \u2013 <a href=\"https:\/\/www.indaiatuba.sp.gov.br\/portal-funssol\/oficina\/?tipo=normal\">Portal do Funssol<\/a><\/p>\n\n\n\n<p><strong>Per\u00edodo do curso:<\/strong> Quartas-feiras de maio (06, 13, 20 e 27\/05)<\/p>\n\n\n\n<p><strong>Hor\u00e1rio:<\/strong> 18h30 \u00e0s 21h30<\/p>\n\n\n\n<p><strong>Local:<\/strong> Rua Candel\u00e1ria, 365 \u2013 Centro<\/p>\n\n\n\n<p><strong>Mais informa\u00e7\u00f5es:<\/strong> (19) 3834-9031<\/p>\n","protected":false},"excerpt":{"rendered":"<p>Capacita\u00e7\u00e3o \u00e9 voltada para alunos que j\u00e1 conclu\u00edram o curso b\u00e1sico de Costura Criativa O Fundo Social de Solidariedade de Indaiatuba (Funssol) informa que as inscri\u00e7\u00f5es para o Workshop de Costura Criativa: Bolsa e Necessaire ser\u00e3o abertas quarta-feira, dia 29 de abril. O curso, ministrado pela professora Deborah Porsel, visa o aperfei\u00e7oamento t\u00e9cnico de quem [&hellip;]<\/p>\n","protected":false},"author":7,"featured_media":31774,"comment_status":"closed","ping_status":"open","sticky":false,"template":"","format":"standard","meta":{"rop_custom_images_group":[],"rop_custom_messages_group":[],"rop_publish_now":"yes","rop_publish_now_accounts":[],"rop_publish_now_history":[],"rop_publish_now_status":"pending","footnotes":""},"categories":[188],"tags":[],"class_list":["post-31773","post","type-post","status-publish","format-standard","has-post-thumbnail","hentry","category-indaiatuba"],"amp_enabled":true,"_links":{"self":[{"href":"https:\/\/imais.online\/portal\/wp-json\/wp\/v2\/posts\/31773","targetHints":{"allow":["GET"]}}],"collection":[{"href":"https:\/\/imais.online\/portal\/wp-json\/wp\/v2\/posts"}],"about":[{"href":"https:\/\/imais.online\/portal\/wp-json\/wp\/v2\/types\/post"}],"author":[{"embeddable":true,"href":"https:\/\/imais.online\/portal\/wp-json\/wp\/v2\/users\/7"}],"replies":[{"embeddable":true,"href":"https:\/\/imais.online\/portal\/wp-json\/wp\/v2\/comments?post=31773"}],"version-history":[{"count":1,"href":"https:\/\/imais.online\/portal\/wp-json\/wp\/v2\/posts\/31773\/revisions"}],"predecessor-version":[{"id":31775,"href":"https:\/\/imais.online\/portal\/wp-json\/wp\/v2\/posts\/31773\/revisions\/31775"}],"wp:featuredmedia":[{"embeddable":true,"href":"https:\/\/imais.online\/portal\/wp-json\/wp\/v2\/media\/31774"}],"wp:attachment":[{"href":"https:\/\/imais.online\/portal\/wp-json\/wp\/v2\/media?parent=31773"}],"wp:term":[{"taxonomy":"category","embeddable":true,"href":"https:\/\/imais.online\/portal\/wp-json\/wp\/v2\/categories?post=31773"},{"taxonomy":"post_tag","embeddable":true,"href":"https:\/\/imais.online\/portal\/wp-json\/wp\/v2\/tags?post=31773"}],"curies":[{"name":"wp","href":"https:\/\/api.w.org\/{rel}","templated":true}]}}