{"id":31776,"date":"2026-04-27T15:43:01","date_gmt":"2026-04-27T18:43:01","guid":{"rendered":"https:\/\/imais.online\/portal\/?p=31776"},"modified":"2026-04-27T15:43:01","modified_gmt":"2026-04-27T18:43:01","slug":"departamento-de-transporte-apreende-transporte-escolar-clandestino-durante-blitz","status":"publish","type":"post","link":"https:\/\/imais.online\/portal\/departamento-de-transporte-apreende-transporte-escolar-clandestino-durante-blitz\/","title":{"rendered":"Departamento de Transporte apreende transporte escolar clandestino durante blitz"},"content":{"rendered":"<div class=\"imais-before-content-placement\" id=\"imais-2123549690\"><script async src=\"\/\/pagead2.googlesyndication.com\/pagead\/js\/adsbygoogle.js?client=ca-pub-8787528412751566\" crossorigin=\"anonymous\"><\/script><ins class=\"adsbygoogle\" style=\"display:block;\" data-ad-client=\"ca-pub-8787528412751566\" \ndata-ad-slot=\"\" \ndata-ad-format=\"auto\"><\/ins>\n<script> \n(adsbygoogle = window.adsbygoogle || []).push({}); \n<\/script>\n<\/div>\n<p class=\"has-text-align-center\"><em>Fiscaliza\u00e7\u00e3o identificou irregularidades graves em ve\u00edculo transportando alunos de forma ilegal<\/em><\/p>\n\n\n\n<p>A Prefeitura de Indaiatuba, por meio do Departamento de Transportes da Secretaria de Mobilidade Urbana, realizou na \u00faltima quinta-feira (23\/4) uma opera\u00e7\u00e3o de fiscaliza\u00e7\u00e3o no Complexo Educacional Campo Bonito. A blitz, motivada por den\u00fancias, teve como foco o combate ao transporte escolar clandestino. Durante a a\u00e7\u00e3o, um ve\u00edculo particular foi flagrado realizando o transporte remunerado de seis crian\u00e7as de forma totalmente irregular.<\/p>\n\n\n\n<p>No momento da abordagem, os fiscais constataram graves riscos \u00e0 seguran\u00e7a dos estudantes: nenhuma das seis crian\u00e7as utilizava o cinto de seguran\u00e7a. Al\u00e9m disso, o condutor apresentava a Carteira Nacional de Habilita\u00e7\u00e3o (CNH) vencida e o ve\u00edculo circulava com um dos pneus dianteiros em estado irregular (sem condi\u00e7\u00f5es de rodagem), o que potencializa o risco de sinistros.<\/p>\n\n\n\n<p>A execu\u00e7\u00e3o de transporte coletivo remunerado sem a devida permiss\u00e3o ou autoriza\u00e7\u00e3o municipal configura infra\u00e7\u00e3o grav\u00edssima, conforme o artigo 26\u00ba do Decreto 14.431\/2021. Diante das irregularidades, o ve\u00edculo foi imediatamente removido ao P\u00e1tio de ve\u00edculos. A libera\u00e7\u00e3o est\u00e1 condicionada ao pagamento de multa equivalente a 63,10 UFESP (Unidade Fiscal do Estado de S\u00e3o Paulo), al\u00e9m das taxas de guincho e estadia.<\/p>\n\n\n\n<p>Para garantir a integridade dos alunos ap\u00f3s a apreens\u00e3o, a Secretaria comunicou a dire\u00e7\u00e3o da unidade escolar, que prestou suporte e orientou os pais a buscarem os filhos pessoalmente ao t\u00e9rmino do per\u00edodo de aulas.<\/p>\n\n\n\n<p>A Secretaria Municipal de Mobilidade Urbana refor\u00e7a o apelo para que pais e respons\u00e1veis n\u00e3o utilizem transportes clandestinos. Diferente dos ve\u00edculos registrados, os clandestinos n\u00e3o passam pelas vistorias peri\u00f3dicas obrigat\u00f3rias, que conferem itens de seguran\u00e7a, freios, pneus e o estado geral do ve\u00edculo.<\/p>\n\n\n\n<p>&#8220;Nosso objetivo principal \u00e9 a seguran\u00e7a vi\u00e1ria. Quando um pai contrata um servi\u00e7o n\u00e3o oficial, ele est\u00e1 colocando a vida do filho nas m\u00e3os de um condutor que n\u00e3o passou pelo crivo da fiscaliza\u00e7\u00e3o municipal e em um ve\u00edculo que pode n\u00e3o oferecer a prote\u00e7\u00e3o m\u00ednima em caso de impacto&#8221;, alerta o Departamento de Transportes.<\/p>\n\n\n\n<p>A administra\u00e7\u00e3o municipal orienta que a popula\u00e7\u00e3o contrate apenas transportadores escolares devidamente cadastrados e que exibam o selo de vistoria atualizado. Den\u00fancias sobre transporte irregular podem ser feitas pelos canais oficiais da Prefeitura ou para o Departamento de Transportes atrav\u00e9s do telefone: (19) 3825-7938.&nbsp; &nbsp;<\/p>\n","protected":false},"excerpt":{"rendered":"<p>Fiscaliza\u00e7\u00e3o identificou irregularidades graves em ve\u00edculo transportando alunos de forma ilegal A Prefeitura de Indaiatuba, por meio do Departamento de Transportes da Secretaria de Mobilidade Urbana, realizou na \u00faltima quinta-feira (23\/4) uma opera\u00e7\u00e3o de fiscaliza\u00e7\u00e3o no Complexo Educacional Campo Bonito. A blitz, motivada por den\u00fancias, teve como foco o combate ao transporte escolar clandestino. Durante [&hellip;]<\/p>\n","protected":false},"author":7,"featured_media":31777,"comment_status":"closed","ping_status":"open","sticky":false,"template":"","format":"standard","meta":{"rop_custom_images_group":[],"rop_custom_messages_group":[],"rop_publish_now":"yes","rop_publish_now_accounts":[],"rop_publish_now_history":[],"rop_publish_now_status":"pending","footnotes":""},"categories":[188],"tags":[73],"class_list":["post-31776","post","type-post","status-publish","format-standard","has-post-thumbnail","hentry","category-indaiatuba","tag-featured"],"amp_enabled":true,"_links":{"self":[{"href":"https:\/\/imais.online\/portal\/wp-json\/wp\/v2\/posts\/31776","targetHints":{"allow":["GET"]}}],"collection":[{"href":"https:\/\/imais.online\/portal\/wp-json\/wp\/v2\/posts"}],"about":[{"href":"https:\/\/imais.online\/portal\/wp-json\/wp\/v2\/types\/post"}],"author":[{"embeddable":true,"href":"https:\/\/imais.online\/portal\/wp-json\/wp\/v2\/users\/7"}],"replies":[{"embeddable":true,"href":"https:\/\/imais.online\/portal\/wp-json\/wp\/v2\/comments?post=31776"}],"version-history":[{"count":1,"href":"https:\/\/imais.online\/portal\/wp-json\/wp\/v2\/posts\/31776\/revisions"}],"predecessor-version":[{"id":31778,"href":"https:\/\/imais.online\/portal\/wp-json\/wp\/v2\/posts\/31776\/revisions\/31778"}],"wp:featuredmedia":[{"embeddable":true,"href":"https:\/\/imais.online\/portal\/wp-json\/wp\/v2\/media\/31777"}],"wp:attachment":[{"href":"https:\/\/imais.online\/portal\/wp-json\/wp\/v2\/media?parent=31776"}],"wp:term":[{"taxonomy":"category","embeddable":true,"href":"https:\/\/imais.online\/portal\/wp-json\/wp\/v2\/categories?post=31776"},{"taxonomy":"post_tag","embeddable":true,"href":"https:\/\/imais.online\/portal\/wp-json\/wp\/v2\/tags?post=31776"}],"curies":[{"name":"wp","href":"https:\/\/api.w.org\/{rel}","templated":true}]}}