{"id":31782,"date":"2026-04-27T15:49:14","date_gmt":"2026-04-27T18:49:14","guid":{"rendered":"https:\/\/imais.online\/portal\/?p=31782"},"modified":"2026-04-27T15:49:15","modified_gmt":"2026-04-27T18:49:15","slug":"prefeito-anuncia-implantacao-de-nova-secretaria-e-mudancas-no-comando-de-pastas","status":"publish","type":"post","link":"https:\/\/imais.online\/portal\/prefeito-anuncia-implantacao-de-nova-secretaria-e-mudancas-no-comando-de-pastas\/","title":{"rendered":"Prefeito anuncia implanta\u00e7\u00e3o de nova secretaria e mudan\u00e7as no comando de Pastas"},"content":{"rendered":"<div class=\"imais-before-content-placement\" id=\"imais-1945518695\"><script async src=\"\/\/pagead2.googlesyndication.com\/pagead\/js\/adsbygoogle.js?client=ca-pub-8787528412751566\" crossorigin=\"anonymous\"><\/script><ins class=\"adsbygoogle\" style=\"display:block;\" data-ad-client=\"ca-pub-8787528412751566\" \ndata-ad-slot=\"\" \ndata-ad-format=\"auto\"><\/ins>\n<script> \n(adsbygoogle = window.adsbygoogle || []).push({}); \n<\/script>\n<\/div>\n<p><em>Prefeitura apresenta novidades e destaca foco em inova\u00e7\u00e3o e efici\u00eancia nos servi\u00e7os p\u00fablicos<\/em><\/p>\n\n\n\n<p>O prefeito Dr. Cust\u00f3dio Tavares (MDB) reuniu a imprensa na manh\u00e3 desta sexta-feira (24\/4) para anunciar mudan\u00e7as no comando de tr\u00eas Secretarias Municipais. As pastas de Comunica\u00e7\u00e3o, Habita\u00e7\u00e3o e Planejamento Urbano e Engenharia passam a ter novos titulares. Na ocasi\u00e3o, tamb\u00e9m foram apresentados oficialmente \u00e0 imprensa a secret\u00e1ria de Ci\u00eancia, Tecnologia e Inova\u00e7\u00e3o, Dra. Graziela Milani, e o chefe de Gabinete, Rog\u00e9rio Luchini.<\/p>\n\n\n\n<p>A nova Secretaria Municipal de Ci\u00eancia, Tecnologia e Inova\u00e7\u00e3o foi institu\u00edda pela Lei Complementar n\u00ba 06\/2026, com o objetivo de formular e executar pol\u00edticas voltadas \u00e0 inova\u00e7\u00e3o, incentivo \u00e0 pesquisa, desenvolvimento tecnol\u00f3gico e implanta\u00e7\u00e3o de solu\u00e7\u00f5es digitais no servi\u00e7o p\u00fablico. A pasta ser\u00e1 comandada pela Dra. Graziela Milani, que deixa a Secretaria de Comunica\u00e7\u00e3o, agora sob a responsabilidade da jornalista e servidora de carreira Sirlene Virg\u00edlio Bueno.<\/p>\n\n\n\n<p>O t\u00e9cnico agrimensor e bacharel em Direito, Arnaldo Mazeto Siqueira, assume a Secretaria de Planejamento Urbano e Engenharia. A pasta era comandada pelo arquiteto e urbanista Rubens Eduardo Pereira de Oliveira Junior, que passa a responder pela Secretaria de Habita\u00e7\u00e3o.<\/p>\n\n\n\n<p>O bacharel em Direito e empres\u00e1rio Rog\u00e9rio Luchini assume a Chefia de Gabinete de Coordena\u00e7\u00e3o Institucional.<\/p>\n\n\n\n<p>Com a reestrutura\u00e7\u00e3o e a implanta\u00e7\u00e3o da nova secretaria, o prefeito refor\u00e7ou o compromisso com a moderniza\u00e7\u00e3o da gest\u00e3o, a efici\u00eancia dos servi\u00e7os p\u00fablicos e a amplia\u00e7\u00e3o das pol\u00edticas voltadas ao desenvolvimento do munic\u00edpio. \u201cPrimeiramente, quero agradecer ao Osni, que se aposentou e deixa a Secretaria de Habita\u00e7\u00e3o, pela seriedade e pelo compromisso com que conduziu o trabalho ao longo desses anos. Hoje, apresentei novos nomes para comandar algumas pastas, complementando as mudan\u00e7as j\u00e1 realizadas no in\u00edcio do ano. Acredito que essas altera\u00e7\u00f5es renovam a motiva\u00e7\u00e3o das equipes e contribuem para uma gest\u00e3o mais eficiente, preparada para os desafios atuais e futuros do munic\u00edpio\u201d, destacou Dr. Cust\u00f3dio Tavares, prefeito de Indaiatuba.<\/p>\n\n\n\n<p>Confira quem s\u00e3o os novos secret\u00e1rios municipais:<\/p>\n\n\n\n<p><strong>SECRETARIA MUNICIPAL DE PLANEJAMENTO URBANO E ENGENHARIA<\/strong><\/p>\n\n\n\n<p><strong>ARNALDO MAZETO SIQUEIRA<\/strong><\/p>\n\n\n\n<p>T\u00e9cnico agrimensor formado pelo Centro Paula Souza, na Escola T\u00e9cnica Vasco Antonio Venchiarutti de Jundia\u00ed, em 2004. Possui p\u00f3s-gradua\u00e7\u00e3o em georreferenciamento de im\u00f3veis pela Faculdade de Engenharia e Agrimensura de Pirassununga, em 2013. \u00c9 tamb\u00e9m bacharel em Direito pela Faculdade de Direito de Itu, curso conclu\u00eddo em 2010 e advogado credenciado pela OAB (Ordem dos Advogados do Brasil).<\/p>\n\n\n\n<p>Atuou no Detran de Indaiatuba, nas fun\u00e7\u00f5es de coordena\u00e7\u00e3o e gest\u00e3o do \u00f3rg\u00e3o por aproximadamente 10 anos. Em 2006 foi aprovado em concurso da Prefeitura de Indaiatuba, quando passou a trabalhar na Secretaria Municipal de Engenharia, no setor de Cartografia e Topografia. Depois de alguns anos passou a atuar no setor privado nas \u00e1reas de gest\u00e3o, aprova\u00e7\u00e3o e coordena\u00e7\u00e3o de obras de projetos imobili\u00e1rios atuando em mais de 40 munic\u00edpios nos estados de SP, MG, BA, RN, GO e PE.<\/p>\n\n\n\n<p>Em 2025 retornou \u00e0 administra\u00e7\u00e3o p\u00fablica a convite do prefeito Dr. Cust\u00f3dio Tavares, no Departamento de Cartografia voltado \u00e0 infraestrutura vi\u00e1ria.<\/p>\n\n\n\n<p><strong>SECRETARIA DE CI\u00caNCIA, TECNOLOGIA E INOVA\u00c7\u00c3O<\/strong><\/p>\n\n\n\n<p><strong>Dra GRAZIELA MILANI<\/strong><\/p>\n\n\n\n<p>Graziela Milani, tem 53 anos, \u00e9 formada em Biomedicina pela Unifesp, com mestrado em Biologia Molecular, tamb\u00e9m pela Unifesp. \u00c9 doutora em Ci\u00eancias M\u00e9dicas pela Unicamp e tem p\u00f3s-gradua\u00e7\u00e3o em Gest\u00e3o e Administra\u00e7\u00e3o de Cidades. Trabalha no servi\u00e7o p\u00fablico desde 2005 e, em sua trajet\u00f3ria, ocupou os seguintes cargos: Diretora de Turismo; secret\u00e1ria adjunta de Desenvolvimento; secret\u00e1ria de Desenvolvimento; adjunta de Governo e depois de Rela\u00e7\u00f5es Institucionais e Comunica\u00e7\u00e3o. Tamb\u00e9m foi Diretora do Departamento de Estat\u00edstica e Estrat\u00e9gias Municipais. Esteve \u00e0 frente da Secretaria de Rela\u00e7\u00f5es Institucionais e de Comunica\u00e7\u00e3o da Prefeitura de Indaiatuba, desde 2018.<\/p>\n\n\n\n<p><strong>GABINETE DE COORDENA\u00c7\u00c3O INSTITUCIONAL<\/strong><\/p>\n\n\n\n<p><strong>ROG\u00c9RIO LUCHINI<\/strong><\/p>\n\n\n\n<p>\u00c9 bacharel em Direito e empres\u00e1rio, ingressou no servi\u00e7o p\u00fablico em 2009 como assessor jur\u00eddico do Departamento de T\u00e9cnica Legislativa, fun\u00e7\u00e3o que exerceu at\u00e9 fevereiro de 2026. Nesse per\u00edodo foi respons\u00e1vel pelo estudo e pela elabora\u00e7\u00e3o de projetos de lei e decretos municipais. A convite do prefeito dr Cust\u00f3dio Tavares, assumiu a Chefia de Gabinete de Coordena\u00e7\u00e3o Institucional.<\/p>\n\n\n\n<p><strong>SECRETARIA MUNICIPAL DE HABITA\u00c7\u00c3O<\/strong><\/p>\n\n\n\n<p><strong>RUBENS EDUARDO PEREIRA DE OLIVEIRA JUNIOR<\/strong><\/p>\n\n\n\n<p>Arquiteto e urbanista graduado no ano 2000 pela Universidade Metodista de Piracicaba e p\u00f3s-graduado em Administra\u00e7\u00e3o P\u00fablica e Gest\u00e3o de Cidades, tem 47 anos e \u00e9 funcion\u00e1rio p\u00fablico concursado desde 2002. Enquanto arquiteto desenvolveu projetos como a Escola Ambiental Bosque do Saber, o Centro Dia do Idoso, a Casa da Mem\u00f3ria de Indaiatuba, entre muitos outros. Foi presidente da Comiss\u00e3o Permanente de Acessibilidade e ocupou a Secretaria de Planejamento Urbano e Engenharia desde 2017.<\/p>\n\n\n\n<p><strong>SECRETARIA MUNICIPAL DE COMUNICA\u00c7\u00c3O<\/strong><\/p>\n\n\n\n<p><strong>SIRLENE VIRG\u00cdLIO BUENO<\/strong><\/p>\n\n\n\n<p>\u00c9 Bacharel em Comunica\u00e7\u00e3o Social com habilita\u00e7\u00e3o em Jornalismo pela Universidade Metodista de S\u00e3o Paulo (1992). Possui especializa\u00e7\u00f5es nas \u00e1reas de Jornalismo Empresarial e Multim\u00eddia, e atualiza\u00e7\u00f5es alinhadas \u00e0s ferramentas e demandas contempor\u00e2neas da comunica\u00e7\u00e3o p\u00fablica.<\/p>\n\n\n\n<p>Iniciou sua trajet\u00f3ria na Prefeitura em 2007 como assessora de imprensa e desde 2010 \u00e9 servidora de carreira, ap\u00f3s aprova\u00e7\u00e3o em concurso p\u00fablico. Ao longo de sua carreira acompanhou a evolu\u00e7\u00e3o da estrutura administrativa da \u00e1rea, incluindo a cria\u00e7\u00e3o da Secretaria de Comunica\u00e7\u00e3o, posteriormente denominada Secretaria de Comunica\u00e7\u00e3o e Rela\u00e7\u00f5es Institucionais, e, na gest\u00e3o atual, novamente estruturada como Secretaria de Comunica\u00e7\u00e3o, pasta que passa a comandar.<\/p>\n\n\n\n<p>Com carreira integralmente dedicada \u00e0 comunica\u00e7\u00e3o, antes de ingressar no servi\u00e7o p\u00fablico trabalhou na iniciativa privada nas \u00e1reas de jornalismo corporativo, reportagem e editoria de jornais e revistas de segmentos variados.<\/p>\n","protected":false},"excerpt":{"rendered":"<p>Prefeitura apresenta novidades e destaca foco em inova\u00e7\u00e3o e efici\u00eancia nos servi\u00e7os p\u00fablicos O prefeito Dr. Cust\u00f3dio Tavares (MDB) reuniu a imprensa na manh\u00e3 desta sexta-feira (24\/4) para anunciar mudan\u00e7as no comando de tr\u00eas Secretarias Municipais. As pastas de Comunica\u00e7\u00e3o, Habita\u00e7\u00e3o e Planejamento Urbano e Engenharia passam a ter novos titulares. Na ocasi\u00e3o, tamb\u00e9m foram [&hellip;]<\/p>\n","protected":false},"author":7,"featured_media":31783,"comment_status":"closed","ping_status":"open","sticky":false,"template":"","format":"standard","meta":{"rop_custom_images_group":[],"rop_custom_messages_group":[],"rop_publish_now":"yes","rop_publish_now_accounts":[],"rop_publish_now_history":[],"rop_publish_now_status":"pending","footnotes":""},"categories":[188],"tags":[],"class_list":["post-31782","post","type-post","status-publish","format-standard","has-post-thumbnail","hentry","category-indaiatuba"],"amp_enabled":true,"_links":{"self":[{"href":"https:\/\/imais.online\/portal\/wp-json\/wp\/v2\/posts\/31782","targetHints":{"allow":["GET"]}}],"collection":[{"href":"https:\/\/imais.online\/portal\/wp-json\/wp\/v2\/posts"}],"about":[{"href":"https:\/\/imais.online\/portal\/wp-json\/wp\/v2\/types\/post"}],"author":[{"embeddable":true,"href":"https:\/\/imais.online\/portal\/wp-json\/wp\/v2\/users\/7"}],"replies":[{"embeddable":true,"href":"https:\/\/imais.online\/portal\/wp-json\/wp\/v2\/comments?post=31782"}],"version-history":[{"count":1,"href":"https:\/\/imais.online\/portal\/wp-json\/wp\/v2\/posts\/31782\/revisions"}],"predecessor-version":[{"id":31784,"href":"https:\/\/imais.online\/portal\/wp-json\/wp\/v2\/posts\/31782\/revisions\/31784"}],"wp:featuredmedia":[{"embeddable":true,"href":"https:\/\/imais.online\/portal\/wp-json\/wp\/v2\/media\/31783"}],"wp:attachment":[{"href":"https:\/\/imais.online\/portal\/wp-json\/wp\/v2\/media?parent=31782"}],"wp:term":[{"taxonomy":"category","embeddable":true,"href":"https:\/\/imais.online\/portal\/wp-json\/wp\/v2\/categories?post=31782"},{"taxonomy":"post_tag","embeddable":true,"href":"https:\/\/imais.online\/portal\/wp-json\/wp\/v2\/tags?post=31782"}],"curies":[{"name":"wp","href":"https:\/\/api.w.org\/{rel}","templated":true}]}}