{"id":31785,"date":"2026-04-27T16:02:18","date_gmt":"2026-04-27T19:02:18","guid":{"rendered":"https:\/\/imais.online\/portal\/?p=31785"},"modified":"2026-04-27T16:02:18","modified_gmt":"2026-04-27T19:02:18","slug":"dois-homens-sao-conduzidos-para-a-delegacia-por-crime-ambiental-em-area-rural-de-indaiatuba","status":"publish","type":"post","link":"https:\/\/imais.online\/portal\/dois-homens-sao-conduzidos-para-a-delegacia-por-crime-ambiental-em-area-rural-de-indaiatuba\/","title":{"rendered":"Dois homens s\u00e3o conduzidos para a delegacia por crime ambiental em \u00e1rea rural de Indaiatuba"},"content":{"rendered":"<div class=\"imais-before-content-placement\" id=\"imais-2948063790\"><script async src=\"\/\/pagead2.googlesyndication.com\/pagead\/js\/adsbygoogle.js?client=ca-pub-8787528412751566\" crossorigin=\"anonymous\"><\/script><ins class=\"adsbygoogle\" style=\"display:block;\" data-ad-client=\"ca-pub-8787528412751566\" \ndata-ad-slot=\"\" \ndata-ad-format=\"auto\"><\/ins>\n<script> \n(adsbygoogle = window.adsbygoogle || []).push({}); \n<\/script>\n<\/div>\n<p>Dois homens foram conduzidos para a delegacia de pol\u00edcia por crime ambiental na noite de sexta-feira (24). A ocorr\u00eancia foi registrada em uma \u00e1rea rural da cidade.<\/p>\n\n\n\n<p>O respons\u00e1vel por uma fazenda entrou em contato com a Guarda Civil, relatando que havia visto dois indiv\u00edduos entrando na propriedade sem autoriza\u00e7\u00e3o. Rapidamente, a equipe da viatura 148 foi enviada ao local indicado.<\/p>\n\n\n\n<p>Durante as buscas, os agentes localizaram o ve\u00edculo dos suspeitos em meio \u00e0 vegeta\u00e7\u00e3o, al\u00e9m dos dois homens nas proximidades. Questionados, eles confessaram que haviam entrado na propriedade para armar uma rede de pesca em um lago existente no local.<\/p>\n\n\n\n<p>Diante dos fatos, a dupla foi detida. A rede de pesca, com aproximadamente 20 metros, foi retirada do lago e apreendida.<\/p>\n\n\n\n<p>A ocorr\u00eancia foi apresentada na delegacia de pol\u00edcia, onde os indiv\u00edduos foram autuados com base na Lei n\u00ba 9.605\/98, conhecida como Lei de Crimes Ambientais, especificamente no artigo 34, que pro\u00edbe a pesca com m\u00e9todos n\u00e3o permitidos, como o uso de redes.<\/p>\n\n\n\n<p>O ve\u00edculo utilizado pelos indiv\u00edduos foi recolhido a um p\u00e1tio credenciado, pois apresentava irregularidades na documenta\u00e7\u00e3o, e o condutor n\u00e3o possu\u00eda habilita\u00e7\u00e3o.<\/p>\n","protected":false},"excerpt":{"rendered":"<p>Dois homens foram conduzidos para a delegacia de pol\u00edcia por crime ambiental na noite de sexta-feira (24). A ocorr\u00eancia foi registrada em uma \u00e1rea rural da cidade. O respons\u00e1vel por uma fazenda entrou em contato com a Guarda Civil, relatando que havia visto dois indiv\u00edduos entrando na propriedade sem autoriza\u00e7\u00e3o. Rapidamente, a equipe da viatura [&hellip;]<\/p>\n","protected":false},"author":7,"featured_media":31786,"comment_status":"closed","ping_status":"open","sticky":false,"template":"","format":"standard","meta":{"rop_custom_images_group":[],"rop_custom_messages_group":[],"rop_publish_now":"yes","rop_publish_now_accounts":[],"rop_publish_now_history":[],"rop_publish_now_status":"pending","footnotes":""},"categories":[188],"tags":[],"class_list":["post-31785","post","type-post","status-publish","format-standard","has-post-thumbnail","hentry","category-indaiatuba"],"amp_enabled":true,"_links":{"self":[{"href":"https:\/\/imais.online\/portal\/wp-json\/wp\/v2\/posts\/31785","targetHints":{"allow":["GET"]}}],"collection":[{"href":"https:\/\/imais.online\/portal\/wp-json\/wp\/v2\/posts"}],"about":[{"href":"https:\/\/imais.online\/portal\/wp-json\/wp\/v2\/types\/post"}],"author":[{"embeddable":true,"href":"https:\/\/imais.online\/portal\/wp-json\/wp\/v2\/users\/7"}],"replies":[{"embeddable":true,"href":"https:\/\/imais.online\/portal\/wp-json\/wp\/v2\/comments?post=31785"}],"version-history":[{"count":1,"href":"https:\/\/imais.online\/portal\/wp-json\/wp\/v2\/posts\/31785\/revisions"}],"predecessor-version":[{"id":31787,"href":"https:\/\/imais.online\/portal\/wp-json\/wp\/v2\/posts\/31785\/revisions\/31787"}],"wp:featuredmedia":[{"embeddable":true,"href":"https:\/\/imais.online\/portal\/wp-json\/wp\/v2\/media\/31786"}],"wp:attachment":[{"href":"https:\/\/imais.online\/portal\/wp-json\/wp\/v2\/media?parent=31785"}],"wp:term":[{"taxonomy":"category","embeddable":true,"href":"https:\/\/imais.online\/portal\/wp-json\/wp\/v2\/categories?post=31785"},{"taxonomy":"post_tag","embeddable":true,"href":"https:\/\/imais.online\/portal\/wp-json\/wp\/v2\/tags?post=31785"}],"curies":[{"name":"wp","href":"https:\/\/api.w.org\/{rel}","templated":true}]}}