{"id":31788,"date":"2026-04-27T16:04:08","date_gmt":"2026-04-27T19:04:08","guid":{"rendered":"https:\/\/imais.online\/portal\/?p=31788"},"modified":"2026-04-27T16:04:08","modified_gmt":"2026-04-27T19:04:08","slug":"guarda-civil-aborda-veiculo-com-queixa-de-estelionato-apos-alarme-do-muralha-paulista","status":"publish","type":"post","link":"https:\/\/imais.online\/portal\/guarda-civil-aborda-veiculo-com-queixa-de-estelionato-apos-alarme-do-muralha-paulista\/","title":{"rendered":"Guarda Civil aborda ve\u00edculo com queixa de estelionato ap\u00f3s alarme do Muralha Paulista"},"content":{"rendered":"<div class=\"imais-before-content-placement\" id=\"imais-981875939\"><script async src=\"\/\/pagead2.googlesyndication.com\/pagead\/js\/adsbygoogle.js?client=ca-pub-8787528412751566\" crossorigin=\"anonymous\"><\/script><ins class=\"adsbygoogle\" style=\"display:block;\" data-ad-client=\"ca-pub-8787528412751566\" \ndata-ad-slot=\"\" \ndata-ad-format=\"auto\"><\/ins>\n<script> \n(adsbygoogle = window.adsbygoogle || []).push({}); \n<\/script>\n<\/div>\n<p>A Guarda Civil de Indaiatuba abordou um ve\u00edculo com queixa de estelionato na tarde de sexta-feira (24). A ocorr\u00eancia foi registrada na regi\u00e3o central da cidade.<\/p>\n\n\n\n<p>O COI (Centro de Opera\u00e7\u00f5es e Intelig\u00eancia da Guarda Civil) recebeu um alerta por meio do sistema Muralha Paulista sobre um ve\u00edculo Hyundai HB20S circulando pela cidade com uma queixa de estelionato registrada na cidade de Caieiras.<\/p>\n\n\n\n<p>Imediatamente, os operadores iniciaram o monitoramento do ve\u00edculo e passaram a informar as equipes em patrulhamento sobre seu deslocamento. A equipe da ROMI conseguiu localizar e abordar o carro na Avenida Francisco de Paula Leite.<\/p>\n\n\n\n<p>Questionado, o condutor informou que havia adquirido o ve\u00edculo h\u00e1 cerca de quatro meses de um amigo, que teria garantido que a documenta\u00e7\u00e3o estava regular.<\/p>\n\n\n\n<p>Diante dos fatos, o ve\u00edculo e o condutor foram encaminhados \u00e0 delegacia de pol\u00edcia, onde foram adotadas as medidas cab\u00edveis pela autoridade judici\u00e1ria.<\/p>\n","protected":false},"excerpt":{"rendered":"<p>A Guarda Civil de Indaiatuba abordou um ve\u00edculo com queixa de estelionato na tarde de sexta-feira (24). A ocorr\u00eancia foi registrada na regi\u00e3o central da cidade. O COI (Centro de Opera\u00e7\u00f5es e Intelig\u00eancia da Guarda Civil) recebeu um alerta por meio do sistema Muralha Paulista sobre um ve\u00edculo Hyundai HB20S circulando pela cidade com uma [&hellip;]<\/p>\n","protected":false},"author":7,"featured_media":31789,"comment_status":"closed","ping_status":"open","sticky":false,"template":"","format":"standard","meta":{"rop_custom_images_group":[],"rop_custom_messages_group":[],"rop_publish_now":"yes","rop_publish_now_accounts":[],"rop_publish_now_history":[],"rop_publish_now_status":"pending","footnotes":""},"categories":[188],"tags":[],"class_list":["post-31788","post","type-post","status-publish","format-standard","has-post-thumbnail","hentry","category-indaiatuba"],"amp_enabled":true,"_links":{"self":[{"href":"https:\/\/imais.online\/portal\/wp-json\/wp\/v2\/posts\/31788","targetHints":{"allow":["GET"]}}],"collection":[{"href":"https:\/\/imais.online\/portal\/wp-json\/wp\/v2\/posts"}],"about":[{"href":"https:\/\/imais.online\/portal\/wp-json\/wp\/v2\/types\/post"}],"author":[{"embeddable":true,"href":"https:\/\/imais.online\/portal\/wp-json\/wp\/v2\/users\/7"}],"replies":[{"embeddable":true,"href":"https:\/\/imais.online\/portal\/wp-json\/wp\/v2\/comments?post=31788"}],"version-history":[{"count":1,"href":"https:\/\/imais.online\/portal\/wp-json\/wp\/v2\/posts\/31788\/revisions"}],"predecessor-version":[{"id":31790,"href":"https:\/\/imais.online\/portal\/wp-json\/wp\/v2\/posts\/31788\/revisions\/31790"}],"wp:featuredmedia":[{"embeddable":true,"href":"https:\/\/imais.online\/portal\/wp-json\/wp\/v2\/media\/31789"}],"wp:attachment":[{"href":"https:\/\/imais.online\/portal\/wp-json\/wp\/v2\/media?parent=31788"}],"wp:term":[{"taxonomy":"category","embeddable":true,"href":"https:\/\/imais.online\/portal\/wp-json\/wp\/v2\/categories?post=31788"},{"taxonomy":"post_tag","embeddable":true,"href":"https:\/\/imais.online\/portal\/wp-json\/wp\/v2\/tags?post=31788"}],"curies":[{"name":"wp","href":"https:\/\/api.w.org\/{rel}","templated":true}]}}