{"id":31793,"date":"2026-04-28T20:06:49","date_gmt":"2026-04-28T23:06:49","guid":{"rendered":"https:\/\/imais.online\/portal\/?p=31793"},"modified":"2026-04-28T20:06:50","modified_gmt":"2026-04-28T23:06:50","slug":"defesa-civil-de-indaiatuba-interdita-edificio-residencial-no-jardim-renata-apos-identificar-risco-estrutural","status":"publish","type":"post","link":"https:\/\/imais.online\/portal\/defesa-civil-de-indaiatuba-interdita-edificio-residencial-no-jardim-renata-apos-identificar-risco-estrutural\/","title":{"rendered":"Defesa Civil de Indaiatuba interdita edif\u00edcio residencial no Jardim Renata ap\u00f3s identificar risco estrutural"},"content":{"rendered":"<div class=\"imais-before-content-placement\" id=\"imais-3641040715\"><script async src=\"\/\/pagead2.googlesyndication.com\/pagead\/js\/adsbygoogle.js?client=ca-pub-8787528412751566\" crossorigin=\"anonymous\"><\/script><ins class=\"adsbygoogle\" style=\"display:block;\" data-ad-client=\"ca-pub-8787528412751566\" \ndata-ad-slot=\"\" \ndata-ad-format=\"auto\"><\/ins>\n<script> \n(adsbygoogle = window.adsbygoogle || []).push({}); \n<\/script>\n<\/div>\n<p class=\"has-text-align-center\">Moradores de pr\u00e9dio com 36 apartamentos foram notificados para deixar o local em at\u00e9 15 dias ap\u00f3s vistoria apontar trincas e movimenta\u00e7\u00f5es na estrutura.<\/p>\n\n\n\n<p>A Defesa Civil de Indaiatuba interditou um pr\u00e9dio residencial localizado na Rua das Cam\u00e9lias, no Jardim Renata, ap\u00f3s identificar riscos estruturais no im\u00f3vel. A medida foi adotada ap\u00f3s vistoria t\u00e9cnica realizada no local e prev\u00ea a desocupa\u00e7\u00e3o total do edif\u00edcio, que possui 36 apartamentos.<\/p>\n\n\n\n<p>Os moradores foram notificados na \u00faltima sexta-feira (24) e dever\u00e3o deixar os im\u00f3veis no prazo de 10 a 15 dias. Segundo a Defesa Civil, o per\u00edodo poder\u00e1 ser reduzido caso haja agravamento das condi\u00e7\u00f5es estruturais do pr\u00e9dio.<\/p>\n\n\n\n<p>A vistoria foi realizada ap\u00f3s den\u00fancia de um morador. Durante a inspe\u00e7\u00e3o, t\u00e9cnicos identificaram trincas e movimenta\u00e7\u00f5es na estrutura do edif\u00edcio, o que motivou a interdi\u00e7\u00e3o imediata por risco \u00e0 seguran\u00e7a dos moradores.<\/p>\n\n\n\n<p>O pr\u00e9dio tem 13 anos de constru\u00e7\u00e3o. De acordo com as empresas respons\u00e1veis pelo empreendimento, os problemas apontados em 2026 j\u00e1 haviam sido identificados em vistorias anteriores, realizadas em 2017 e 2019.<\/p>\n\n\n\n<p>As construtoras informaram que, em 2022, foi firmado um acordo judicial com os moradores, estabelecendo o pagamento de indeniza\u00e7\u00e3o ao condom\u00ednio, que passou a ser respons\u00e1vel pela administra\u00e7\u00e3o e execu\u00e7\u00e3o das obras de reparo no edif\u00edcio. Segundo as empresas, o repasse dos valores foi conclu\u00eddo em 2025.<\/p>\n\n\n\n<p>Em nota, as empresas A. Pinheiro Administra\u00e7\u00e3o de Bens Ltda., LLP Participa\u00e7\u00f5es e Empreendimentos Imobili\u00e1rios Ltda. e RPS Im\u00f3veis Eireli afirmaram lamentar a situa\u00e7\u00e3o enfrentada pelos moradores e manifestaram solidariedade \u00e0s fam\u00edlias. No entanto, sustentam que, conforme acordo judicial homologado, a responsabilidade t\u00e9cnica e financeira pelas interven\u00e7\u00f5es e pela manuten\u00e7\u00e3o da seguran\u00e7a estrutural do pr\u00e9dio passou a ser integralmente do condom\u00ednio.<\/p>\n","protected":false},"excerpt":{"rendered":"<p>Moradores de pr\u00e9dio com 36 apartamentos foram notificados para deixar o local em at\u00e9 15 dias ap\u00f3s vistoria apontar trincas e movimenta\u00e7\u00f5es na estrutura. A Defesa Civil de Indaiatuba interditou um pr\u00e9dio residencial localizado na Rua das Cam\u00e9lias, no Jardim Renata, ap\u00f3s identificar riscos estruturais no im\u00f3vel. A medida foi adotada ap\u00f3s vistoria t\u00e9cnica realizada [&hellip;]<\/p>\n","protected":false},"author":7,"featured_media":31794,"comment_status":"closed","ping_status":"open","sticky":false,"template":"","format":"standard","meta":{"rop_custom_images_group":[],"rop_custom_messages_group":[],"rop_publish_now":"yes","rop_publish_now_accounts":[],"rop_publish_now_history":[],"rop_publish_now_status":"pending","footnotes":""},"categories":[188],"tags":[73],"class_list":["post-31793","post","type-post","status-publish","format-standard","has-post-thumbnail","hentry","category-indaiatuba","tag-featured"],"amp_enabled":true,"_links":{"self":[{"href":"https:\/\/imais.online\/portal\/wp-json\/wp\/v2\/posts\/31793","targetHints":{"allow":["GET"]}}],"collection":[{"href":"https:\/\/imais.online\/portal\/wp-json\/wp\/v2\/posts"}],"about":[{"href":"https:\/\/imais.online\/portal\/wp-json\/wp\/v2\/types\/post"}],"author":[{"embeddable":true,"href":"https:\/\/imais.online\/portal\/wp-json\/wp\/v2\/users\/7"}],"replies":[{"embeddable":true,"href":"https:\/\/imais.online\/portal\/wp-json\/wp\/v2\/comments?post=31793"}],"version-history":[{"count":1,"href":"https:\/\/imais.online\/portal\/wp-json\/wp\/v2\/posts\/31793\/revisions"}],"predecessor-version":[{"id":31795,"href":"https:\/\/imais.online\/portal\/wp-json\/wp\/v2\/posts\/31793\/revisions\/31795"}],"wp:featuredmedia":[{"embeddable":true,"href":"https:\/\/imais.online\/portal\/wp-json\/wp\/v2\/media\/31794"}],"wp:attachment":[{"href":"https:\/\/imais.online\/portal\/wp-json\/wp\/v2\/media?parent=31793"}],"wp:term":[{"taxonomy":"category","embeddable":true,"href":"https:\/\/imais.online\/portal\/wp-json\/wp\/v2\/categories?post=31793"},{"taxonomy":"post_tag","embeddable":true,"href":"https:\/\/imais.online\/portal\/wp-json\/wp\/v2\/tags?post=31793"}],"curies":[{"name":"wp","href":"https:\/\/api.w.org\/{rel}","templated":true}]}}