{"id":31796,"date":"2026-04-28T20:11:47","date_gmt":"2026-04-28T23:11:47","guid":{"rendered":"https:\/\/imais.online\/portal\/?p=31796"},"modified":"2026-04-28T20:11:47","modified_gmt":"2026-04-28T23:11:47","slug":"a-voz-que-conquistou-o-brasil-maria-perola-traz-espetaculo-premiado-a-indaiatuba-dia-02-de-maio","status":"publish","type":"post","link":"https:\/\/imais.online\/portal\/a-voz-que-conquistou-o-brasil-maria-perola-traz-espetaculo-premiado-a-indaiatuba-dia-02-de-maio\/","title":{"rendered":"A voz que conquistou o Brasil: Maria P\u00e9rola traz espet\u00e1culo premiado a Indaiatuba dia 02 de maio"},"content":{"rendered":"<div class=\"imais-before-content-placement\" id=\"imais-1591044089\"><script async src=\"\/\/pagead2.googlesyndication.com\/pagead\/js\/adsbygoogle.js?client=ca-pub-8787528412751566\" crossorigin=\"anonymous\"><\/script><ins class=\"adsbygoogle\" style=\"display:block;\" data-ad-client=\"ca-pub-8787528412751566\" \ndata-ad-slot=\"\" \ndata-ad-format=\"auto\"><\/ins>\n<script> \n(adsbygoogle = window.adsbygoogle || []).push({}); \n<\/script>\n<\/div>\n<p class=\"has-text-align-center\"><em>Com trajet\u00f3ria laureada ao lado de \u00edcones como Leci Brand\u00e3o e Criolo, cantora pernambucana apresenta o show &#8220;Coisa de Pele&#8221; no Ciaei<\/em><\/p>\n\n\n\n<p>No dia 02 de maio (s\u00e1bado), \u00e0s 20h, o Teatro CIAEI ser\u00e1 palco de uma das vozes mais potentes e reconhecidas da nova MPB. A cantora e compositora Maria P\u00e9rola apresenta o espet\u00e1culo \u201cCoisa de Pele\u201d, uma performance visceral que une a for\u00e7a da mulher nordestina a um repert\u00f3rio autoral que \u00e9 puro manifesto e resist\u00eancia. Nascida em Jaboat\u00e3o dos Guararapes (PE), a artista faz o que define como \u201cM\u00fasica Popular Perif\u00e9rica\u201d, transformando temas como o combate ao racismo e o feminismo em poesia e melodia.<\/p>\n\n\n\n<p>A qualidade art\u00edstica de Maria P\u00e9rola \u00e9 chancelada por uma trajet\u00f3ria de conquistas expressivas em todo o pa\u00eds. O reconhecimento nacional ganhou for\u00e7a em 2019, quando a artista venceu o Pr\u00eamio Suburbano Convicto na categoria &#8220;M\u00fasico&#8221;, dividindo o prest\u00edgio com grandes nomes como Leci Brand\u00e3o, Tha\u00edde e Criolo. Sua capacidade interpretativa foi novamente consagrada em 2021, ao ser eleita Melhor Cantora no Pr\u00eamio Lollo Terra de MPB. Sua escrita afiada tamb\u00e9m coleciona trof\u00e9us: entre 2023 e 2025, a composi\u00e7\u00e3o \u201cMulher Carcar\u00e1\u201d foi eleita a melhor letra em festivais em S\u00e3o Paulo e Minas Gerais, enquanto a can\u00e7\u00e3o \u201cCorredeira\u201d conquistou o primeiro lugar geral no Festival de M\u00fasica de Itupeva em 2025. Mais recentemente, a artista foi destaque no FEMUCIC, tradicional festival do Paran\u00e1.<\/p>\n\n\n\n<p>No espet\u00e1culo \u201cCoisa de Pele\u201d, que tamb\u00e9m conta com tradu\u00e7\u00e3o e interpreta\u00e7\u00e3o em Libras, Maria P\u00e9rola prop\u00f5e uma experi\u00eancia que vai al\u00e9m do entretenimento. O show conta com a dire\u00e7\u00e3o de Dino Barioni, cenografia de Natania Borges e coordena\u00e7\u00e3o e produ\u00e7\u00e3o de Petterson Mello. \u00c9 um convite para prestigiar a identidade de quem faz da arte um espa\u00e7o de fala e transforma\u00e7\u00e3o. Com entrada gratuita, a apresenta\u00e7\u00e3o promete emocionar o p\u00fablico de Indaiatuba com uma interpreta\u00e7\u00e3o carregada de verdade e ancestralidade.<\/p>\n\n\n\n<p><strong>Servi\u00e7o<\/strong><\/p>\n\n\n\n<p><strong>Maria P\u00e9rola \u2013 Show \u201cCoisa de Pele\u201d<\/strong><\/p>\n\n\n\n<p><strong>Data:<\/strong> 02 de maio (S\u00e1bado)<\/p>\n\n\n\n<p><strong>Hor\u00e1rio:<\/strong> 20h<\/p>\n\n\n\n<p><strong>Local:<\/strong> Ciaei &#8211; Av. Eng. F\u00e1bio Roberto Barnab\u00e9, 3665 &#8211; Jd. Regina<\/p>\n\n\n\n<p><strong>Entrada:<\/strong> Gratuita<\/p>\n\n\n\n<p><strong>Acessibilidade: <\/strong>Libras<\/p>\n\n\n\n<p><strong>Classifica\u00e7\u00e3o Indicativa:<\/strong> 12 anos<\/p>\n\n\n\n<p><\/p>\n","protected":false},"excerpt":{"rendered":"<p>Com trajet\u00f3ria laureada ao lado de \u00edcones como Leci Brand\u00e3o e Criolo, cantora pernambucana apresenta o show &#8220;Coisa de Pele&#8221; no Ciaei No dia 02 de maio (s\u00e1bado), \u00e0s 20h, o Teatro CIAEI ser\u00e1 palco de uma das vozes mais potentes e reconhecidas da nova MPB. A cantora e compositora Maria P\u00e9rola apresenta o espet\u00e1culo [&hellip;]<\/p>\n","protected":false},"author":7,"featured_media":31797,"comment_status":"closed","ping_status":"open","sticky":false,"template":"","format":"standard","meta":{"rop_custom_images_group":[],"rop_custom_messages_group":[],"rop_publish_now":"yes","rop_publish_now_accounts":[],"rop_publish_now_history":[],"rop_publish_now_status":"pending","footnotes":""},"categories":[188],"tags":[],"class_list":["post-31796","post","type-post","status-publish","format-standard","has-post-thumbnail","hentry","category-indaiatuba"],"amp_enabled":true,"_links":{"self":[{"href":"https:\/\/imais.online\/portal\/wp-json\/wp\/v2\/posts\/31796","targetHints":{"allow":["GET"]}}],"collection":[{"href":"https:\/\/imais.online\/portal\/wp-json\/wp\/v2\/posts"}],"about":[{"href":"https:\/\/imais.online\/portal\/wp-json\/wp\/v2\/types\/post"}],"author":[{"embeddable":true,"href":"https:\/\/imais.online\/portal\/wp-json\/wp\/v2\/users\/7"}],"replies":[{"embeddable":true,"href":"https:\/\/imais.online\/portal\/wp-json\/wp\/v2\/comments?post=31796"}],"version-history":[{"count":1,"href":"https:\/\/imais.online\/portal\/wp-json\/wp\/v2\/posts\/31796\/revisions"}],"predecessor-version":[{"id":31798,"href":"https:\/\/imais.online\/portal\/wp-json\/wp\/v2\/posts\/31796\/revisions\/31798"}],"wp:featuredmedia":[{"embeddable":true,"href":"https:\/\/imais.online\/portal\/wp-json\/wp\/v2\/media\/31797"}],"wp:attachment":[{"href":"https:\/\/imais.online\/portal\/wp-json\/wp\/v2\/media?parent=31796"}],"wp:term":[{"taxonomy":"category","embeddable":true,"href":"https:\/\/imais.online\/portal\/wp-json\/wp\/v2\/categories?post=31796"},{"taxonomy":"post_tag","embeddable":true,"href":"https:\/\/imais.online\/portal\/wp-json\/wp\/v2\/tags?post=31796"}],"curies":[{"name":"wp","href":"https:\/\/api.w.org\/{rel}","templated":true}]}}