{"id":31799,"date":"2026-04-28T20:13:44","date_gmt":"2026-04-28T23:13:44","guid":{"rendered":"https:\/\/imais.online\/portal\/?p=31799"},"modified":"2026-04-28T20:13:44","modified_gmt":"2026-04-28T23:13:44","slug":"indaiatuba-se-destaca-no-paraciclismo-e-tem-representantes-convocados-para-a-copa-do-mundo-na-italia","status":"publish","type":"post","link":"https:\/\/imais.online\/portal\/indaiatuba-se-destaca-no-paraciclismo-e-tem-representantes-convocados-para-a-copa-do-mundo-na-italia\/","title":{"rendered":"Indaiatuba se destaca no paraciclismo e tem representantes convocados para a Copa do Mundo na It\u00e1lia"},"content":{"rendered":"<div class=\"imais-before-content-placement\" id=\"imais-3115914704\"><script async src=\"\/\/pagead2.googlesyndication.com\/pagead\/js\/adsbygoogle.js?client=ca-pub-8787528412751566\" crossorigin=\"anonymous\"><\/script><ins class=\"adsbygoogle\" style=\"display:block;\" data-ad-client=\"ca-pub-8787528412751566\" \ndata-ad-slot=\"\" \ndata-ad-format=\"auto\"><\/ins>\n<script> \n(adsbygoogle = window.adsbygoogle || []).push({}); \n<\/script>\n<\/div>\n<p class=\"has-text-align-center\"><em>Delega\u00e7\u00e3o conta com representantes da cidade e embarca no dia 2 de maio para disputar competi\u00e7\u00e3o internacional em Montesilvano<\/em><\/p>\n\n\n\n<p>A Prefeitura de Indaiatuba, por meio da Secretaria Municipal de Esportes, celebra a convoca\u00e7\u00e3o de atletas e profissionais da cidade para integrar a sele\u00e7\u00e3o brasileira que disputar\u00e1 a etapa da Copa do Mundo de Paraciclismo de Estrada, que ser\u00e1 realizada na It\u00e1lia, na cidade de Montesilvano.<\/p>\n\n\n\n<p>Representando Indaiatuba, a comiss\u00e3o t\u00e9cnica conta com Armando Camargo Filho, como t\u00e9cnico, Oswaldo Luiz Bertoli Junior, como auxiliar t\u00e9cnico, e Adilson Martins de Oliveira, como mec\u00e2nico. J\u00e1 entre os atletas convocados est\u00e3o Carlos Alberto Gomes Soares, Endrigo Pereira e Alan Maniezzo.<\/p>\n\n\n\n<p>Ao todo, a sele\u00e7\u00e3o brasileira ser\u00e1 composta por 40 atletas, distribu\u00eddos em diferentes classes, refor\u00e7ando o alto n\u00edvel t\u00e9cnico da equipe que representar\u00e1 o pa\u00eds na competi\u00e7\u00e3o internacional.<\/p>\n\n\n\n<p>A delega\u00e7\u00e3o brasileira embarca para a It\u00e1lia no dia 2 de maio. As competi\u00e7\u00f5es acontecem entre os dias 7 e 10 de maio, na cidade de Montesilvano. O retorno ao Brasil est\u00e1 previsto para o dia 12 de maio de 2026.<\/p>\n\n\n\n<p>Para o secret\u00e1rio municipal de Esportes, Marcos Ant\u00f4nio de Moraes, o Marquinhos, a convoca\u00e7\u00e3o \u00e9 motivo de orgulho para toda a cidade. \u201cIndaiatuba tem um hist\u00f3rico muito forte no esporte de alto rendimento, e ver nossos atletas e profissionais representando o Brasil em uma competi\u00e7\u00e3o mundial refor\u00e7a que estamos no caminho certo. \u00c9 resultado de muito trabalho, dedica\u00e7\u00e3o e investimento no esporte. Desejamos sucesso a toda a delega\u00e7\u00e3o\u201d, destacou.<\/p>\n\n\n\n<p>A participa\u00e7\u00e3o dos representantes de Indaiatuba em uma competi\u00e7\u00e3o de n\u00edvel mundial refor\u00e7a o compromisso do munic\u00edpio com o incentivo ao esporte e o desenvolvimento de atletas de alto rendimento, levando o nome da cidade para o cen\u00e1rio internacional.<\/p>\n","protected":false},"excerpt":{"rendered":"<p>Delega\u00e7\u00e3o conta com representantes da cidade e embarca no dia 2 de maio para disputar competi\u00e7\u00e3o internacional em Montesilvano A Prefeitura de Indaiatuba, por meio da Secretaria Municipal de Esportes, celebra a convoca\u00e7\u00e3o de atletas e profissionais da cidade para integrar a sele\u00e7\u00e3o brasileira que disputar\u00e1 a etapa da Copa do Mundo de Paraciclismo de [&hellip;]<\/p>\n","protected":false},"author":7,"featured_media":31800,"comment_status":"closed","ping_status":"open","sticky":false,"template":"","format":"standard","meta":{"rop_custom_images_group":[],"rop_custom_messages_group":[],"rop_publish_now":"yes","rop_publish_now_accounts":[],"rop_publish_now_history":[],"rop_publish_now_status":"pending","footnotes":""},"categories":[188],"tags":[],"class_list":["post-31799","post","type-post","status-publish","format-standard","has-post-thumbnail","hentry","category-indaiatuba"],"amp_enabled":true,"_links":{"self":[{"href":"https:\/\/imais.online\/portal\/wp-json\/wp\/v2\/posts\/31799","targetHints":{"allow":["GET"]}}],"collection":[{"href":"https:\/\/imais.online\/portal\/wp-json\/wp\/v2\/posts"}],"about":[{"href":"https:\/\/imais.online\/portal\/wp-json\/wp\/v2\/types\/post"}],"author":[{"embeddable":true,"href":"https:\/\/imais.online\/portal\/wp-json\/wp\/v2\/users\/7"}],"replies":[{"embeddable":true,"href":"https:\/\/imais.online\/portal\/wp-json\/wp\/v2\/comments?post=31799"}],"version-history":[{"count":1,"href":"https:\/\/imais.online\/portal\/wp-json\/wp\/v2\/posts\/31799\/revisions"}],"predecessor-version":[{"id":31801,"href":"https:\/\/imais.online\/portal\/wp-json\/wp\/v2\/posts\/31799\/revisions\/31801"}],"wp:featuredmedia":[{"embeddable":true,"href":"https:\/\/imais.online\/portal\/wp-json\/wp\/v2\/media\/31800"}],"wp:attachment":[{"href":"https:\/\/imais.online\/portal\/wp-json\/wp\/v2\/media?parent=31799"}],"wp:term":[{"taxonomy":"category","embeddable":true,"href":"https:\/\/imais.online\/portal\/wp-json\/wp\/v2\/categories?post=31799"},{"taxonomy":"post_tag","embeddable":true,"href":"https:\/\/imais.online\/portal\/wp-json\/wp\/v2\/tags?post=31799"}],"curies":[{"name":"wp","href":"https:\/\/api.w.org\/{rel}","templated":true}]}}