{"id":31808,"date":"2026-04-29T10:19:36","date_gmt":"2026-04-29T13:19:36","guid":{"rendered":"https:\/\/imais.online\/portal\/?p=31808"},"modified":"2026-04-29T10:19:36","modified_gmt":"2026-04-29T13:19:36","slug":"socorro-sp-destino-que-se-conecta-com-a-natureza","status":"publish","type":"post","link":"https:\/\/imais.online\/portal\/socorro-sp-destino-que-se-conecta-com-a-natureza\/","title":{"rendered":"Socorro (SP) destino que se conecta com a natureza"},"content":{"rendered":"<div class=\"imais-before-content-placement\" id=\"imais-3554979382\"><script async src=\"\/\/pagead2.googlesyndication.com\/pagead\/js\/adsbygoogle.js?client=ca-pub-8787528412751566\" crossorigin=\"anonymous\"><\/script><ins class=\"adsbygoogle\" style=\"display:block;\" data-ad-client=\"ca-pub-8787528412751566\" \ndata-ad-slot=\"\" \ndata-ad-format=\"auto\"><\/ins>\n<script> \n(adsbygoogle = window.adsbygoogle || []).push({}); \n<\/script>\n<\/div>\n<p class=\"has-text-align-center\"><em>A busca pelo sil\u00eancio, bem-estar e experi\u00eancias ao ar livre est\u00e1 cada vez mais em alta no turismo<\/em><\/p>\n\n\n\n<p>Longe de destinos aglomerados, filas e muito barulho, turistas buscam ref\u00fagios para silenciarem e se conectarem com a natureza. Nos \u00faltimos dois anos, registrou-se no Brasil o recorde de 25,5 milh\u00f5es de visitantes em \u00e1reas protegidas atra\u00eddas pelo ecoturismo.<\/p>\n\n\n\n<p>Localizada aos p\u00e9s da Serra da Mantiqueira, rodeada por cadeias de montanhas, cachoeiras, rios e uma vasta biodiversidade, Socorro tem cen\u00e1rios privilegiados, tornando a cidade um destino ideal para quem busca o turismo de natureza e ecoturismo.<\/p>\n\n\n\n<p>Seu slogan \u201cCaminhos da Natureza\u201d traduz perfeitamente sua ess\u00eancia e voca\u00e7\u00e3o. A cidade portal do Circuito das \u00c1guas Paulista combina natureza exuberante, clima de montanha e turismo sustent\u00e1vel, tendo como atrativos trilhas ecol\u00f3gicas, cachoeiras, mirantes e paisagens que revelam a harmonia entre o homem e o meio ambiente.<\/p>\n\n\n\n<p>Socorro oferece tamb\u00e9m o turismo sustent\u00e1vel e de aventura no meio da natureza, proporcionando experi\u00eancias aut\u00eanticas e conscientes aos visitantes, integrando turismo, preserva\u00e7\u00e3o ambiental e desenvolvimento local.<\/p>\n\n\n\n<p><strong>Dicas imperd\u00edveis de ecoturismo e de bem-estar<\/strong><\/p>\n\n\n\n<p><strong>Saint Sunset<\/strong> (@saint_sunset): Complexo tur\u00edstico em meio a natureza com cachoeira para se refrescar, banhar-se no lago, contemplar a paisagem sentado em uma pedra, relaxar em uma rede e degustar receitas locais preparadas no restaurante do local com vista deslumbrante para cachoeira. Simplesmente esquecer o agito e apertar a tecla \u201cslow\u201d.<\/p>\n\n\n\n<p><strong>Camping Boaretto<\/strong> (@campingboaretto): se destaca como um dos destinos mais completos para quem busca viv\u00eancias de ecoturismo aliadas ao conforto e \u00e0 tranquilidade. O espa\u00e7o proporciona uma imers\u00e3o genu\u00edna no ambiente natural com trilhas ecol\u00f3gicas autoguiadas que conduzem os visitantes a diversas cachoeiras formadas por nascentes de \u00e1guas cristalinas. Ao longo do percurso, o visitante encontra cen\u00e1rios ideais para contempla\u00e7\u00e3o e fotografia, incluindo um mirante com vista privilegiada da regi\u00e3o. No local h\u00e1 uma estrutura completa para camping.<\/p>\n\n\n\n<p><strong>Banho de Floresta<\/strong> (@espacoterapeuticocunhata): \u00c9 uma pr\u00e1tica terap\u00eautica conduzida pela psic\u00f3loga e terapeuta Aline Melissa, consiste em caminhar em meio a natureza e aproveitar os benef\u00edcios que ela proporciona para sua sa\u00fade f\u00edsica, mental, emocional e energ\u00e9tica. Durante o banho todos os sentidos s\u00e3o agu\u00e7ados fazendo com que se entre em sintonia com a natureza e se autorregule. Essa pr\u00e1tica ajuda a melhorar a concentra\u00e7\u00e3o, reduzir press\u00e3o arterial, fortalecer o sistema imunol\u00f3gico entre in\u00fameros benef\u00edcios.<\/p>\n\n\n\n<figure class=\"wp-block-image size-large\"><img loading=\"lazy\" decoding=\"async\" width=\"1024\" height=\"497\" src=\"https:\/\/imais.online\/portal\/wp-content\/uploads\/2026\/04\/Banho-de-Floresta-Foto-divulgacao-3--1024x497.jpg\" alt=\"\" class=\"wp-image-31810\" srcset=\"https:\/\/imais.online\/portal\/wp-content\/uploads\/2026\/04\/Banho-de-Floresta-Foto-divulgacao-3--1024x497.jpg 1024w, https:\/\/imais.online\/portal\/wp-content\/uploads\/2026\/04\/Banho-de-Floresta-Foto-divulgacao-3--300x146.jpg 300w, https:\/\/imais.online\/portal\/wp-content\/uploads\/2026\/04\/Banho-de-Floresta-Foto-divulgacao-3--768x373.jpg 768w, https:\/\/imais.online\/portal\/wp-content\/uploads\/2026\/04\/Banho-de-Floresta-Foto-divulgacao-3--1536x746.jpg 1536w, https:\/\/imais.online\/portal\/wp-content\/uploads\/2026\/04\/Banho-de-Floresta-Foto-divulgacao-3-.jpg 1600w\" sizes=\"auto, (max-width: 1024px) 100vw, 1024px\" \/><\/figure>\n\n\n\n<p>Foto: divulga\u00e7\u00e3o<br><\/p>\n\n\n\n<p><strong>Pr\u00f3ximaventura Cannoar<\/strong> (@proximaventura): <em>Passeio Ecol\u00f3gico de Bote no Rio do Peixe<\/em> com cerca de 3,5 km, o percurso \u00e9 interativo, apreciando a vida silvestre, p\u00e1ssaros e at\u00e9 capivaras. Contempla\u00e7\u00e3o da mata ciliar, contato com a natureza em trecho urbano e contribuir para o fortalecimento da cultura de vida ao ar livre. <em>&nbsp;Caminhada de Montanha<\/em> \u00e9 uma atividade vers\u00e1til, com o objetivo de alcan\u00e7ar o cume da montanha, acima dos 1000 metros de altitude, visitando as cachoeiras da \u201cPrainha\u201d e das Borboletas, cravada em uma forma\u00e7\u00e3o rochosa, com um lageado natural. O passeio inclui tamb\u00e9m subida \u00e0 Pedra do Gavi\u00e3o. A atividade \u00e9 uma viv\u00eancia \u00fanica, partindo de 880 metros em rela\u00e7\u00e3o ao n\u00edvel do Mar e chegando a 1020, que coloca os participantes em uma sinergia total com a natureza e o ambiente de montanha.<\/p>\n\n\n\n<p><strong>Aui Maue<\/strong> (@auimaueaventura): Passeios em meio a natureza pela trilha Parapir\u00e1, beirando o rio do Peixe e visita \u00e0 cachoeira Cantinho do C\u00e9u. Ambos s\u00e3o guiados e t\u00eam dura\u00e7\u00e3o de 2 horas.<\/p>\n\n\n\n<p><strong>Ora Road<\/strong> (@passeios_oraroad): oferece a voc\u00ea roteiros de quadriciclos, motos de trilha e gaiolas off road, atrav\u00e9s de uma experi\u00eancia inesquec\u00edvel no caminho tur\u00edstico do Orat\u00f3rio, com visitas a cachoeiras, passeios em montanhas com paisagens e vistas lind\u00edssimas, passando por cafezais e alambique<\/p>\n\n\n\n<p><strong>Kango Jango<\/strong> (@kangojangoorafting): Trilhas dentro do parque e um dos principais atrativos \u00e9 o arvorismo com desafios em copas de \u00e1rvores com passagens por ilhas fluviais. \u00c9 um verdadeiro o\u00e1sis \u00e0s margens do rio do Peixe.<\/p>\n\n\n\n<p>Contempla\u00e7\u00e3o do P\u00f4r do Sol: Mirantes e picos n\u00e3o faltam em Socorro para contemplar o astro Rei. Na <strong>@pedrabelavista<\/strong> a 1200 metros de altitude o cen\u00e1rio \u00e9 deslumbrante e ao anoitecer a cidade est\u00e1 toda iluminada no vale. No <strong>@picodacascavel<\/strong> tamb\u00e9m a 1200m de altitude e de onde h\u00e1 pr\u00e1tica de voo livre o p\u00f4r do Sol ilumina os pilotos. E no <strong>@hotelfazendacolinadossonhos<\/strong> acontece uma emocionante cerim\u00f4nia de despedida do Sol.<\/p>\n\n\n\n<figure class=\"wp-block-image size-large\"><img loading=\"lazy\" decoding=\"async\" width=\"1024\" height=\"1024\" src=\"https:\/\/imais.online\/portal\/wp-content\/uploads\/2026\/04\/Socorro-Encontro-da-Aventura-Voo-livre-2--1024x1024.jpg\" alt=\"\" class=\"wp-image-31811\" srcset=\"https:\/\/imais.online\/portal\/wp-content\/uploads\/2026\/04\/Socorro-Encontro-da-Aventura-Voo-livre-2--1024x1024.jpg 1024w, https:\/\/imais.online\/portal\/wp-content\/uploads\/2026\/04\/Socorro-Encontro-da-Aventura-Voo-livre-2--300x300.jpg 300w, https:\/\/imais.online\/portal\/wp-content\/uploads\/2026\/04\/Socorro-Encontro-da-Aventura-Voo-livre-2--150x150.jpg 150w, https:\/\/imais.online\/portal\/wp-content\/uploads\/2026\/04\/Socorro-Encontro-da-Aventura-Voo-livre-2--768x768.jpg 768w, https:\/\/imais.online\/portal\/wp-content\/uploads\/2026\/04\/Socorro-Encontro-da-Aventura-Voo-livre-2--80x80.jpg 80w, https:\/\/imais.online\/portal\/wp-content\/uploads\/2026\/04\/Socorro-Encontro-da-Aventura-Voo-livre-2-.jpg 1280w\" sizes=\"auto, (max-width: 1024px) 100vw, 1024px\" \/><\/figure>\n\n\n\n<p>Foto: divulga\u00e7\u00e3o<br><\/p>\n\n\n\n<p><strong>Hospedagem em meio ao sil\u00eancio<\/strong><\/p>\n\n\n\n<p>Buscar um ref\u00fagio para se desconectar do corre-corre urbano e do universo digital \u00e9 o novo luxo para quem busca silenciar. Em Socorro, h\u00e1 hospedagens que oferecem aos h\u00f3spedes o verdadeiro descansar, sem demandas de atividades e recrea\u00e7\u00f5es interativas, apenas o relaxar em contato com a natureza.<\/p>\n\n\n\n<p><strong>@pousadamirantedosadelphos<\/strong> \u2013 Localizada no alto da montanha \u00e9 uma pousada butique dedicada a casais ou pessoas solos. Com apenas 8 quartos, piscina, espa\u00e7o para massagem, uma saleta com adega de vinhos, trilhas e cachoeiras dentro da propriedade e um mirante, a proposta \u00e9 a contempla\u00e7\u00e3o e a introspe\u00e7\u00e3o.<\/p>\n\n\n\n<p><strong>@pousadasonsdosilencio<\/strong> \u2013 O nome sugestivo \u00e9 real. A pousada fica em um vale em meio \u00e0 natureza, possui lago, mina d\u2019\u00e1gua, um cantinho de medita\u00e7\u00e3o, chal\u00e9s com vista para jardins e morros. O sil\u00eancio \u00e9 predominante, os sons que prevalecem s\u00e3o os da natureza. N\u00e3o h\u00e1 recrea\u00e7\u00e3o infantil.<\/p>\n\n\n\n<p><strong>@campingvalledasaguas<\/strong> \u2013 Espa\u00e7o para barracas e motor home, inserido em ambiente rural para quem busca descanso e tranquilidade. No local n\u00e3o \u00e9 permitido nenhum tipo de som (caixa ou automotivo).<\/p>\n","protected":false},"excerpt":{"rendered":"<p>A busca pelo sil\u00eancio, bem-estar e experi\u00eancias ao ar livre est\u00e1 cada vez mais em alta no turismo Longe de destinos aglomerados, filas e muito barulho, turistas buscam ref\u00fagios para silenciarem e se conectarem com a natureza. Nos \u00faltimos dois anos, registrou-se no Brasil o recorde de 25,5 milh\u00f5es de visitantes em \u00e1reas protegidas atra\u00eddas [&hellip;]<\/p>\n","protected":false},"author":7,"featured_media":31809,"comment_status":"closed","ping_status":"open","sticky":false,"template":"","format":"standard","meta":{"rop_custom_images_group":[],"rop_custom_messages_group":[],"rop_publish_now":"yes","rop_publish_now_accounts":[],"rop_publish_now_history":[],"rop_publish_now_status":"pending","footnotes":""},"categories":[230],"tags":[],"class_list":["post-31808","post","type-post","status-publish","format-standard","has-post-thumbnail","hentry","category-interior"],"amp_enabled":true,"_links":{"self":[{"href":"https:\/\/imais.online\/portal\/wp-json\/wp\/v2\/posts\/31808","targetHints":{"allow":["GET"]}}],"collection":[{"href":"https:\/\/imais.online\/portal\/wp-json\/wp\/v2\/posts"}],"about":[{"href":"https:\/\/imais.online\/portal\/wp-json\/wp\/v2\/types\/post"}],"author":[{"embeddable":true,"href":"https:\/\/imais.online\/portal\/wp-json\/wp\/v2\/users\/7"}],"replies":[{"embeddable":true,"href":"https:\/\/imais.online\/portal\/wp-json\/wp\/v2\/comments?post=31808"}],"version-history":[{"count":1,"href":"https:\/\/imais.online\/portal\/wp-json\/wp\/v2\/posts\/31808\/revisions"}],"predecessor-version":[{"id":31812,"href":"https:\/\/imais.online\/portal\/wp-json\/wp\/v2\/posts\/31808\/revisions\/31812"}],"wp:featuredmedia":[{"embeddable":true,"href":"https:\/\/imais.online\/portal\/wp-json\/wp\/v2\/media\/31809"}],"wp:attachment":[{"href":"https:\/\/imais.online\/portal\/wp-json\/wp\/v2\/media?parent=31808"}],"wp:term":[{"taxonomy":"category","embeddable":true,"href":"https:\/\/imais.online\/portal\/wp-json\/wp\/v2\/categories?post=31808"},{"taxonomy":"post_tag","embeddable":true,"href":"https:\/\/imais.online\/portal\/wp-json\/wp\/v2\/tags?post=31808"}],"curies":[{"name":"wp","href":"https:\/\/api.w.org\/{rel}","templated":true}]}}