{"id":31817,"date":"2026-04-29T16:39:57","date_gmt":"2026-04-29T19:39:57","guid":{"rendered":"https:\/\/imais.online\/portal\/?p=31817"},"modified":"2026-04-29T16:39:57","modified_gmt":"2026-04-29T19:39:57","slug":"12a-edicao-da-feind-traz-encontro-de-negocios-e-arena-do-conhecimento","status":"publish","type":"post","link":"https:\/\/imais.online\/portal\/12a-edicao-da-feind-traz-encontro-de-negocios-e-arena-do-conhecimento\/","title":{"rendered":"12\u00aa edi\u00e7\u00e3o da Feind traz Encontro de Neg\u00f3cios e Arena do Conhecimento"},"content":{"rendered":"<div class=\"imais-before-content-placement\" id=\"imais-2343743996\"><script async src=\"\/\/pagead2.googlesyndication.com\/pagead\/js\/adsbygoogle.js?client=ca-pub-8787528412751566\" crossorigin=\"anonymous\"><\/script><ins class=\"adsbygoogle\" style=\"display:block;\" data-ad-client=\"ca-pub-8787528412751566\" \ndata-ad-slot=\"\" \ndata-ad-format=\"auto\"><\/ins>\n<script> \n(adsbygoogle = window.adsbygoogle || []).push({}); \n<\/script>\n<\/div>\n<p class=\"has-text-align-center\"><em>Evento acontece de 19 a 21 de maio<\/em><\/p>\n\n\n\n<p>A Feira das Ind\u00fastrias 2026 (Feind), realizada pela Prefeitura de Indaiatuba, por meio da Secretaria de Desenvolvimento Econ\u00f4mico, Ind\u00fastria, Com\u00e9rcio e Turismo, em parceria com a Associa\u00e7\u00e3o das Micro e Pequenas Empresas de Indaiatuba (Ampei), traz como um dos destaques desta edi\u00e7\u00e3o o Encontro de Neg\u00f3cios promovido pelo Centro das Ind\u00fastrias do Estado de S\u00e3o Paulo. A atividade acontece no dia 20 de maio, \u00e0s 15h30, com foco na conex\u00e3o entre micro e pequenas empresas, fornecedores, parceiros estrat\u00e9gicos e potenciais clientes, estimulando parcerias e ampliando oportunidades comerciais.<\/p>\n\n\n\n<p>Outro grande destaque da programa\u00e7\u00e3o \u00e9 a Arena do Conhecimento, que receber\u00e1 mais de 20 palestras ao longo dos tr\u00eas dias de evento, com conte\u00fados relevantes e debates conduzidos por especialistas e lideran\u00e7as do setor industrial. Entre os temas confirmados est\u00e3o: \u201cESG na Pr\u00e1tica: Sustentabilidade como Pilar de Resili\u00eancia e Impacto Positivo nos Neg\u00f3cios\u201d, com Juliana Abreu, no dia 20 de maio, \u00e0s 16h; \u201cNR-1 e Sa\u00fade Mental: O Novo Pilar Estrat\u00e9gico das Empresas de Alta Performance\u201d, com Giovani Campregher, no dia 21 de maio, \u00e0s 16h; e, na sequ\u00eancia, \u00e0s 18h, \u201cA habilidade que nenhuma m\u00e1quina substitui: A orat\u00f3ria na ind\u00fastria 4.0\u201d, com S\u00e9rgio de Paula.<\/p>\n\n\n\n<p>Como novidade, a Feind 2026 contar\u00e1 com um tour virtual que poder\u00e1 ser acessado por at\u00e9 um ano, ampliando o alcance do evento e garantindo visibilidade cont\u00ednua aos expositores. A programa\u00e7\u00e3o tamb\u00e9m inclui atra\u00e7\u00f5es interativas, como um simulador de avi\u00e3o com cabine exposta pela Edapa e uma pista de carro movido a hidrog\u00eanio apresentada pelo Servi\u00e7o Nacional de Aprendizagem Industrial.<\/p>\n\n\n\n<p>Outro atrativo ser\u00e1 o estande da Rede SET, com transmiss\u00f5es ao vivo diretamente do evento. O espa\u00e7o tamb\u00e9m abrigar\u00e1 o Feind Talk, voltado a debates, insights e tend\u00eancias do setor industrial, com apresenta\u00e7\u00e3o do podcast Indai\u00e1 Business e colabora\u00e7\u00e3o do Jornal Mais Express\u00e3o.<\/p>\n\n\n\n<p>Entre os expositores confirmados est\u00e3o a Faculdade de Tecnologia do Estado de S\u00e3o Paulo, o Servi\u00e7o Social da Ind\u00fastria \u2013 unidade Indaiatuba (Fatec), o Servi\u00e7o Nacional de Aprendizagem Industrial \u2013 unidade Indaiatuba (Sesi) e a Funda\u00e7\u00e3o Indaiatubana de Educa\u00e7\u00e3o e Cultura (Fiec). O evento tamb\u00e9m contar\u00e1 com a participa\u00e7\u00e3o de institui\u00e7\u00f5es como Servi\u00e7o Nacional de Aprendizagem Industrial (Senai)&nbsp; e Servi\u00e7o Brasileiro de Apoio \u00e0s Micro e Pequenas Empresas (Sebrae Aqui), fortalecendo o ambiente de conhecimento, qualifica\u00e7\u00e3o profissional e incentivo ao empreendedorismo.<\/p>\n\n\n\n<p>Entre os principais setores representados est\u00e3o metalurgia e metalomec\u00e2nica, automa\u00e7\u00e3o e tecnologia, qu\u00edmica e farmac\u00eautica, log\u00edstica e supply chain, entre outros segmentos, evidenciando a diversidade e a for\u00e7a da ind\u00fastria regional.<\/p>\n\n\n\n<p>Al\u00e9m de fomentar o desenvolvimento econ\u00f4mico, a Feind refor\u00e7a seu compromisso social ao destinar 12% do montante l\u00edquido arrecadado ao Fundo Social de Solidariedade de Indaiatuba, contribuindo para a\u00e7\u00f5es de apoio e inclus\u00e3o social.<\/p>\n\n\n\n<p><strong>Sobre a Feira<\/strong><\/p>\n\n\n\n<p>A 12\u00aa edi\u00e7\u00e3o da Feind ser\u00e1 realizada nos dias 19, 20 e 21 de maio, das 12h \u00e0s 20h, no Espa\u00e7o Viber, com mais de 140 estandes de expositores, al\u00e9m da Arena do Conhecimento, Encontro de Neg\u00f3cios e pra\u00e7a de alimenta\u00e7\u00e3o.<\/p>\n\n\n\n<p><strong>Credenciamento<\/strong><\/p>\n\n\n\n<p>O credenciamento antecipado j\u00e1 est\u00e1 aberto para quem deseja agilizar a entrada e evitar filas durante os dias do evento. Os interessados podem se inscrever pelo link: <a href=\"https:\/\/credenciamento.feind.com.br\">https:\/\/credenciamento.feind.com.br<\/a>. No momento do cadastro, \u00e9 poss\u00edvel escolher os dias de participa\u00e7\u00e3o. Ap\u00f3s a conclus\u00e3o, ser\u00e1 gerado um QR Code, que dever\u00e1 ser apresentado na entrada para a impress\u00e3o do crach\u00e1.<\/p>\n","protected":false},"excerpt":{"rendered":"<p>Evento acontece de 19 a 21 de maio A Feira das Ind\u00fastrias 2026 (Feind), realizada pela Prefeitura de Indaiatuba, por meio da Secretaria de Desenvolvimento Econ\u00f4mico, Ind\u00fastria, Com\u00e9rcio e Turismo, em parceria com a Associa\u00e7\u00e3o das Micro e Pequenas Empresas de Indaiatuba (Ampei), traz como um dos destaques desta edi\u00e7\u00e3o o Encontro de Neg\u00f3cios promovido [&hellip;]<\/p>\n","protected":false},"author":7,"featured_media":31818,"comment_status":"closed","ping_status":"open","sticky":false,"template":"","format":"standard","meta":{"rop_custom_images_group":[],"rop_custom_messages_group":[],"rop_publish_now":"yes","rop_publish_now_accounts":[],"rop_publish_now_history":[],"rop_publish_now_status":"pending","footnotes":""},"categories":[188],"tags":[],"class_list":["post-31817","post","type-post","status-publish","format-standard","has-post-thumbnail","hentry","category-indaiatuba"],"amp_enabled":true,"_links":{"self":[{"href":"https:\/\/imais.online\/portal\/wp-json\/wp\/v2\/posts\/31817","targetHints":{"allow":["GET"]}}],"collection":[{"href":"https:\/\/imais.online\/portal\/wp-json\/wp\/v2\/posts"}],"about":[{"href":"https:\/\/imais.online\/portal\/wp-json\/wp\/v2\/types\/post"}],"author":[{"embeddable":true,"href":"https:\/\/imais.online\/portal\/wp-json\/wp\/v2\/users\/7"}],"replies":[{"embeddable":true,"href":"https:\/\/imais.online\/portal\/wp-json\/wp\/v2\/comments?post=31817"}],"version-history":[{"count":1,"href":"https:\/\/imais.online\/portal\/wp-json\/wp\/v2\/posts\/31817\/revisions"}],"predecessor-version":[{"id":31819,"href":"https:\/\/imais.online\/portal\/wp-json\/wp\/v2\/posts\/31817\/revisions\/31819"}],"wp:featuredmedia":[{"embeddable":true,"href":"https:\/\/imais.online\/portal\/wp-json\/wp\/v2\/media\/31818"}],"wp:attachment":[{"href":"https:\/\/imais.online\/portal\/wp-json\/wp\/v2\/media?parent=31817"}],"wp:term":[{"taxonomy":"category","embeddable":true,"href":"https:\/\/imais.online\/portal\/wp-json\/wp\/v2\/categories?post=31817"},{"taxonomy":"post_tag","embeddable":true,"href":"https:\/\/imais.online\/portal\/wp-json\/wp\/v2\/tags?post=31817"}],"curies":[{"name":"wp","href":"https:\/\/api.w.org\/{rel}","templated":true}]}}