{"id":31820,"date":"2026-04-29T16:44:14","date_gmt":"2026-04-29T19:44:14","guid":{"rendered":"https:\/\/imais.online\/portal\/?p=31820"},"modified":"2026-04-29T16:44:20","modified_gmt":"2026-04-29T19:44:20","slug":"5-falas-da-primeira-comandante-da-pm-de-sp-na-cerimonia-historica-de-posse","status":"publish","type":"post","link":"https:\/\/imais.online\/portal\/5-falas-da-primeira-comandante-da-pm-de-sp-na-cerimonia-historica-de-posse\/","title":{"rendered":"5 falas da primeira comandante da PM de SP na cerim\u00f4nia hist\u00f3rica de posse"},"content":{"rendered":"<div class=\"imais-before-content-placement\" id=\"imais-491483594\"><script async src=\"\/\/pagead2.googlesyndication.com\/pagead\/js\/adsbygoogle.js?client=ca-pub-8787528412751566\" crossorigin=\"anonymous\"><\/script><ins class=\"adsbygoogle\" style=\"display:block;\" data-ad-client=\"ca-pub-8787528412751566\" \ndata-ad-slot=\"\" \ndata-ad-format=\"auto\"><\/ins>\n<script> \n(adsbygoogle = window.adsbygoogle || []).push({}); \n<\/script>\n<\/div>\n<p class=\"has-text-align-center\">Coronel Glauce Anselmo Cavalli assumiu o posto da maior pol\u00edcia do pa\u00eds nesta quarta-feira (29)<\/p>\n\n\n\n<p class=\"has-text-align-left\">A\u00a0coronel Glauce Anselmo Cavalli fez hist\u00f3ria nesta quarta-feira (29) ao receber o comando\u00a0da Pol\u00edcia Militar do Estado de S\u00e3o Paulo, posto ocupado de forma in\u00e9dita por uma mulher em quase 200 anos de corpora\u00e7\u00e3o.<\/p>\n\n\n\n<p class=\"has-text-align-left\">Em cerim\u00f4nia realizada na Academia de Pol\u00edcia Militar do Barro Branco, na capital, ela fez seu primeiro discurso como comandante da tropa.\u00a0Ao lado de autoridades como o governador Tarc\u00edsio de Freitas\u00a0e o secret\u00e1rio em exerc\u00edcio da Secretaria de Seguran\u00e7a P\u00fablica, coronel Henguel Ricardo Pereira, a nova comandante destacou o enfrentamento \u00e0 viol\u00eancia contra as mulheres como prioridade.<\/p>\n\n\n\n<p class=\"has-text-align-left\">Veja abaixo cinco trechos do discurso que mostram como ser\u00e1 a lideran\u00e7a da coronel Glauce Anselmo Cavalli.<\/p>\n\n\n\n<h2 class=\"wp-block-heading\">1 \u2013 VIOL\u00caNCIA DOM\u00c9STICA<\/h2>\n\n\n\n<p>\u201cO enfrentamento \u00e0 viol\u00eancia dom\u00e9stica e familiar ser\u00e1 prioridade operacional no nosso comando. A Pol\u00edcia Militar est\u00e1 diuturnamente nas ruas do Estado preservando a ordem. Os casos de viol\u00eancia dom\u00e9stica ocorrem na maioria das vezes em ambiente familiar, dentro das resid\u00eancias, longe dos olhos dos patrulheiros e das c\u00e2meras de vigil\u00e2ncia que comp\u00f5em a Muralha Paulista. Fato este que ensejou um foco institucional de incentivo \u00e0 mudan\u00e7a de comportamento das v\u00edtimas.<br>A viol\u00eancia dom\u00e9stica n\u00e3o \u00e9 algo novo, ela sempre existiu e o Estado de S\u00e3o Paulo, atento ao cumprimento do seu dever constitucional ampliou pol\u00edticas p\u00fablicas. Foram criadas as Delegacias de Defesa da Mulher, que deram ouvidos \u00e0s v\u00edtimas por meio das cabines lilases que hoje est\u00e3o presentes em todas as regi\u00f5es do Estado e a evolu\u00e7\u00e3o, senhores, continua. Sob meu comando, consolidaremos as cabines lilases nos centros de opera\u00e7\u00f5es da Pol\u00edcia Militar.<\/p>\n\n\n\n<p>Ampliaremos o atendimento por videochamadas e abriremos os nossos quart\u00e9is para acolher estas v\u00edtimas com a implanta\u00e7\u00e3o dos espa\u00e7os lilases em salas de opera\u00e7\u00f5es para garantir acolhimento humanizado em todo o estado. A integra\u00e7\u00e3o com o aplicativo S\u00e3o Paulo Mulher Segura ampliar\u00e1 o acesso ao atendimento, permitindo o registro de ocorr\u00eancias e o acionamento imediato da Pol\u00edcia Militar, que a partir de maio ser\u00e1 realizado pelas patrulhas lilases, homens e mulheres especializados para o atendimento desse tipo de delito.\u201d<\/p>\n\n\n\n<h2 class=\"wp-block-heading\">2 \u2013 PERCEP\u00c7\u00c3O DE SEGURAN\u00c7A<\/h2>\n\n\n\n<p>\u201cTrabalharemos intensamente para manter a redu\u00e7\u00e3o hist\u00f3rica dos indicadores criminais no Estado de S\u00e3o Paulo, em especial em rela\u00e7\u00e3o \u00e0 taxa de 5,5 homic\u00eddios por 100 mil habitantes, a menor do Brasil. Mobilizaremos todos os nossos programas de policiamento e preservaremos a nossa capilaridade em todo o estado, por interm\u00e9dio de todos os programas de policiamento. O grande desafio, senhores, do pr\u00f3ximo per\u00edodo, muito embora os n\u00fameros de redu\u00e7\u00e3o significativa dos \u00edndices criminais, isso \u00e9 hist\u00f3rico tamb\u00e9m, \u00e9 a gente garantir que esses n\u00fameros sejam refletidos na percep\u00e7\u00e3o de seguran\u00e7a da popula\u00e7\u00e3o. Esse \u00e9 o nosso mote. Continuaremos protegendo e salvando vidas, mas sem descanso vamos transportar essa redu\u00e7\u00e3o hist\u00f3rica de \u00edndices criminais na percep\u00e7\u00e3o de seguran\u00e7a de toda a popula\u00e7\u00e3o do Estado de S\u00e3o Paulo. Nossa maior miss\u00e3o permanece inalterada, proteger e salvar vidas.\u201d<\/p>\n\n\n\n<figure class=\"wp-block-image\"><img decoding=\"async\" src=\"https:\/\/www.agenciasp.sp.gov.br\/wp-content\/uploads\/2026\/04\/Glauce-Anselmo-e-o-governador-Tarcisio-de-Freitas-1024x683.jpg\" alt=\"\" class=\"wp-image-140137\"\/><figcaption class=\"wp-element-caption\">Governador Tarc\u00edsio de Freitas e a coronel Glauce Anselmo Cavalli. Foto: Pablo Jacob\/Governo de SP<\/figcaption><\/figure>\n\n\n\n<h2 class=\"wp-block-heading\">3 \u2013 ASFIXIA DO CRIME<\/h2>\n\n\n\n<p>\u201cDaremos continuidade \u00e0 metodologia j\u00e1 comprovadamente eficaz: a asfixia financeira das organiza\u00e7\u00f5es criminosas, a ruptura de suas cadeias log\u00edsticas e a identifica\u00e7\u00e3o e captura de suas principais lideran\u00e7as. Para melhorar a percep\u00e7\u00e3o de seguran\u00e7a da popula\u00e7\u00e3o, fortaleceremos tr\u00eas pilares de atua\u00e7\u00e3o da pol\u00edcia militar: preven\u00e7\u00e3o, repress\u00e3o imediata e o atendimento de emerg\u00eancia.\u201d<\/p>\n\n\n\n<h2 class=\"wp-block-heading\">4 \u2013 REPRESENTATIVIDADE<\/h2>\n\n\n\n<p>\u201cSer a primeira mulher a liderar a Pol\u00edcia Militar do Estado de S\u00e3o Paulo em quase 200 anos n\u00e3o \u00e9 uma vit\u00f3ria pessoal, senhores, mas uma conquista de todas as policiais militares que percorreram um caminho pavimentado, especialmente pelas pioneiras, conhecidas como as 13 mais corajosas de 1955, dentre elas a lend\u00e1ria comandante Hilda Macedo, que formaram o corpo de policiamento especial feminino e pelas igualmente corajosas e desbravadoras oficiais formadas de maneira in\u00e9dita neste solo sagrado da centen\u00e1ria Academia de Pol\u00edcia Militar do Barro Branco, no in\u00edcio da d\u00e9cada de 1990, as aspirantes de 1992.<br>Policiais militares femininas, parab\u00e9ns a todas voc\u00eas, oficiais e pra\u00e7as, pela constru\u00e7\u00e3o de um caminho de for\u00e7a e de sensibilidade que garantiu a consolida\u00e7\u00e3o de uma Pol\u00edcia Militar mais justa, mais representativa e mais preparada para servir a sociedade paulista.\u201d<\/p>\n\n\n\n<h2 class=\"wp-block-heading\">5 \u2013 SERVIR AO PR\u00d3XIMO<\/h2>\n\n\n\n<p class=\"has-text-align-left\">\u201cDiante dessa hist\u00f3ria espl\u00eandida da Pol\u00edcia Militar, \u00e9 imperativo que a minha lideran\u00e7a seja pautada pelos mais relevantes valores de um gestor p\u00fablico: a legalidade, a moralidade e a seriedade, a transpar\u00eancia, a coragem, o compromisso inabal\u00e1vel com a efici\u00eancia operacional na seguran\u00e7a p\u00fablica e, sobretudo, a preocupa\u00e7\u00e3o com o ser humano. Lembremos todos que o servi\u00e7o do policial militar \u00e9 uma grande oportunidade de aux\u00edlio ao pr\u00f3ximo. E servir ao pr\u00f3ximo \u00e9 engrandecer a pr\u00f3pria vida.\u201d<\/p>\n\n\n\n<p class=\"has-text-align-left\"><br><\/p>\n","protected":false},"excerpt":{"rendered":"<p>Coronel Glauce Anselmo Cavalli assumiu o posto da maior pol\u00edcia do pa\u00eds nesta quarta-feira (29) A\u00a0coronel Glauce Anselmo Cavalli fez hist\u00f3ria nesta quarta-feira (29) ao receber o comando\u00a0da Pol\u00edcia Militar do Estado de S\u00e3o Paulo, posto ocupado de forma in\u00e9dita por uma mulher em quase 200 anos de corpora\u00e7\u00e3o. Em cerim\u00f4nia realizada na Academia de [&hellip;]<\/p>\n","protected":false},"author":7,"featured_media":31821,"comment_status":"closed","ping_status":"open","sticky":false,"template":"","format":"standard","meta":{"rop_custom_images_group":[],"rop_custom_messages_group":[],"rop_publish_now":"yes","rop_publish_now_accounts":[],"rop_publish_now_history":[],"rop_publish_now_status":"pending","footnotes":""},"categories":[195],"tags":[73],"class_list":["post-31820","post","type-post","status-publish","format-standard","has-post-thumbnail","hentry","category-sao-paulo","tag-featured"],"amp_enabled":true,"_links":{"self":[{"href":"https:\/\/imais.online\/portal\/wp-json\/wp\/v2\/posts\/31820","targetHints":{"allow":["GET"]}}],"collection":[{"href":"https:\/\/imais.online\/portal\/wp-json\/wp\/v2\/posts"}],"about":[{"href":"https:\/\/imais.online\/portal\/wp-json\/wp\/v2\/types\/post"}],"author":[{"embeddable":true,"href":"https:\/\/imais.online\/portal\/wp-json\/wp\/v2\/users\/7"}],"replies":[{"embeddable":true,"href":"https:\/\/imais.online\/portal\/wp-json\/wp\/v2\/comments?post=31820"}],"version-history":[{"count":1,"href":"https:\/\/imais.online\/portal\/wp-json\/wp\/v2\/posts\/31820\/revisions"}],"predecessor-version":[{"id":31822,"href":"https:\/\/imais.online\/portal\/wp-json\/wp\/v2\/posts\/31820\/revisions\/31822"}],"wp:featuredmedia":[{"embeddable":true,"href":"https:\/\/imais.online\/portal\/wp-json\/wp\/v2\/media\/31821"}],"wp:attachment":[{"href":"https:\/\/imais.online\/portal\/wp-json\/wp\/v2\/media?parent=31820"}],"wp:term":[{"taxonomy":"category","embeddable":true,"href":"https:\/\/imais.online\/portal\/wp-json\/wp\/v2\/categories?post=31820"},{"taxonomy":"post_tag","embeddable":true,"href":"https:\/\/imais.online\/portal\/wp-json\/wp\/v2\/tags?post=31820"}],"curies":[{"name":"wp","href":"https:\/\/api.w.org\/{rel}","templated":true}]}}