{"id":31823,"date":"2026-04-29T16:45:52","date_gmt":"2026-04-29T19:45:52","guid":{"rendered":"https:\/\/imais.online\/portal\/?p=31823"},"modified":"2026-04-29T16:45:52","modified_gmt":"2026-04-29T19:45:52","slug":"governo-de-sp-envia-projeto-a-alesp-que-cria-abono-complementar-para-servidores","status":"publish","type":"post","link":"https:\/\/imais.online\/portal\/governo-de-sp-envia-projeto-a-alesp-que-cria-abono-complementar-para-servidores\/","title":{"rendered":"Governo de SP envia projeto \u00e0 Alesp que cria abono complementar para servidores"},"content":{"rendered":"<div class=\"imais-before-content-placement\" id=\"imais-841868909\"><script async src=\"\/\/pagead2.googlesyndication.com\/pagead\/js\/adsbygoogle.js?client=ca-pub-8787528412751566\" crossorigin=\"anonymous\"><\/script><ins class=\"adsbygoogle\" style=\"display:block;\" data-ad-client=\"ca-pub-8787528412751566\" \ndata-ad-slot=\"\" \ndata-ad-format=\"auto\"><\/ins>\n<script> \n(adsbygoogle = window.adsbygoogle || []).push({}); \n<\/script>\n<\/div>\n<p class=\"has-text-align-center\">Proposta define valores m\u00ednimos de remunera\u00e7\u00e3o mensal e prev\u00ea complemento para servidores que ganham abaixo desses limites<\/p>\n\n\n\n<p class=\"has-text-align-left\">O Governo do Estado de S\u00e3o Paulo enviou \u00e0 Assembleia Legislativa do Estado de S\u00e3o Paulo nesta quarta-feira (29) o Projeto de Lei n\u00ba 385\/2026 que prev\u00ea a concess\u00e3o de um abono complementar para servidores p\u00fablicos estaduais.<\/p>\n\n\n\n<p>A proposta estabelece que servidores que recebem abaixo de um valor m\u00ednimo mensal ter\u00e3o direito a um complemento. Os valores definidos s\u00e3o de\u00a0R$ 1.874,36 para jornada completa,\u00a0R$ 1.405,77 para jornada comum e R$ 937,18 para jornada parcial.<\/p>\n\n\n\n<p>O abono ser\u00e1 aplicado a funcion\u00e1rios das secretarias estaduais, da Procuradoria Geral do Estado, da Controladoria Geral do Estado e tamb\u00e9m das autarquias. A regra tamb\u00e9m vale para aposentados e pensionistas que t\u00eam direito \u00e0 paridade salarial.<\/p>\n\n\n\n<p>Para calcular quem ter\u00e1 direito ao benef\u00edcio, o governo considera a soma dos ganhos fixos do servidor, como sal\u00e1rio e gratifica\u00e7\u00f5es permanentes, excluindo itens como adicionais, aux\u00edlios e pr\u00eamios espec\u00edficos.<\/p>\n\n\n\n<p>Segundo o Executivo, a proposta foi elaborada com base em estudos das \u00e1reas de planejamento, gest\u00e3o e finan\u00e7as do Estado.<\/p>\n\n\n\n<p>O texto tamb\u00e9m revoga a legisla\u00e7\u00e3o anterior sobre o tema e prev\u00ea que a nova regra passe a valer a partir do m\u00eas seguinte \u00e0 sua publica\u00e7\u00e3o.<\/p>\n\n\n\n<p>O projeto tramita em regime de urg\u00eancia e aguarda agora a an\u00e1lise dos deputados.<\/p>\n\n\n\n<h2 class=\"wp-block-heading\">Novo sal\u00e1rio m\u00ednimo estadual<\/h2>\n\n\n\n<p>O Governo de S\u00e3o Paulo enviou, nesta ter\u00e7a-feira (28), o projeto de lei que estabelece o\u00a0novo sal\u00e1rio m\u00ednimo estadual para a Assembleia Legislativa do Estado de S\u00e3o Paulo\u00a0(Alesp). O sal\u00e1rio m\u00ednimo paulista dever\u00e1 chegar a R$ 1.874 em 2026, com aumento nominal de 46% sobre o piso estadual pago em 2022, de R$ 1.284.<\/p>\n\n\n\n<p class=\"has-text-align-left\">Com a nova proposta, o valor do sal\u00e1rio m\u00ednimo paulista ser\u00e1 15,6% maior em rela\u00e7\u00e3o ao atual piso nacional de R$ 1.621. A diferen\u00e7a de R$ 253 representa um diferencial que reflete o impacto positivo da pol\u00edtica paulista de prote\u00e7\u00e3o \u00e0 renda.<br><br><\/p>\n","protected":false},"excerpt":{"rendered":"<p>Proposta define valores m\u00ednimos de remunera\u00e7\u00e3o mensal e prev\u00ea complemento para servidores que ganham abaixo desses limites O Governo do Estado de S\u00e3o Paulo enviou \u00e0 Assembleia Legislativa do Estado de S\u00e3o Paulo nesta quarta-feira (29) o Projeto de Lei n\u00ba 385\/2026 que prev\u00ea a concess\u00e3o de um abono complementar para servidores p\u00fablicos estaduais. A [&hellip;]<\/p>\n","protected":false},"author":7,"featured_media":31824,"comment_status":"closed","ping_status":"open","sticky":false,"template":"","format":"standard","meta":{"rop_custom_images_group":[],"rop_custom_messages_group":[],"rop_publish_now":"yes","rop_publish_now_accounts":[],"rop_publish_now_history":[],"rop_publish_now_status":"pending","footnotes":""},"categories":[195],"tags":[],"class_list":["post-31823","post","type-post","status-publish","format-standard","has-post-thumbnail","hentry","category-sao-paulo"],"amp_enabled":true,"_links":{"self":[{"href":"https:\/\/imais.online\/portal\/wp-json\/wp\/v2\/posts\/31823","targetHints":{"allow":["GET"]}}],"collection":[{"href":"https:\/\/imais.online\/portal\/wp-json\/wp\/v2\/posts"}],"about":[{"href":"https:\/\/imais.online\/portal\/wp-json\/wp\/v2\/types\/post"}],"author":[{"embeddable":true,"href":"https:\/\/imais.online\/portal\/wp-json\/wp\/v2\/users\/7"}],"replies":[{"embeddable":true,"href":"https:\/\/imais.online\/portal\/wp-json\/wp\/v2\/comments?post=31823"}],"version-history":[{"count":1,"href":"https:\/\/imais.online\/portal\/wp-json\/wp\/v2\/posts\/31823\/revisions"}],"predecessor-version":[{"id":31825,"href":"https:\/\/imais.online\/portal\/wp-json\/wp\/v2\/posts\/31823\/revisions\/31825"}],"wp:featuredmedia":[{"embeddable":true,"href":"https:\/\/imais.online\/portal\/wp-json\/wp\/v2\/media\/31824"}],"wp:attachment":[{"href":"https:\/\/imais.online\/portal\/wp-json\/wp\/v2\/media?parent=31823"}],"wp:term":[{"taxonomy":"category","embeddable":true,"href":"https:\/\/imais.online\/portal\/wp-json\/wp\/v2\/categories?post=31823"},{"taxonomy":"post_tag","embeddable":true,"href":"https:\/\/imais.online\/portal\/wp-json\/wp\/v2\/tags?post=31823"}],"curies":[{"name":"wp","href":"https:\/\/api.w.org\/{rel}","templated":true}]}}