{"id":31829,"date":"2026-04-30T10:34:10","date_gmt":"2026-04-30T13:34:10","guid":{"rendered":"https:\/\/imais.online\/portal\/?p=31829"},"modified":"2026-04-30T10:34:10","modified_gmt":"2026-04-30T13:34:10","slug":"transporte-coletivo-tera-horarios-especiais-durante-o-34o-maio-musical-2026","status":"publish","type":"post","link":"https:\/\/imais.online\/portal\/transporte-coletivo-tera-horarios-especiais-durante-o-34o-maio-musical-2026\/","title":{"rendered":"Transporte coletivo ter\u00e1 hor\u00e1rios especiais durante o 34\u00ba Maio Musical 2026"},"content":{"rendered":"<div class=\"imais-before-content-placement\" id=\"imais-2683287859\"><script async src=\"\/\/pagead2.googlesyndication.com\/pagead\/js\/adsbygoogle.js?client=ca-pub-8787528412751566\" crossorigin=\"anonymous\"><\/script><ins class=\"adsbygoogle\" style=\"display:block;\" data-ad-client=\"ca-pub-8787528412751566\" \ndata-ad-slot=\"\" \ndata-ad-format=\"auto\"><\/ins>\n<script> \n(adsbygoogle = window.adsbygoogle || []).push({}); \n<\/script>\n<\/div>\n<p class=\"has-text-align-center\"><em>Medida garante mais comodidade e seguran\u00e7a ao p\u00fablico ap\u00f3s o t\u00e9rmino dos shows<\/em><\/p>\n\n\n\n<p>A Secretaria Municipal de Mobilidade Urbana, por meio do Departamento de Transporte, em parceria com a SOU Indaiatuba, informa que o transporte coletivo contar\u00e1 com linhas e hor\u00e1rios especiais durante a programa\u00e7\u00e3o do 34\u00ba Maio Musical 2026.<\/p>\n\n\n\n<p>A iniciativa tem como objetivo facilitar o deslocamento da popula\u00e7\u00e3o que participar\u00e1 dos eventos, oferecendo op\u00e7\u00f5es de retorno ap\u00f3s o encerramento dos shows. As opera\u00e7\u00f5es especiais ocorrer\u00e3o \u00e0s sextas-feiras, s\u00e1bados e domingos, a partir das 22h15 e 22h30, com trajetos nos sentidos centro x bairro, bairro x centro e bairro x bairro, conforme a programa\u00e7\u00e3o dos palcos.<\/p>\n\n\n\n<p>No Palco Terra, localizado na Al\u00e7a Nilson Cardoso de Carvalho, nos dias 3, 10, 17 e 31 de maio, ser\u00e3o disponibilizadas linhas no sentido centro x bairro, com itiner\u00e1rios que atendem regi\u00f5es como Jo\u00e3o Piolli, Sabi\u00e1s, Andorinhas, Campo Bonito, Parque Ecol\u00f3gico, Paulistano, Paulista e Colibris. No sentido bairro x centro, os \u00f4nibus atender\u00e3o bairros como Jardim Morumbi, Camargo Andrade, Jardim Brasil, Caminho da Luz e Engenho, passando por pontos estrat\u00e9gicos como o Centro, Terminal Central e Rodovi\u00e1ria.<\/p>\n\n\n\n<p>Para o Palco \u00c1gua, na Concha Ac\u00fastica, nos dias 8, 9, 15, 24 e 29 de maio, a opera\u00e7\u00e3o seguir\u00e1 o mesmo formato, com linhas especiais nos sentidos centro x bairro e bairro x centro, contemplando os principais corredores de deslocamento e bairros da cidade.<\/p>\n\n\n\n<p>J\u00e1 no Palco Luz, na Pra\u00e7a Papa Francisco, no bairro Paulista, com programa\u00e7\u00e3o nos dias 22, 23 e 30 de maio, haver\u00e1 atendimento especial no sentido bairro x bairro, ligando regi\u00f5es como Jo\u00e3o Piolli, Paulistano, Paulista, Colibris, Sabi\u00e1s, Andorinhas e Campo Bonito. Tamb\u00e9m ser\u00e3o disponibilizadas linhas no sentido bairro x centro, com itiner\u00e1rios que passam por vias importantes como Rua 80, Parque Ecol\u00f3gico e Terminal Central, al\u00e9m de atender bairros como Jardim Morumbi, Camargo Andrade, Jardim Brasil, Caminho da Luz, Engenho, Cecap e Ario Barnab\u00e9.<\/p>\n\n\n\n<p>A a\u00e7\u00e3o refor\u00e7a o compromisso da Administra\u00e7\u00e3o Municipal em garantir mobilidade, seguran\u00e7a e comodidade para os moradores e visitantes durante um dos principais eventos culturais da cidade.<\/p>\n\n\n\n<p><strong>Servi\u00e7o<\/strong><br>Hor\u00e1rios especiais do transporte coletivo \u2013 34\u00ba Maio Musical 2026<br>Quando: sextas, s\u00e1bados e domingos, a partir das 22h15 e 22h30<br>Locais: Palcos Terra, \u00c1gua e Luz, conforme programa\u00e7\u00e3o oficial<br>Realiza\u00e7\u00e3o: Secretaria Municipal de Mobilidade Urbana e SOU Indaiatuba<\/p>\n","protected":false},"excerpt":{"rendered":"<p>Medida garante mais comodidade e seguran\u00e7a ao p\u00fablico ap\u00f3s o t\u00e9rmino dos shows A Secretaria Municipal de Mobilidade Urbana, por meio do Departamento de Transporte, em parceria com a SOU Indaiatuba, informa que o transporte coletivo contar\u00e1 com linhas e hor\u00e1rios especiais durante a programa\u00e7\u00e3o do 34\u00ba Maio Musical 2026. A iniciativa tem como objetivo [&hellip;]<\/p>\n","protected":false},"author":7,"featured_media":31830,"comment_status":"closed","ping_status":"open","sticky":false,"template":"","format":"standard","meta":{"rop_custom_images_group":[],"rop_custom_messages_group":[],"rop_publish_now":"yes","rop_publish_now_accounts":[],"rop_publish_now_history":[],"rop_publish_now_status":"pending","footnotes":""},"categories":[188],"tags":[73],"class_list":["post-31829","post","type-post","status-publish","format-standard","has-post-thumbnail","hentry","category-indaiatuba","tag-featured"],"amp_enabled":true,"_links":{"self":[{"href":"https:\/\/imais.online\/portal\/wp-json\/wp\/v2\/posts\/31829","targetHints":{"allow":["GET"]}}],"collection":[{"href":"https:\/\/imais.online\/portal\/wp-json\/wp\/v2\/posts"}],"about":[{"href":"https:\/\/imais.online\/portal\/wp-json\/wp\/v2\/types\/post"}],"author":[{"embeddable":true,"href":"https:\/\/imais.online\/portal\/wp-json\/wp\/v2\/users\/7"}],"replies":[{"embeddable":true,"href":"https:\/\/imais.online\/portal\/wp-json\/wp\/v2\/comments?post=31829"}],"version-history":[{"count":1,"href":"https:\/\/imais.online\/portal\/wp-json\/wp\/v2\/posts\/31829\/revisions"}],"predecessor-version":[{"id":31831,"href":"https:\/\/imais.online\/portal\/wp-json\/wp\/v2\/posts\/31829\/revisions\/31831"}],"wp:featuredmedia":[{"embeddable":true,"href":"https:\/\/imais.online\/portal\/wp-json\/wp\/v2\/media\/31830"}],"wp:attachment":[{"href":"https:\/\/imais.online\/portal\/wp-json\/wp\/v2\/media?parent=31829"}],"wp:term":[{"taxonomy":"category","embeddable":true,"href":"https:\/\/imais.online\/portal\/wp-json\/wp\/v2\/categories?post=31829"},{"taxonomy":"post_tag","embeddable":true,"href":"https:\/\/imais.online\/portal\/wp-json\/wp\/v2\/tags?post=31829"}],"curies":[{"name":"wp","href":"https:\/\/api.w.org\/{rel}","templated":true}]}}