{"id":31836,"date":"2026-04-30T10:52:51","date_gmt":"2026-04-30T13:52:51","guid":{"rendered":"https:\/\/imais.online\/portal\/?p=31836"},"modified":"2026-04-30T10:52:51","modified_gmt":"2026-04-30T13:52:51","slug":"eptv-estreia-serie-que-revela-a-origem-de-craques-do-interior-rumo-a-copa-do-mundo","status":"publish","type":"post","link":"https:\/\/imais.online\/portal\/eptv-estreia-serie-que-revela-a-origem-de-craques-do-interior-rumo-a-copa-do-mundo\/","title":{"rendered":"EPTV estreia s\u00e9rie que revela a origem de craques do interior rumo \u00e0 Copa do Mundo"},"content":{"rendered":"<div class=\"imais-before-content-placement\" id=\"imais-2994324248\"><script async src=\"\/\/pagead2.googlesyndication.com\/pagead\/js\/adsbygoogle.js?client=ca-pub-8787528412751566\" crossorigin=\"anonymous\"><\/script><ins class=\"adsbygoogle\" style=\"display:block;\" data-ad-client=\"ca-pub-8787528412751566\" \ndata-ad-slot=\"\" \ndata-ad-format=\"auto\"><\/ins>\n<script> \n(adsbygoogle = window.adsbygoogle || []).push({}); \n<\/script>\n<\/div>\n<p class=\"has-text-align-center\"><strong>S\u00e9rie especial da EPTV, emissora de televis\u00e3o afiliada Globo, conta a trajet\u00f3ria de jogadores que tiveram passagem pelo interior paulista e Sul de Minas&nbsp; \u2013 Cr\u00e9dito: Divulga\u00e7\u00e3o<\/strong><\/p>\n\n\n\n<p>Em clima de Copa do Mundo, a EPTV, afiliada da TV Globo, estreia a s\u00e9rie especial <a href=\"https:\/\/www.youtube.com\/watch?v=fNCt4SNKFts&amp;feature=youtu.be\">\u201cDe Onde Nascem os Craques\u201d<\/a>, um projeto in\u00e9dito que revela as trajet\u00f3rias de grandes nomes do futebol brasileiro que nasceram ou deram os primeiros passos em cidades das regi\u00f5es de cobertura da emissora do Grupo EP, maior conglomerado de m\u00eddia do interior paulista e Sul de Minas. Produzida em parceria com o jornalista e escritor Rodrigo Viana, a s\u00e9rie ser\u00e1 exibida aos s\u00e1bados, a partir do dia 9 de maio, ap\u00f3s o programa Mais Caminhos, com quatro epis\u00f3dios que acompanham as hist\u00f3rias de Ra\u00ed, Mauro Silva, Grafite, Oscar e Elzo, com um desfecho em Tr\u00eas Cora\u00e7\u00f5es (MG), cidade da \u00e1rea de cobertura da EPTV Sul de Minas e onde nasceu o maior jogador de todos os tempos, Pel\u00e9, conectando a paix\u00e3o nacional pelo futebol ao orgulho regional que marca a origem desses atletas. O especial tamb\u00e9m estar\u00e1 dispon\u00edvel no Globoplay ap\u00f3s a exibi\u00e7\u00e3o na TV.<\/p>\n\n\n\n<p>A s\u00e9rie, a primeira da \u00e1rea de Programa\u00e7\u00e3o liderada pelo Diretor Bruno Catraca, conta com uma narrativa que entrela\u00e7a gera\u00e7\u00f5es e destaca como talentos revelados no interior chegaram ao maior palco do futebol mundial. Al\u00e9m de entrevistas exclusivas e imagens de bastidores, o projeto apresenta um olhar regional sobre a Copa, valorizando a rela\u00e7\u00e3o entre os jogadores e as cidades que marcaram o in\u00edcio de suas carreiras.<\/p>\n\n\n\n<figure class=\"wp-block-image size-large\"><img loading=\"lazy\" decoding=\"async\" width=\"1024\" height=\"748\" src=\"https:\/\/imais.online\/portal\/wp-content\/uploads\/2026\/04\/Renato-Go-769es-Grupo-EP-2--1024x748.jpg\" alt=\"\" class=\"wp-image-31837\" srcset=\"https:\/\/imais.online\/portal\/wp-content\/uploads\/2026\/04\/Renato-Go-769es-Grupo-EP-2--1024x748.jpg 1024w, https:\/\/imais.online\/portal\/wp-content\/uploads\/2026\/04\/Renato-Go-769es-Grupo-EP-2--300x219.jpg 300w, https:\/\/imais.online\/portal\/wp-content\/uploads\/2026\/04\/Renato-Go-769es-Grupo-EP-2--768x561.jpg 768w, https:\/\/imais.online\/portal\/wp-content\/uploads\/2026\/04\/Renato-Go-769es-Grupo-EP-2--1536x1123.jpg 1536w, https:\/\/imais.online\/portal\/wp-content\/uploads\/2026\/04\/Renato-Go-769es-Grupo-EP-2--2048x1497.jpg 2048w\" sizes=\"auto, (max-width: 1024px) 100vw, 1024px\" \/><\/figure>\n\n\n\n<p class=\"has-text-align-center\"><strong>Renato G\u00f3es, gerente de Programa\u00e7\u00e3o da EPTV, destaca a import\u00e2ncia da identifica\u00e7\u00e3o regional com a Copa do Mundo &#8211; Cr\u00e9dito: Divulga\u00e7\u00e3o<\/strong><\/p>\n\n\n\n<p>Segundo Renato G\u00f3es, gerente de Programa\u00e7\u00e3o da EPTV, a proposta \u00e9 aproveitar o momento de mobiliza\u00e7\u00e3o nacional em torno da Copa para refor\u00e7ar a identidade regional da emissora. \u201cA ideia foi entrar nessa onda da Copa do Mundo, mas do nosso jeito, falando com o nosso p\u00fablico e valorizando hist\u00f3rias que nasceram em nossas regi\u00f5es. \u00c9 uma forma de mostrar que grandes craques do futebol mundial t\u00eam ra\u00edzes muito pr\u00f3ximas da nossa audi\u00eancia, o que cria uma conex\u00e3o ainda mais forte com o telespectador\u201d, afirma.<\/p>\n\n\n\n<p>Para o jornalista e roteirista Rodrigo Viana, o projeto busca transformar essa conex\u00e3o regional em uma narrativa de pertencimento e orgulho, aproximando o p\u00fablico das trajet\u00f3rias desses atletas e destacando que muitos craques nasceram ou deram seus primeiros passos no futebol em cidades muito pr\u00f3ximas da realidade dos telespectadores. \u201cDesde o in\u00edcio, a ideia era mostrar que as \u00e1reas de cobertura da EPTV s\u00e3o lugares onde realmente nascem craques, seja porque esses jogadores nasceram aqui ou porque foi aqui que come\u00e7aram suas trajet\u00f3rias no futebol. O programa parte dessa for\u00e7a regional para revelar como nomes gigantes do futebol brasileiro t\u00eam ra\u00edzes muito pr\u00f3ximas do nosso p\u00fablico. As hist\u00f3rias se amarram no verde e amarelo da Sele\u00e7\u00e3o Brasileira, contornadas pelo interior de S\u00e3o Paulo, pelas \u00e1reas de cobertura da EPTV.\u201d<\/p>\n\n\n\n<p><strong>As origens de grandes craques do futebol brasileiro<\/strong><\/p>\n\n\n\n<p>No primeiro epis\u00f3dio, o p\u00fablico acompanha a trajet\u00f3ria de Ra\u00ed, \u00eddolo de Ribeir\u00e3o Preto e campe\u00e3o mundial em 1994, em uma narrativa que mostra seus primeiros passos no futebol e a constru\u00e7\u00e3o de seu legado dentro e fora dos gramados. O segundo epis\u00f3dio traz Mauro Silva, volante campe\u00e3o do tetra, resgatando sua liga\u00e7\u00e3o com Monte Alegre do Sul e sua trajet\u00f3ria at\u00e9 se tornar pe\u00e7a fundamental da Sele\u00e7\u00e3o Brasileira. No terceiro, a s\u00e9rie apresenta Grafite, revelando como sua passagem pela Matonense e pela Ferrovi\u00e1ria, no interior paulista, foi decisiva para a carreira que o levou \u00e0 Copa do Mundo de 2010. J\u00e1 o quarto epis\u00f3dio re\u00fane Oscar, Elzo e Pel\u00e9, destacando o protagonismo do Sul de Minas na forma\u00e7\u00e3o de talentos hist\u00f3ricos do futebol brasileiro; al\u00e9m das participa\u00e7\u00f5es de Oscar e Elzo, o programa presta uma homenagem especial a Pel\u00e9, mostrando como seu legado segue vivo em Tr\u00eas Cora\u00e7\u00f5es e como a cidade preserva com orgulho a mem\u00f3ria daquele que se tornou um dos maiores nomes da hist\u00f3ria do esporte mundial.<\/p>\n\n\n\n<figure class=\"wp-block-image size-large\"><img loading=\"lazy\" decoding=\"async\" width=\"1024\" height=\"576\" src=\"https:\/\/imais.online\/portal\/wp-content\/uploads\/2026\/04\/EPTV-DE-ONDE-NASCEM-OS-CRAQUES-2-1024x576.jpg\" alt=\"\" class=\"wp-image-31838\" srcset=\"https:\/\/imais.online\/portal\/wp-content\/uploads\/2026\/04\/EPTV-DE-ONDE-NASCEM-OS-CRAQUES-2-1024x576.jpg 1024w, https:\/\/imais.online\/portal\/wp-content\/uploads\/2026\/04\/EPTV-DE-ONDE-NASCEM-OS-CRAQUES-2-300x169.jpg 300w, https:\/\/imais.online\/portal\/wp-content\/uploads\/2026\/04\/EPTV-DE-ONDE-NASCEM-OS-CRAQUES-2-768x432.jpg 768w, https:\/\/imais.online\/portal\/wp-content\/uploads\/2026\/04\/EPTV-DE-ONDE-NASCEM-OS-CRAQUES-2-1536x864.jpg 1536w, https:\/\/imais.online\/portal\/wp-content\/uploads\/2026\/04\/EPTV-DE-ONDE-NASCEM-OS-CRAQUES-2.jpg 1600w\" sizes=\"auto, (max-width: 1024px) 100vw, 1024px\" \/><\/figure>\n\n\n\n<p class=\"has-text-align-center\"><strong>O olhar regional \u00e9 o diferencial da produ\u00e7\u00e3o \u201cDe Onde Nascem Os Craques\u201d, s\u00e9rie especial co-produzida pela EPTV e A Bola e o Verbo &#8211; Cr\u00e9dito: Divulga\u00e7\u00e3o<\/strong><\/p>\n\n\n\n<p>\u201cMais do que contar hist\u00f3rias de jogadores consagrados, queremos mostrar o orgulho que essas regi\u00f5es carregam por terem revelado nomes t\u00e3o importantes para o futebol brasileiro. Esse projeto refor\u00e7a o nosso compromisso de olhar para grandes temas nacionais sempre a partir da perspectiva regional, aproximando ainda mais a EPTV do p\u00fablico\u201d, completa Renato G\u00f3es, gerente de Programa\u00e7\u00e3o da EPTV.<\/p>\n\n\n\n<p>O olhar regional \u00e9 justamente o grande diferencial da produ\u00e7\u00e3o, segundo o jornalista e roteirista Rodrigo Viana. \u201cMuita gente j\u00e1 contou a hist\u00f3ria desses jogadores, mas pouca gente olhou para os detalhes das origens, para essa hist\u00f3ria mi\u00fada que, na verdade, \u00e9 enorme. O diferencial do projeto foi justamente enxergar esse detalhe e transform\u00e1-lo em algo grandioso, valorizando aquilo que normalmente passa despercebido.\u201d<\/p>\n\n\n\n<p><strong>Servi\u00e7o<\/strong><\/p>\n\n\n\n<p>Data: 09, 16, 23 e 30 de maio<\/p>\n\n\n\n<p>Local: EPTV<\/p>\n\n\n\n<p>Hor\u00e1rio: ap\u00f3s o programa Mais Caminhos<\/p>\n","protected":false},"excerpt":{"rendered":"<p>S\u00e9rie especial da EPTV, emissora de televis\u00e3o afiliada Globo, conta a trajet\u00f3ria de jogadores que tiveram passagem pelo interior paulista e Sul de Minas&nbsp; \u2013 Cr\u00e9dito: Divulga\u00e7\u00e3o Em clima de Copa do Mundo, a EPTV, afiliada da TV Globo, estreia a s\u00e9rie especial \u201cDe Onde Nascem os Craques\u201d, um projeto in\u00e9dito que revela as trajet\u00f3rias [&hellip;]<\/p>\n","protected":false},"author":7,"featured_media":31839,"comment_status":"closed","ping_status":"open","sticky":false,"template":"","format":"standard","meta":{"rop_custom_images_group":[],"rop_custom_messages_group":[],"rop_publish_now":"yes","rop_publish_now_accounts":[],"rop_publish_now_history":[],"rop_publish_now_status":"pending","footnotes":""},"categories":[230],"tags":[],"class_list":["post-31836","post","type-post","status-publish","format-standard","has-post-thumbnail","hentry","category-interior"],"amp_enabled":true,"_links":{"self":[{"href":"https:\/\/imais.online\/portal\/wp-json\/wp\/v2\/posts\/31836","targetHints":{"allow":["GET"]}}],"collection":[{"href":"https:\/\/imais.online\/portal\/wp-json\/wp\/v2\/posts"}],"about":[{"href":"https:\/\/imais.online\/portal\/wp-json\/wp\/v2\/types\/post"}],"author":[{"embeddable":true,"href":"https:\/\/imais.online\/portal\/wp-json\/wp\/v2\/users\/7"}],"replies":[{"embeddable":true,"href":"https:\/\/imais.online\/portal\/wp-json\/wp\/v2\/comments?post=31836"}],"version-history":[{"count":1,"href":"https:\/\/imais.online\/portal\/wp-json\/wp\/v2\/posts\/31836\/revisions"}],"predecessor-version":[{"id":31840,"href":"https:\/\/imais.online\/portal\/wp-json\/wp\/v2\/posts\/31836\/revisions\/31840"}],"wp:featuredmedia":[{"embeddable":true,"href":"https:\/\/imais.online\/portal\/wp-json\/wp\/v2\/media\/31839"}],"wp:attachment":[{"href":"https:\/\/imais.online\/portal\/wp-json\/wp\/v2\/media?parent=31836"}],"wp:term":[{"taxonomy":"category","embeddable":true,"href":"https:\/\/imais.online\/portal\/wp-json\/wp\/v2\/categories?post=31836"},{"taxonomy":"post_tag","embeddable":true,"href":"https:\/\/imais.online\/portal\/wp-json\/wp\/v2\/tags?post=31836"}],"curies":[{"name":"wp","href":"https:\/\/api.w.org\/{rel}","templated":true}]}}