{"id":31841,"date":"2026-04-30T11:33:42","date_gmt":"2026-04-30T14:33:42","guid":{"rendered":"https:\/\/imais.online\/portal\/?p=31841"},"modified":"2026-04-30T11:33:42","modified_gmt":"2026-04-30T14:33:42","slug":"felipe-nogueira-divulga-mais-musicas-do-audiovisual-minha-essencia","status":"publish","type":"post","link":"https:\/\/imais.online\/portal\/felipe-nogueira-divulga-mais-musicas-do-audiovisual-minha-essencia\/","title":{"rendered":"Felipe Nogueira divulga mais m\u00fasicas do audiovisual \u201cMinha Ess\u00eancia\u201d"},"content":{"rendered":"<div class=\"imais-before-content-placement\" id=\"imais-3772253599\"><script async src=\"\/\/pagead2.googlesyndication.com\/pagead\/js\/adsbygoogle.js?client=ca-pub-8787528412751566\" crossorigin=\"anonymous\"><\/script><ins class=\"adsbygoogle\" style=\"display:block;\" data-ad-client=\"ca-pub-8787528412751566\" \ndata-ad-slot=\"\" \ndata-ad-format=\"auto\"><\/ins>\n<script> \n(adsbygoogle = window.adsbygoogle || []).push({}); \n<\/script>\n<\/div>\n<p>Nesta quinta-feira (30) o cantor e compositor Felipe Nogueira disponibilizou nas principais plataformas de distribui\u00e7\u00e3o digital e Youtube mais m\u00fasicas do audiovisual \u201cMinha Ess\u00eancia\u201d. Al\u00e9m das faixas j\u00e1 divulgadas como \u201cEu quero aquela\u201d, \u201cAviso\u201d, \u201cN\u00e3o \u00e9 com voc\u00ea\u201d do EP. 01, agora chega o EP. 02 com \u201cConsequ\u00eancias\u201d e as in\u00e9ditas \u201cJeito de acerto\u201d e \u201cPrimeiro \u00faltimo\u201d.<\/p>\n\n\n\n<p>Primeiro \u00daltimo:<br><a href=\"https:\/\/www.youtube.com\/watch?v=fRCNt8iZowM \">https:\/\/www.youtube.com\/watch?v=fRCNt8iZowM <\/a><\/p>\n\n\n\n<p>Plataformas digitais:<br><a href=\"https:\/\/onerpm.link\/MinhaEssencia-Ep02 \">https:\/\/onerpm.link\/MinhaEssencia-Ep02 <\/a><\/p>\n\n\n\n<p>O projeto, que foi gravado em sua fazenda, em S\u00e3o Miguel Arcanjo, cidade do interior do Estado de S\u00e3o Paulo, tem 11 faixas in\u00e9ditas. Seu primeiro audiovisual da carreira, contou com a produ\u00e7\u00e3o musical de Ray Ferrari e a dire\u00e7\u00e3o de v\u00eddeo da Nary filmes. Todas as m\u00fasicas foram compostas pelo quarteto Felipe Nogueira, Ray Ferrari, Marreta e Marco Ant\u00f4nio.<\/p>\n\n\n\n<p>FELIPE NOGUEIRA<br>Natural de Indaiatuba, cidade do interior do Estado de S\u00e3o Paulo, Felipe Nogueira cresceu ouvindo as m\u00fasicas que seu pai escutava dentro de casa. Era comum, em sua inf\u00e2ncia, dan\u00e7ar ao som dos cl\u00e1ssicos de Rionegro &amp; Solim\u00f5es. Com o passar do tempo, foi aprendendo a apreciar ainda mais a m\u00fasica, especialmente o estilo sertanejo, gra\u00e7as a Milion\u00e1rio &amp; Jos\u00e9 Rico, Zez\u00e9 di Camargo &amp; Luciano, Chit\u00e3ozinho &amp; Xoror\u00f3, entre outros artistas consagrados que seu pai era f\u00e3.<\/p>\n\n\n\n<p>Mais tarde, em 2020, Felipe come\u00e7ou a aprender a tocar viol\u00e3o com o m\u00fasico e professor Fidel, mais conhecido como Fifa. Felipe admite com muito bom humor, que mesmo sendo um dos melhores m\u00fasicos que ele conheceu at\u00e9 hoje, poderia ter se dedicado ainda mais durante as aulas com o professor.<\/p>\n\n\n\n<p>Cantando em rodas de amigos e festas familiares, Felipe pegou gosto pelo microfone e resolveu buscar aperfei\u00e7oamento em aulas de canto. Felipe tamb\u00e9m come\u00e7ou a desenvolver o seu lado compositor. N\u00e3o demorou muito para ele estrear em grande estilo no Palco Camarote da FAICI, em 2024, considerado um dos maiores rodeios do Estado de S\u00e3o Paulo. No ano seguinte, j\u00e1 estava no palco principal da festa levando o p\u00fablico de Indaiatuba ao del\u00edrio.<\/p>\n\n\n\n<p>Ecl\u00e9tico, ele tem muitas influ\u00eancias no meio musical como Michael Jackson, Gusttavo Lima, Zez\u00e9 di Camargo &amp; Luciano, Luan Santana, e Jorge &amp; Mateus. Entre seus principais g\u00eaneros, al\u00e9m, \u00e9 claro, do sertanejo, gosta de ouvir rock and roll, m\u00fasicas latinas, pop, at\u00e9 mesmo um som eletr\u00f4nico. Toda essa jun\u00e7\u00e3o de artistas e ritmos permitem que ele apresente em seus shows um repert\u00f3rio que agrade todo o tipo de p\u00fablico.<\/p>\n\n\n\n<p>Em outubro de 2025, Felipe gravou e lan\u00e7ou a sua primeira m\u00fasica de trabalho. \u201cMeu tesouro\u201d teve a produ\u00e7\u00e3o musical de Ray Ferrari. O single, que \u00e9 de sua composi\u00e7\u00e3o em parceria com Marreta, Ray Ferrari, Marco Ant\u00f4nio, repercutiu e ganhou destaque nas principais plataformas de distribui\u00e7\u00e3o digital. \u201cMeu tesouro\u201d tamb\u00e9m ganhou um clipe, com imagens captadas durante o show da FAICI 2025, que contou com a dire\u00e7\u00e3o de v\u00eddeo de Digo Mendon\u00e7a.<\/p>\n\n\n\n<p>Vivendo uma nova fase em sua vida, totalmente dedicado \u00e0 carreira art\u00edstica, Felipe est\u00e1 preparado e ansioso para viver novos desafios, disposto a escrever o seu nome no mercado musical, levando alegria para o p\u00fablico. Seu principal sonho, atrav\u00e9s da sua m\u00fasica, \u00e9 de tocar e eternizar momentos especiais na vida das pessoas.<\/p>\n\n\n\n<p>Para ouvir suas m\u00fasicas e conhecer um pouco mais de Felipe Nogueira, acesse as redes sociais:<\/p>\n\n\n\n<p>Instagram: <a href=\"https:\/\/www.instagram.com\/felipenogueirac_\/\">https:\/\/www.instagram.com\/felipenogueirac_\/<\/a><br>Youtube:<a href=\" https:\/\/www.youtube.com\/@FelipeNogueiraCantor\"> https:\/\/www.youtube.com\/@FelipeNogueiraCantor<\/a><br>TikTok: <a href=\"https:\/\/www.tiktok.com\/@felipenogueiracantor\">https:\/\/www.tiktok.com\/@felipenogueiracantor<\/a><br>Spotify: <a href=\"https:\/\/open.spotify.com\/intl-pt\/track\/22lqHdfg2SqDgzqr3upsTR\">https:\/\/open.spotify.com\/intl-pt\/track\/22lqHdfg2SqDgzqr3upsTR<\/a><\/p>\n","protected":false},"excerpt":{"rendered":"<p>Nesta quinta-feira (30) o cantor e compositor Felipe Nogueira disponibilizou nas principais plataformas de distribui\u00e7\u00e3o digital e Youtube mais m\u00fasicas do audiovisual \u201cMinha Ess\u00eancia\u201d. Al\u00e9m das faixas j\u00e1 divulgadas como \u201cEu quero aquela\u201d, \u201cAviso\u201d, \u201cN\u00e3o \u00e9 com voc\u00ea\u201d do EP. 01, agora chega o EP. 02 com \u201cConsequ\u00eancias\u201d e as in\u00e9ditas \u201cJeito de acerto\u201d e [&hellip;]<\/p>\n","protected":false},"author":7,"featured_media":31842,"comment_status":"closed","ping_status":"open","sticky":false,"template":"","format":"standard","meta":{"rop_custom_images_group":[],"rop_custom_messages_group":[],"rop_publish_now":"yes","rop_publish_now_accounts":[],"rop_publish_now_history":[],"rop_publish_now_status":"pending","footnotes":""},"categories":[16],"tags":[],"class_list":["post-31841","post","type-post","status-publish","format-standard","has-post-thumbnail","hentry","category-entertainment"],"amp_enabled":true,"_links":{"self":[{"href":"https:\/\/imais.online\/portal\/wp-json\/wp\/v2\/posts\/31841","targetHints":{"allow":["GET"]}}],"collection":[{"href":"https:\/\/imais.online\/portal\/wp-json\/wp\/v2\/posts"}],"about":[{"href":"https:\/\/imais.online\/portal\/wp-json\/wp\/v2\/types\/post"}],"author":[{"embeddable":true,"href":"https:\/\/imais.online\/portal\/wp-json\/wp\/v2\/users\/7"}],"replies":[{"embeddable":true,"href":"https:\/\/imais.online\/portal\/wp-json\/wp\/v2\/comments?post=31841"}],"version-history":[{"count":1,"href":"https:\/\/imais.online\/portal\/wp-json\/wp\/v2\/posts\/31841\/revisions"}],"predecessor-version":[{"id":31843,"href":"https:\/\/imais.online\/portal\/wp-json\/wp\/v2\/posts\/31841\/revisions\/31843"}],"wp:featuredmedia":[{"embeddable":true,"href":"https:\/\/imais.online\/portal\/wp-json\/wp\/v2\/media\/31842"}],"wp:attachment":[{"href":"https:\/\/imais.online\/portal\/wp-json\/wp\/v2\/media?parent=31841"}],"wp:term":[{"taxonomy":"category","embeddable":true,"href":"https:\/\/imais.online\/portal\/wp-json\/wp\/v2\/categories?post=31841"},{"taxonomy":"post_tag","embeddable":true,"href":"https:\/\/imais.online\/portal\/wp-json\/wp\/v2\/tags?post=31841"}],"curies":[{"name":"wp","href":"https:\/\/api.w.org\/{rel}","templated":true}]}}