{"id":3242,"date":"2021-11-30T07:18:41","date_gmt":"2021-11-30T10:18:41","guid":{"rendered":"https:\/\/imais.online\/portal\/?p=3242"},"modified":"2021-11-30T07:18:54","modified_gmt":"2021-11-30T10:18:54","slug":"sp-usara-vacina-da-pfizer-como-segunda-dose-em-quem-recebeu-a-janssen","status":"publish","type":"post","link":"https:\/\/imais.online\/portal\/sp-usara-vacina-da-pfizer-como-segunda-dose-em-quem-recebeu-a-janssen\/","title":{"rendered":"SP usar\u00e1 vacina da Pfizer como segunda dose em quem recebeu a Janssen"},"content":{"rendered":"<div class=\"imais-before-content-placement\" id=\"imais-585015546\"><script async src=\"\/\/pagead2.googlesyndication.com\/pagead\/js\/adsbygoogle.js?client=ca-pub-8787528412751566\" crossorigin=\"anonymous\"><\/script><ins class=\"adsbygoogle\" style=\"display:block;\" data-ad-client=\"ca-pub-8787528412751566\" \ndata-ad-slot=\"\" \ndata-ad-format=\"auto\"><\/ins>\n<script> \n(adsbygoogle = window.adsbygoogle || []).push({}); \n<\/script>\n<\/div>\n<p class=\"has-text-align-center\">Prefeitura diz que n\u00e3o h\u00e1 registro da \u00d4micron na capital<\/p>\n\n\n\n<p>A prefeitura de S\u00e3o Paulo informou que vai usar a vacina da Pfizer para a segunda dose naqueles que foram vacinadas com o imunizante da Janssen \u2013 cerca de 300 mil pessoas na capital paulista. A medida passa a valer nesta ter\u00e7a-feira (30).<img decoding=\"async\" src=\"https:\/\/agenciabrasil.ebc.com.br\/ebc.png?id=1429643&amp;o=node\"><img decoding=\"async\" src=\"https:\/\/agenciabrasil.ebc.com.br\/ebc.gif?id=1429643&amp;o=node\"><\/p>\n\n\n\n<p>Segundo a prefeitura, a intercambialidade respeita documento t\u00e9cnico do governo de S\u00e3o Paulo, que permite a utiliza\u00e7\u00e3o do imunizante da Pfizer em caso de indisponibilidade de doses da Janssen.<\/p>\n\n\n\n<p>Ficou dispensada tamb\u00e9m a obrigatoriedade da apresenta\u00e7\u00e3o de comprovante de endere\u00e7o para receber a vacina. \u201cCom o alto \u00edndice de imuniza\u00e7\u00e3o para primeira e segunda doses na capital e para fortalecer a vacina\u00e7\u00e3o nacional, qualquer pessoa pode se apresentar para receber o imunizante, independentemente do local de resid\u00eancia\u201d, informa a nota.<\/p>\n\n\n\n<h2 class=\"wp-block-heading\">Variante \u00d4micron<\/h2>\n\n\n\n<p>A prefeitura refor\u00e7ou que n\u00e3o h\u00e1 registro de pacientes com a nova variante \u00d4micron, mas informou ter determinado os hospitais de refer\u00eancia para recebimento de poss\u00edveis casos: o&nbsp; Hospital Municipal Tide Set\u00fabal e o Hospital Geral Guaianazes.<\/p>\n\n\n\n<p>Todas as amostras recebidas pelo Instituto Butantan, pela Universidade de S\u00e3o Paulo (USP) e pelo Instituto Adolfo Lutz, no momento, apontam a variante Delta. A coleta, agora, passa a incluir pacientes sintom\u00e1ticos vindos de pa\u00edses africanos, que ter\u00e3o os dados recolhidos e receber\u00e3o orienta\u00e7\u00e3o para cumprir quarentena de 14 dias, de forma a serem monitorados pelas autoridades de sa\u00fade.<\/p>\n","protected":false},"excerpt":{"rendered":"<p>Prefeitura diz que n\u00e3o h\u00e1 registro da \u00d4micron na capital A prefeitura de S\u00e3o Paulo informou que vai usar a vacina da Pfizer para a segunda dose naqueles que foram vacinadas com o imunizante da Janssen \u2013 cerca de 300 mil pessoas na capital paulista. A medida passa a valer nesta ter\u00e7a-feira (30). Segundo a [&hellip;]<\/p>\n","protected":false},"author":7,"featured_media":3243,"comment_status":"closed","ping_status":"open","sticky":false,"template":"","format":"standard","meta":{"rop_custom_images_group":[],"rop_custom_messages_group":[],"rop_publish_now":"initial","rop_publish_now_accounts":[],"rop_publish_now_history":[],"rop_publish_now_status":"pending","footnotes":""},"categories":[195],"tags":[73],"class_list":["post-3242","post","type-post","status-publish","format-standard","has-post-thumbnail","hentry","category-sao-paulo","tag-featured"],"amp_enabled":true,"_links":{"self":[{"href":"https:\/\/imais.online\/portal\/wp-json\/wp\/v2\/posts\/3242","targetHints":{"allow":["GET"]}}],"collection":[{"href":"https:\/\/imais.online\/portal\/wp-json\/wp\/v2\/posts"}],"about":[{"href":"https:\/\/imais.online\/portal\/wp-json\/wp\/v2\/types\/post"}],"author":[{"embeddable":true,"href":"https:\/\/imais.online\/portal\/wp-json\/wp\/v2\/users\/7"}],"replies":[{"embeddable":true,"href":"https:\/\/imais.online\/portal\/wp-json\/wp\/v2\/comments?post=3242"}],"version-history":[{"count":1,"href":"https:\/\/imais.online\/portal\/wp-json\/wp\/v2\/posts\/3242\/revisions"}],"predecessor-version":[{"id":3244,"href":"https:\/\/imais.online\/portal\/wp-json\/wp\/v2\/posts\/3242\/revisions\/3244"}],"wp:featuredmedia":[{"embeddable":true,"href":"https:\/\/imais.online\/portal\/wp-json\/wp\/v2\/media\/3243"}],"wp:attachment":[{"href":"https:\/\/imais.online\/portal\/wp-json\/wp\/v2\/media?parent=3242"}],"wp:term":[{"taxonomy":"category","embeddable":true,"href":"https:\/\/imais.online\/portal\/wp-json\/wp\/v2\/categories?post=3242"},{"taxonomy":"post_tag","embeddable":true,"href":"https:\/\/imais.online\/portal\/wp-json\/wp\/v2\/tags?post=3242"}],"curies":[{"name":"wp","href":"https:\/\/api.w.org\/{rel}","templated":true}]}}