{"id":3283,"date":"2021-12-02T10:21:12","date_gmt":"2021-12-02T13:21:12","guid":{"rendered":"https:\/\/imais.online\/portal\/?p=3283"},"modified":"2021-12-02T10:21:13","modified_gmt":"2021-12-02T13:21:13","slug":"sp-cancela-liberacao-do-uso-de-mascaras-em-locais-abertos","status":"publish","type":"post","link":"https:\/\/imais.online\/portal\/sp-cancela-liberacao-do-uso-de-mascaras-em-locais-abertos\/","title":{"rendered":"SP cancela libera\u00e7\u00e3o do uso de m\u00e1scaras em locais abertos"},"content":{"rendered":"<div class=\"imais-before-content-placement\" id=\"imais-3162149903\"><script async src=\"\/\/pagead2.googlesyndication.com\/pagead\/js\/adsbygoogle.js?client=ca-pub-8787528412751566\" crossorigin=\"anonymous\"><\/script><ins class=\"adsbygoogle\" style=\"display:block;\" data-ad-client=\"ca-pub-8787528412751566\" \ndata-ad-slot=\"\" \ndata-ad-format=\"auto\"><\/ins>\n<script> \n(adsbygoogle = window.adsbygoogle || []).push({}); \n<\/script>\n<\/div>\n<p class=\"has-text-align-center\">Decis\u00e3o do Comit\u00ea Cient\u00edfico do Governo leva em conta o avan\u00e7o da \u00d4micron no estado. S\u00e3o tr\u00eas casos confirmados da\u00a0variante<\/p>\n\n\n\n<p>O estado de S\u00e3o Paulo vai manter o uso obrigat\u00f3rio de m\u00e1scaras contra o coronav\u00edrus em locais abertos mesmo ap\u00f3s o dia 11, quando a libera\u00e7\u00e3o ocorreria segundo recomenda\u00e7\u00e3o do governo. A decis\u00e3o, baseada na recomenda\u00e7\u00e3o do Comit\u00ea Cient\u00edfico do Governo, veio ap\u00f3s a confirma\u00e7\u00e3o de casos da variante \u00d4micron no estado.<\/p>\n\n\n\n<p>Ap\u00f3s pedido de uma nova avalia\u00e7\u00e3o por parte do governador na tarde de ter\u00e7a-feira (30), o \u00f3rg\u00e3o t\u00e9cnico pediu a manuten\u00e7\u00e3o da obrigatoriedade da m\u00e1scara.\u00a0Na recomenda\u00e7\u00e3o, &#8220;o Comit\u00ea apontou que h\u00e1 incertezas quanto ao impacto da variante \u00d4micron \u00e0s v\u00e9speras do fim de ano. Os per\u00edodos de Natal e do R\u00e9veillon costumam provocar grandes aglomera\u00e7\u00f5es, o que facilita a transmiss\u00e3o de doen\u00e7as respirat\u00f3rias como a Covid-19&#8221;.<\/p>\n\n\n\n<p>\u201cDecidimos adotar essa medida por prud\u00eancia com o cen\u00e1rio epidemiol\u00f3gico no estado. Todos os n\u00fameros demonstram que a pandemia est\u00e1 recuando em S\u00e3o Paulo, mas vamos optar pela precau\u00e7\u00e3o. O nosso maior compromisso \u00e9 com a sa\u00fade da popula\u00e7\u00e3o\u201d, disse o governador Jo\u00e3o Doria (PSDB).<\/p>\n\n\n\n<p>Tamb\u00e9m a festa de R\u00e9veillon na capital paulista foi cancelada. A informa\u00e7\u00e3o foi confirmada nesta quinta-feira (2) pelo secret\u00e1rio municipal de Sa\u00fade, Edson Aparecido. Segundo ele, o novo estudo indicou a necessidade de cautela diante do avan\u00e7o da \u00d4micron.<\/p>\n\n\n\n<p><strong>S\u00e3o Paulo j\u00e1 tem tr\u00eas casos confirmados da variante<\/strong>. Os pacientes, diagnosticados por meio de testes, est\u00e3o em isolamento.<\/p>\n\n\n\n<p>Via R7.com<\/p>\n","protected":false},"excerpt":{"rendered":"<p>Decis\u00e3o do Comit\u00ea Cient\u00edfico do Governo leva em conta o avan\u00e7o da \u00d4micron no estado. S\u00e3o tr\u00eas casos confirmados da\u00a0variante O estado de S\u00e3o Paulo vai manter o uso obrigat\u00f3rio de m\u00e1scaras contra o coronav\u00edrus em locais abertos mesmo ap\u00f3s o dia 11, quando a libera\u00e7\u00e3o ocorreria segundo recomenda\u00e7\u00e3o do governo. A decis\u00e3o, baseada na [&hellip;]<\/p>\n","protected":false},"author":7,"featured_media":3284,"comment_status":"closed","ping_status":"open","sticky":false,"template":"","format":"standard","meta":{"rop_custom_images_group":[],"rop_custom_messages_group":[],"rop_publish_now":"initial","rop_publish_now_accounts":[],"rop_publish_now_history":[],"rop_publish_now_status":"pending","footnotes":""},"categories":[195],"tags":[73],"class_list":["post-3283","post","type-post","status-publish","format-standard","has-post-thumbnail","hentry","category-sao-paulo","tag-featured"],"amp_enabled":true,"_links":{"self":[{"href":"https:\/\/imais.online\/portal\/wp-json\/wp\/v2\/posts\/3283","targetHints":{"allow":["GET"]}}],"collection":[{"href":"https:\/\/imais.online\/portal\/wp-json\/wp\/v2\/posts"}],"about":[{"href":"https:\/\/imais.online\/portal\/wp-json\/wp\/v2\/types\/post"}],"author":[{"embeddable":true,"href":"https:\/\/imais.online\/portal\/wp-json\/wp\/v2\/users\/7"}],"replies":[{"embeddable":true,"href":"https:\/\/imais.online\/portal\/wp-json\/wp\/v2\/comments?post=3283"}],"version-history":[{"count":1,"href":"https:\/\/imais.online\/portal\/wp-json\/wp\/v2\/posts\/3283\/revisions"}],"predecessor-version":[{"id":3285,"href":"https:\/\/imais.online\/portal\/wp-json\/wp\/v2\/posts\/3283\/revisions\/3285"}],"wp:featuredmedia":[{"embeddable":true,"href":"https:\/\/imais.online\/portal\/wp-json\/wp\/v2\/media\/3284"}],"wp:attachment":[{"href":"https:\/\/imais.online\/portal\/wp-json\/wp\/v2\/media?parent=3283"}],"wp:term":[{"taxonomy":"category","embeddable":true,"href":"https:\/\/imais.online\/portal\/wp-json\/wp\/v2\/categories?post=3283"},{"taxonomy":"post_tag","embeddable":true,"href":"https:\/\/imais.online\/portal\/wp-json\/wp\/v2\/tags?post=3283"}],"curies":[{"name":"wp","href":"https:\/\/api.w.org\/{rel}","templated":true}]}}