{"id":3313,"date":"2021-12-03T16:02:35","date_gmt":"2021-12-03T19:02:35","guid":{"rendered":"https:\/\/imais.online\/portal\/?p=3313"},"modified":"2021-12-03T16:03:38","modified_gmt":"2021-12-03T19:03:38","slug":"sao-paulo-teve-o-novembro-com-menos-chuva-em-9-anos","status":"publish","type":"post","link":"https:\/\/imais.online\/portal\/sao-paulo-teve-o-novembro-com-menos-chuva-em-9-anos\/","title":{"rendered":"S\u00e3o Paulo teve o novembro com menos chuva em 9 anos"},"content":{"rendered":"<div class=\"imais-before-content-placement\" id=\"imais-2364765423\"><script async src=\"\/\/pagead2.googlesyndication.com\/pagead\/js\/adsbygoogle.js?client=ca-pub-8787528412751566\" crossorigin=\"anonymous\"><\/script><ins class=\"adsbygoogle\" style=\"display:block;\" data-ad-client=\"ca-pub-8787528412751566\" \ndata-ad-slot=\"\" \ndata-ad-format=\"auto\"><\/ins>\n<script> \n(adsbygoogle = window.adsbygoogle || []).push({}); \n<\/script>\n<\/div>\n<p class=\"has-text-align-center\"><em>Chuva de 2021 est\u00e1 quase 600mm abaixo da m\u00e9dia. Apenas os meses de agosto e outubro tiveram mais chuva do que o normal.<\/em><\/p>\n\n\n\n<p>O temporal que caiu na \u00faltima tarde de novembro n\u00e3o mudou o esp\u00edrito do m\u00eas: a cidade de S\u00e3o Paulo teve o novembro com menos chuva em 9 anos. \u00c9 o que revelou a totaliza\u00e7\u00e3o da precipita\u00e7\u00e3o ao longo do m\u00eas, das medi\u00e7\u00f5es feitas pela esta\u00e7\u00e3o meteorol\u00f3gica autom\u00e1tica do Instituto Nacional de Meteorologia (Inmet), localizada no Mirante de Santana, na zona norte da capital paulista.<\/p>\n\n\n\n<p><strong>Menos de 100 mm no m\u00eas<\/strong><\/p>\n\n\n\n<p>O total de chuva acumulado do dia 1 at\u00e9 9h do dia 30 de novembro de 2021 foi de 98,6 mm. Esta foi a menor quantidade de chuva para um novembro na cidade de S\u00e3o Paulo desde 2012, quando o m\u00eas fechou com 97,0 mm, considerando a medi\u00e7\u00e3o autom\u00e1tica feita pelo Inmet. A m\u00e9dia de chuva normal para novembro \u00e9 de 137,0 mm.<\/p>\n\n\n\n<p>Novembro de 2021 terminou com 72% da m\u00e9dia para o m\u00eas e entra na conta dos meses que n\u00e3o alcan\u00e7aram a m\u00e9dia Climatol\u00f3gica de precipita\u00e7\u00e3o. O m\u00eas teve apenas 9 dias com alguma chuva, na medi\u00e7\u00e3o do Inmet.<\/p>\n\n\n\n<p>Este ano n\u00e3o est\u00e1 sendo bom de chuva para o estado de S\u00e3o Paulo, de forma geral. No caso da capital paulista, apenas agosto e outubro tiveram chuva acima da m\u00e9dia hist\u00f3rica. O total de precipita\u00e7\u00e3o acumulado desde janeiro, pela medi\u00e7\u00e3o autom\u00e1tica, foi de 1026,1 mm, sendo que a m\u00e9dia anual \u00e9 de 1616,0 mm.<\/p>\n\n\n\n<p><strong>Por qu\u00ea est\u00e1 chovendo menos em SP este ano?<\/strong><\/p>\n\n\n\n<p>Cad\u00ea os 589 mm que faltam para chegar na m\u00e9dia anual? Grande parte da culpa pela falta de chuva em 2021 recai sobre o fen\u00f4meno La Ni\u00f1a, que atuou no ver\u00e3o 2020\/2021, e voltou na primavera de 2021.<\/p>\n\n\n\n<p>As frentes frias est\u00e3o conseguindo passar por S\u00e3o Paulo, mas em geral, r\u00e1pido demais. As altera\u00e7\u00f5es na circula\u00e7\u00e3o dos ventos provocados pelo La Ni\u00f1a, em v\u00e1rios n\u00edveis da atmosfera, est\u00e3o fazendo com que os corredores de umidade mais fortes e persistentes se organizem este ano ao norte da Regi\u00e3o Sudeste, regi\u00e3o entre Minas Gerais, Bahia e Esp\u00edrito Santo. Assim, as \u00e1reas de instabilidade n\u00e3o ficam muito tempo sobre S\u00e3o Paulo e a chuva dura poucos dias.<\/p>\n\n\n\n<p>Outro fator que est\u00e1 embutido nesta falta de chuva \u00e9 a fase negativa da Oscila\u00e7\u00e3o Decadal do Pac\u00edfico , que facilita a ocorr\u00eancia de mais eventos La Ni\u00f1a do que El Ni\u00f1os.<\/p>\n\n\n\n<p><strong>Dezembro come\u00e7a seco<\/strong><\/p>\n\n\n\n<p>Ap\u00f3s a passagem de uma frente fria, com direito a temporal e alagamento, uma massa de ar seco predomina sobre o estado de S\u00e3o Paulo nos primeiros dias de dezembro de 2021 e a maioria das \u00e1reas do estado v\u00e3o ficar sem chuva.<\/p>\n\n\n\n<p>At\u00e9 o pr\u00f3ximo domingo, 5 de dezembro, algumas pancadas de chuva poder\u00e3o ocorrer na divisa com Minas Gerais e com o <a href=\"https:\/\/conteudocomunicacao.com\/link.php?code=bDpodHRwcyUzQSUyRiUyRnd3dy5jbGltYXRlbXBvLmNvbS5iciUyRnByZXZpc2FvLWRvLXRlbXBvJTJGY2lkYWRlJTJGMzIxJTJGcmlvZGVqYW5laXJvLXJqOjMxNDI5ODg1NTY6Y29udGV1ZG9AaW1haXMub25saW5lOjMxNGM2Nw==\">Rio De Janeiro <\/a>, mas as outras regi\u00f5es paulistas ficam secas. As noites ser\u00e3o frescas e a tarde quente.<\/p>\n\n\n\n<p>A cidade de S\u00e3o Paulo tamb\u00e9m ficar\u00e1 sem chuva at\u00e9 o dia 5 de dezembro. At\u00e9 a sexta-feira, 3, o sol aparece entre muitas nuvens.<\/p>\n","protected":false},"excerpt":{"rendered":"<p>Chuva de 2021 est\u00e1 quase 600mm abaixo da m\u00e9dia. Apenas os meses de agosto e outubro tiveram mais chuva do que o normal. O temporal que caiu na \u00faltima tarde de novembro n\u00e3o mudou o esp\u00edrito do m\u00eas: a cidade de S\u00e3o Paulo teve o novembro com menos chuva em 9 anos. \u00c9 o que [&hellip;]<\/p>\n","protected":false},"author":7,"featured_media":3314,"comment_status":"closed","ping_status":"open","sticky":false,"template":"","format":"standard","meta":{"rop_custom_images_group":[],"rop_custom_messages_group":[],"rop_publish_now":"initial","rop_publish_now_accounts":[],"rop_publish_now_history":[],"rop_publish_now_status":"pending","footnotes":""},"categories":[195],"tags":[73],"class_list":["post-3313","post","type-post","status-publish","format-standard","has-post-thumbnail","hentry","category-sao-paulo","tag-featured"],"amp_enabled":true,"_links":{"self":[{"href":"https:\/\/imais.online\/portal\/wp-json\/wp\/v2\/posts\/3313","targetHints":{"allow":["GET"]}}],"collection":[{"href":"https:\/\/imais.online\/portal\/wp-json\/wp\/v2\/posts"}],"about":[{"href":"https:\/\/imais.online\/portal\/wp-json\/wp\/v2\/types\/post"}],"author":[{"embeddable":true,"href":"https:\/\/imais.online\/portal\/wp-json\/wp\/v2\/users\/7"}],"replies":[{"embeddable":true,"href":"https:\/\/imais.online\/portal\/wp-json\/wp\/v2\/comments?post=3313"}],"version-history":[{"count":1,"href":"https:\/\/imais.online\/portal\/wp-json\/wp\/v2\/posts\/3313\/revisions"}],"predecessor-version":[{"id":3315,"href":"https:\/\/imais.online\/portal\/wp-json\/wp\/v2\/posts\/3313\/revisions\/3315"}],"wp:featuredmedia":[{"embeddable":true,"href":"https:\/\/imais.online\/portal\/wp-json\/wp\/v2\/media\/3314"}],"wp:attachment":[{"href":"https:\/\/imais.online\/portal\/wp-json\/wp\/v2\/media?parent=3313"}],"wp:term":[{"taxonomy":"category","embeddable":true,"href":"https:\/\/imais.online\/portal\/wp-json\/wp\/v2\/categories?post=3313"},{"taxonomy":"post_tag","embeddable":true,"href":"https:\/\/imais.online\/portal\/wp-json\/wp\/v2\/tags?post=3313"}],"curies":[{"name":"wp","href":"https:\/\/api.w.org\/{rel}","templated":true}]}}