{"id":3339,"date":"2021-12-07T10:47:02","date_gmt":"2021-12-07T13:47:02","guid":{"rendered":"https:\/\/imais.online\/portal\/?p=3339"},"modified":"2021-12-07T10:47:05","modified_gmt":"2021-12-07T13:47:05","slug":"tcu-identifica-350-mil-pessoas-que-receberam-auxilio-irregularmente","status":"publish","type":"post","link":"https:\/\/imais.online\/portal\/tcu-identifica-350-mil-pessoas-que-receberam-auxilio-irregularmente\/","title":{"rendered":"TCU identifica 350 mil pessoas que receberam aux\u00edlio irregularmente"},"content":{"rendered":"<div class=\"imais-before-content-placement\" id=\"imais-1711807772\"><script async src=\"\/\/pagead2.googlesyndication.com\/pagead\/js\/adsbygoogle.js?client=ca-pub-8787528412751566\" crossorigin=\"anonymous\"><\/script><ins class=\"adsbygoogle\" style=\"display:block;\" data-ad-client=\"ca-pub-8787528412751566\" \ndata-ad-slot=\"\" \ndata-ad-format=\"auto\"><\/ins>\n<script> \n(adsbygoogle = window.adsbygoogle || []).push({}); \n<\/script>\n<\/div>\n<h3 class=\"wp-block-heading\">O valor pago \u00e9 estimado em R$ 100 milh\u00f5es<\/h3>\n\n\n\n<p>O Tribunal de Contas da Uni\u00e3o (TCU) informou que uma auditoria identificou ind\u00edcios de recebimento indevido do Aux\u00edlio Emergencial por 350 mil pessoas. O valor pago \u00e9 estimado em R$ 100 milh\u00f5es. Os dados foram divulgados hoje (6), por meio do ac\u00f3rd\u00e3o da auditoria.&nbsp;<img decoding=\"async\" src=\"https:\/\/agenciabrasil.ebc.com.br\/ebc.png?id=1430606&amp;o=node\"><img decoding=\"async\" src=\"https:\/\/agenciabrasil.ebc.com.br\/ebc.gif?id=1430606&amp;o=node\"><\/p>\n\n\n\n<p>Ao analisar a folha de pagamento de abril a julho deste ano, a equipe de fiscaliza\u00e7\u00e3o encontrou casos de benefici\u00e1rios que receberam o aux\u00edlio e possu\u00edam emprego formal em \u00f3rg\u00e3o p\u00fablico; que recebiam algum benef\u00edcio da Previd\u00eancia Social; outro tipo de aux\u00edlio do governo, al\u00e9m de situa\u00e7\u00f5es envolvendo empres\u00e1rios e pessoas com CPF irregular.&nbsp;<\/p>\n\n\n\n<p>A partir de agora, os \u00f3rg\u00e3os respons\u00e1veis pelo repasse ser\u00e3o comunicados para revisar os cadastros de benef\u00edcios. O pagamento do aux\u00edlio foi encerrado no m\u00eas passado, quando os inscritos no Cad\u00danico foram transferidos para o Aux\u00edlio Brasil, novo programa social do governo federal.&nbsp;<\/p>\n\n\n\n<p>Na semana passada, o\u00a0Minist\u00e9rio da Cidadania come\u00e7ou a enviar mensagens de celular orientando a devolu\u00e7\u00e3o volunt\u00e1ria de recursos\u00a0recebidos indevidamente do aux\u00edlio emergencial. Foi o terceiro lote a ser enviado este ano e 625 mil pessoas receber\u00e3o.<\/p>\n\n\n\n<p>Agencia Brasil <\/p>\n","protected":false},"excerpt":{"rendered":"<p>O valor pago \u00e9 estimado em R$ 100 milh\u00f5es O Tribunal de Contas da Uni\u00e3o (TCU) informou que uma auditoria identificou ind\u00edcios de recebimento indevido do Aux\u00edlio Emergencial por 350 mil pessoas. O valor pago \u00e9 estimado em R$ 100 milh\u00f5es. Os dados foram divulgados hoje (6), por meio do ac\u00f3rd\u00e3o da auditoria.&nbsp; Ao analisar [&hellip;]<\/p>\n","protected":false},"author":8,"featured_media":3340,"comment_status":"closed","ping_status":"open","sticky":false,"template":"","format":"standard","meta":{"rop_custom_images_group":[],"rop_custom_messages_group":[],"rop_publish_now":"initial","rop_publish_now_accounts":[],"rop_publish_now_history":[],"rop_publish_now_status":"pending","footnotes":""},"categories":[192],"tags":[],"class_list":["post-3339","post","type-post","status-publish","format-standard","has-post-thumbnail","hentry","category-economia"],"amp_enabled":true,"_links":{"self":[{"href":"https:\/\/imais.online\/portal\/wp-json\/wp\/v2\/posts\/3339","targetHints":{"allow":["GET"]}}],"collection":[{"href":"https:\/\/imais.online\/portal\/wp-json\/wp\/v2\/posts"}],"about":[{"href":"https:\/\/imais.online\/portal\/wp-json\/wp\/v2\/types\/post"}],"author":[{"embeddable":true,"href":"https:\/\/imais.online\/portal\/wp-json\/wp\/v2\/users\/8"}],"replies":[{"embeddable":true,"href":"https:\/\/imais.online\/portal\/wp-json\/wp\/v2\/comments?post=3339"}],"version-history":[{"count":1,"href":"https:\/\/imais.online\/portal\/wp-json\/wp\/v2\/posts\/3339\/revisions"}],"predecessor-version":[{"id":3341,"href":"https:\/\/imais.online\/portal\/wp-json\/wp\/v2\/posts\/3339\/revisions\/3341"}],"wp:featuredmedia":[{"embeddable":true,"href":"https:\/\/imais.online\/portal\/wp-json\/wp\/v2\/media\/3340"}],"wp:attachment":[{"href":"https:\/\/imais.online\/portal\/wp-json\/wp\/v2\/media?parent=3339"}],"wp:term":[{"taxonomy":"category","embeddable":true,"href":"https:\/\/imais.online\/portal\/wp-json\/wp\/v2\/categories?post=3339"},{"taxonomy":"post_tag","embeddable":true,"href":"https:\/\/imais.online\/portal\/wp-json\/wp\/v2\/tags?post=3339"}],"curies":[{"name":"wp","href":"https:\/\/api.w.org\/{rel}","templated":true}]}}