{"id":33498,"date":"2026-08-31T09:29:18","date_gmt":"2026-08-31T12:29:18","guid":{"rendered":"https:\/\/imais.online\/portal\/?p=33498"},"modified":"2026-08-31T09:29:18","modified_gmt":"2026-08-31T12:29:18","slug":"topazio-cinemas-promove-23o-festival-de-filmes-italianos-em-indaiatuba","status":"publish","type":"post","link":"https:\/\/imais.online\/portal\/topazio-cinemas-promove-23o-festival-de-filmes-italianos-em-indaiatuba\/","title":{"rendered":"Top\u00e1zio Cinemas promove 23\u00ba Festival de Filmes Italianos em Indaiatuba"},"content":{"rendered":"<div id=\"imais-2416041143\" class=\"imais-before-content-placement imais-entity-placement\"><script async src=\"\/\/pagead2.googlesyndication.com\/pagead\/js\/adsbygoogle.js?client=ca-pub-8787528412751566\" crossorigin=\"anonymous\"><\/script><ins class=\"adsbygoogle\" style=\"display:block;\" data-ad-client=\"ca-pub-8787528412751566\" \ndata-ad-slot=\"\" \ndata-ad-format=\"auto\"><\/ins>\n<script> \n(adsbygoogle = window.adsbygoogle || []).push({}); \n<\/script>\n<\/div>\n<p class=\"has-text-align-center wp-block-paragraph\">Mostra re\u00fane quatro produ\u00e7\u00f5es do novo cinema italiano e ter\u00e1 sess\u00f5es beneficentes no Shopping Jaragu\u00e1 Indaiatuba<\/p>\n\n\n\n<p class=\"wp-block-paragraph\"><strong>Mostra acontece em setembro, re\u00fane quatro produ\u00e7\u00f5es contempor\u00e2neas e ter\u00e1 entrada solid\u00e1ria com arrecada\u00e7\u00e3o de alimentos para entidades do munic\u00edpio<\/strong><\/p>\n\n\n\n<p class=\"wp-block-paragraph\">O Top\u00e1zio Cinemas promove, em setembro, a 23\u00aa edi\u00e7\u00e3o do Festival de Filmes Italianos em Indaiatuba. A mostra ter\u00e1 quatro sess\u00f5es, sempre \u00e0s quintas-feiras, \u00e0s 19h30, reunindo produ\u00e7\u00f5es recentes que representam diferentes estilos e hist\u00f3rias do cinema italiano.<\/p>\n\n\n\n<p class=\"wp-block-paragraph\">As exibi\u00e7\u00f5es acontecem nos dias <strong>3, 10, 17 e 24 de setembro<\/strong>, no Top\u00e1zio Cinemas do Shopping Jaragu\u00e1 Indaiatuba. A entrada ser\u00e1 solid\u00e1ria: os ingressos poder\u00e3o ser retirados gratuitamente pelo site do cinema um dia antes de cada sess\u00e3o e dever\u00e3o ser validados na entrada mediante a doa\u00e7\u00e3o de <strong>1 quilo de alimento n\u00e3o perec\u00edvel<\/strong>.<\/p>\n\n\n\n<p class=\"wp-block-paragraph\">Os alimentos arrecadados ser\u00e3o destinados \u00e0 <strong>ABID \u2013 Associa\u00e7\u00e3o Beneficente Irm\u00e3 Dulce<\/strong> e ao <strong>Lar de Velhos Emmanuel<\/strong>, contribuindo com o trabalho desenvolvido pelas duas institui\u00e7\u00f5es.<\/p>\n\n\n\n<p class=\"wp-block-paragraph\">A programa\u00e7\u00e3o come\u00e7a no dia <strong>3 de setembro<\/strong>, com <em>A Gra\u00e7a<\/em>, dirigido por Paolo Sorrentino. No dia <strong>10<\/strong>, ser\u00e1 exibido <em>A \u00daltima Rodada<\/em>, de Francesco Sossai. J\u00e1 em <strong>17 de setembro<\/strong>, o p\u00fablico poder\u00e1 assistir a <em>Diamantes<\/em>, de Ferzan \u00d6zpetek. Encerrando a mostra, no dia <strong>24<\/strong>, ser\u00e1 apresentado <em>Primavera<\/em>, de Damiano Michieletto.<\/p>\n\n\n\n<p class=\"wp-block-paragraph\">Al\u00e9m da sess\u00e3o de cinema, o encerramento ter\u00e1 uma atra\u00e7\u00e3o musical. A partir das <strong>18h30 do dia 24<\/strong>, Jos\u00e9 Armando Fernandes, o Barrinha, far\u00e1 um pocket show com m\u00fasicas italianas no espa\u00e7o dos cinemas.<\/p>\n\n\n\n<p class=\"wp-block-paragraph\">Segundo Paulo Celso Lui, diretor do Top\u00e1zio Cinemas, o festival \u00e9 uma tradi\u00e7\u00e3o que teve in\u00edcio com seu pai, Paulo Ant\u00f4nio Lui, e que ser\u00e1 mantida como forma de homenage\u00e1-lo e tamb\u00e9m de atender aos pedidos do p\u00fablico.<\/p>\n\n\n\n<blockquote class=\"wp-block-quote is-layout-flow wp-block-quote-is-layout-flow\">\n<p class=\"wp-block-paragraph\">\u201cO Festival de Filmes Italianos \u00e9 uma tradi\u00e7\u00e3o criada por meu pai, Paulo Ant\u00f4nio Lui, e que iremos manter em sua homenagem e atendendo a apelos de nosso p\u00fablico. Est\u00e3o todos convidados\u201d, destaca.<\/p>\n<\/blockquote>\n\n\n\n<h2 class=\"wp-block-heading\">Confira a programa\u00e7\u00e3o<\/h2>\n\n\n\n<p class=\"wp-block-paragraph\"><strong>3 de setembro \u2013 19h30<\/strong><\/p>\n\n\n\n<h3 class=\"wp-block-heading\"><em>A Gra\u00e7a<\/em>, de Paolo Sorrentino<\/h3>\n\n\n\n<p class=\"wp-block-paragraph\"><strong>Classifica\u00e7\u00e3o: 14 anos<\/strong><\/p>\n\n\n\n<p class=\"wp-block-paragraph\">O presidente da It\u00e1lia, Mariano De Santis, interpretado por Toni Servillo, vive os \u00faltimos dias de seu mandato diante de decis\u00f5es que envolvem dilemas \u00e9ticos e pol\u00edticos, incluindo a aprova\u00e7\u00e3o de uma lei sobre eutan\u00e1sia e o perd\u00e3o presidencial a criminosos. Em meio \u00e0 solid\u00e3o provocada pelo poder, ele busca apoio na filha e conselheira Dorotea para tomar decis\u00f5es que poder\u00e3o definir seu legado.<\/p>\n\n\n\n<p class=\"wp-block-paragraph\">O filme rendeu a Toni Servillo o pr\u00eamio de <strong>Melhor Ator no Festival de Veneza de 2025<\/strong>, enquanto Paolo Sorrentino recebeu o pr\u00eamio de <strong>Melhor Roteiro no Festival de Chicago<\/strong>, tamb\u00e9m em 2025.<\/p>\n\n\n\n<p class=\"wp-block-paragraph\"><strong>10 de setembro \u2013 19h30<\/strong><\/p>\n\n\n\n<h3 class=\"wp-block-heading\"><em>A \u00daltima Rodada<\/em>, de Francesco Sossai<\/h3>\n\n\n\n<p class=\"wp-block-paragraph\"><strong>Classifica\u00e7\u00e3o: 14 anos<\/strong><\/p>\n\n\n\n<p class=\"wp-block-paragraph\">Carlobianchi e Doriano s\u00e3o dois homens na casa dos 50 anos, falidos e sem rumo, que percorrem bares da regi\u00e3o do V\u00eaneto em busca da pr\u00f3xima rodada. Durante a jornada, eles conhecem Giulio, um estudante de arquitetura que enfrenta uma desilus\u00e3o amorosa. O encontro d\u00e1 in\u00edcio a uma inesperada viagem que transforma a maneira como o jovem enxerga a vida.<\/p>\n\n\n\n<p class=\"wp-block-paragraph\">A produ\u00e7\u00e3o foi vencedora de <strong>oito estatuetas do 71\u00ba Pr\u00eamio David di Donatello<\/strong>, realizado em maio deste ano.<\/p>\n\n\n\n<p class=\"wp-block-paragraph\"><strong>17 de setembro \u2013 19h30<\/strong><\/p>\n\n\n\n<h3 class=\"wp-block-heading\"><em>Diamantes<\/em>, de Ferzan \u00d6zpetek<\/h3>\n\n\n\n<p class=\"wp-block-paragraph\"><strong>Classifica\u00e7\u00e3o: 14 anos<\/strong><\/p>\n\n\n\n<p class=\"wp-block-paragraph\">Um cineasta re\u00fane suas atrizes favoritas para apresentar um novo roteiro. Aos poucos, os limites entre fic\u00e7\u00e3o e realidade desaparecem, levando a hist\u00f3ria para a Roma dos anos 1970. A trama acompanha a rotina de um ateli\u00ea de figurinos cinematogr\u00e1ficos, onde mulheres dividem paix\u00f5es, conflitos, dores e uma forte rela\u00e7\u00e3o de sororidade.<\/p>\n\n\n\n<p class=\"wp-block-paragraph\">O elenco conta com nomes como Luisa Ranieri, Jasmine Trinca, Anna Ferzetti, Nicole Grimaudo e Aurora Giovinazzo. O filme recebeu o <strong>Pr\u00eamio Pirelli 2025<\/strong>, como o mais assistido pelo p\u00fablico no Festival de Cinema Italiano no Brasil.<\/p>\n\n\n\n<p class=\"wp-block-paragraph\"><strong>24 de setembro \u2013 19h30<\/strong><\/p>\n\n\n\n<h3 class=\"wp-block-heading\"><em>Primavera<\/em>, de Damiano Michieletto<\/h3>\n\n\n\n<p class=\"wp-block-paragraph\"><strong>Classifica\u00e7\u00e3o: 14 anos<\/strong><\/p>\n\n\n\n<p class=\"wp-block-paragraph\">No s\u00e9culo XVIII, a jovem \u00f3rf\u00e3 Cec\u00edlia vive confinada no Ospedale della Piet\u00e0, em Veneza, institui\u00e7\u00e3o que funciona como orfanato e conservat\u00f3rio musical. Dotada de grande talento para o violino, ela passa os dias isolada e tocando escondida atr\u00e1s das grades.<\/p>\n\n\n\n<p class=\"wp-block-paragraph\">Sua rotina muda com a chegada do professor Antonio Vivaldi, que reconhece seu talento e desperta na jovem a coragem para enfrentar as limita\u00e7\u00f5es impostas pela institui\u00e7\u00e3o e buscar liberdade por meio da m\u00fasica.<\/p>\n\n\n\n<p class=\"wp-block-paragraph\"><em>Primavera<\/em> tamb\u00e9m foi destaque no 71\u00ba Pr\u00eamio David di Donatello, conquistando <strong>quatro estatuetas<\/strong> em maio deste ano.<\/p>\n\n\n\n<h3 class=\"wp-block-heading\">Servi\u00e7o<\/h3>\n\n\n\n<p class=\"wp-block-paragraph\"><strong>23\u00ba Festival de Filmes Italianos<\/strong><br><strong>Local:<\/strong> Top\u00e1zio Cinemas \u2013 Shopping Jaragu\u00e1 Indaiatuba<br><strong>Endere\u00e7o:<\/strong> Rua 15 de Novembro, 1.200, Centro \u2013 Indaiatuba<br><strong>Datas:<\/strong> 3, 10, 17 e 24 de setembro<br><strong>Hor\u00e1rio:<\/strong> 19h30<br><strong>Entrada:<\/strong> 1 quilo de alimento n\u00e3o perec\u00edvel<br><strong>Ingressos:<\/strong> retirada pelo site do Top\u00e1zio Cinemas um dia antes de cada sess\u00e3o<\/p>\n","protected":false},"excerpt":{"rendered":"<p>Mostra re\u00fane quatro produ\u00e7\u00f5es do novo cinema italiano e ter\u00e1 sess\u00f5es beneficentes no Shopping Jaragu\u00e1 Indaiatuba Mostra acontece em setembro, re\u00fane quatro produ\u00e7\u00f5es contempor\u00e2neas e ter\u00e1 entrada solid\u00e1ria com arrecada\u00e7\u00e3o de alimentos para entidades do munic\u00edpio O Top\u00e1zio Cinemas promove, em setembro, a 23\u00aa edi\u00e7\u00e3o do Festival de Filmes Italianos em Indaiatuba. A mostra ter\u00e1 [&hellip;]<\/p>\n","protected":false},"author":7,"featured_media":33499,"comment_status":"closed","ping_status":"open","sticky":false,"template":"","format":"standard","meta":{"rop_custom_images_group":[],"rop_custom_messages_group":[],"rop_publish_now":"yes","rop_publish_now_accounts":[],"rop_publish_now_history":[],"rop_publish_now_status":"pending","footnotes":""},"categories":[200],"tags":[],"class_list":["post-33498","post","type-post","status-publish","format-standard","has-post-thumbnail","hentry","category-cultura"],"_links":{"self":[{"href":"https:\/\/imais.online\/portal\/wp-json\/wp\/v2\/posts\/33498","targetHints":{"allow":["GET"]}}],"collection":[{"href":"https:\/\/imais.online\/portal\/wp-json\/wp\/v2\/posts"}],"about":[{"href":"https:\/\/imais.online\/portal\/wp-json\/wp\/v2\/types\/post"}],"author":[{"embeddable":true,"href":"https:\/\/imais.online\/portal\/wp-json\/wp\/v2\/users\/7"}],"replies":[{"embeddable":true,"href":"https:\/\/imais.online\/portal\/wp-json\/wp\/v2\/comments?post=33498"}],"version-history":[{"count":1,"href":"https:\/\/imais.online\/portal\/wp-json\/wp\/v2\/posts\/33498\/revisions"}],"predecessor-version":[{"id":33500,"href":"https:\/\/imais.online\/portal\/wp-json\/wp\/v2\/posts\/33498\/revisions\/33500"}],"wp:featuredmedia":[{"embeddable":true,"href":"https:\/\/imais.online\/portal\/wp-json\/wp\/v2\/media\/33499"}],"wp:attachment":[{"href":"https:\/\/imais.online\/portal\/wp-json\/wp\/v2\/media?parent=33498"}],"wp:term":[{"taxonomy":"category","embeddable":true,"href":"https:\/\/imais.online\/portal\/wp-json\/wp\/v2\/categories?post=33498"},{"taxonomy":"post_tag","embeddable":true,"href":"https:\/\/imais.online\/portal\/wp-json\/wp\/v2\/tags?post=33498"}],"curies":[{"name":"wp","href":"https:\/\/api.w.org\/{rel}","templated":true}]}}