{"id":33501,"date":"2026-08-31T09:36:01","date_gmt":"2026-08-31T12:36:01","guid":{"rendered":"https:\/\/imais.online\/portal\/?p=33501"},"modified":"2026-08-31T09:36:01","modified_gmt":"2026-08-31T12:36:01","slug":"indaiatuba-lidera-ranking-nacional-em-indicadores-sociais-e-educacao","status":"publish","type":"post","link":"https:\/\/imais.online\/portal\/indaiatuba-lidera-ranking-nacional-em-indicadores-sociais-e-educacao\/","title":{"rendered":"Indaiatuba lidera ranking nacional em indicadores sociais e educa\u00e7\u00e3o"},"content":{"rendered":"<div id=\"imais-1050782853\" class=\"imais-before-content-placement imais-entity-placement\"><script async src=\"\/\/pagead2.googlesyndication.com\/pagead\/js\/adsbygoogle.js?client=ca-pub-8787528412751566\" crossorigin=\"anonymous\"><\/script><ins class=\"adsbygoogle\" style=\"display:block;\" data-ad-client=\"ca-pub-8787528412751566\" \ndata-ad-slot=\"\" \ndata-ad-format=\"auto\"><\/ins>\n<script> \n(adsbygoogle = window.adsbygoogle || []).push({}); \n<\/script>\n<\/div>\n<p class=\"has-text-align-center wp-block-paragraph\"><strong>Munic\u00edpio aparece entre os tr\u00eas primeiros colocados em nove categorias na avalia\u00e7\u00e3o que analisou cidades de todo o Brasil<\/strong><\/p>\n\n\n\n<p class=\"wp-block-paragraph\">Indaiatuba aparece em destaque no ranking <strong>\u201cAs Melhores Cidades do Brasil 2026\u201d<\/strong>, elaborado pela <em>Veja Neg\u00f3cios<\/em> em parceria com a Austin Rating. O munic\u00edpio conquistou o <strong>1\u00ba lugar em Indicadores Sociais e em Indicadores Sociais \u2013 Educa\u00e7\u00e3o<\/strong> entre as cidades da Regi\u00e3o Sudeste com mais de 200 mil habitantes.<\/p>\n\n\n\n<p class=\"wp-block-paragraph\">O levantamento analisou <strong>5.570 munic\u00edpios brasileiros<\/strong> a partir de dados fiscais, econ\u00f4micos, sociais e digitais. Nesta edi\u00e7\u00e3o, as cidades foram avaliadas em diferentes categorias, com os resultados organizados tamb\u00e9m de acordo com a regi\u00e3o e o porte populacional.<\/p>\n\n\n\n<p class=\"wp-block-paragraph\">Al\u00e9m da lideran\u00e7a nas \u00e1reas social e educacional, Indaiatuba ficou entre as tr\u00eas primeiras posi\u00e7\u00f5es em outras categorias. O munic\u00edpio alcan\u00e7ou o <strong>2\u00ba lugar no \u00cdndice de Inclus\u00e3o Social e Digital<\/strong>, em <strong>Aten\u00e7\u00e3o ao Jovem<\/strong> e em <strong>Acesso Digital ao Conhecimento<\/strong>.<\/p>\n\n\n\n<p class=\"wp-block-paragraph\">A cidade tamb\u00e9m ficou na <strong>3\u00aa posi\u00e7\u00e3o em Indicadores Digitais<\/strong> e em <strong>Capacidade de Pagamento<\/strong>, categoria relacionada aos indicadores fiscais do munic\u00edpio.<\/p>\n\n\n\n<p class=\"wp-block-paragraph\">Entre os demais resultados, Indaiatuba aparece em <strong>5\u00ba lugar em Renda e Emprego<\/strong>, 6\u00ba em Indicadores Fiscais, 9\u00ba em Desenvolvimento Municipal, 10\u00ba em Indicadores Econ\u00f4micos, 15\u00ba em Capacidade de Arrecada\u00e7\u00e3o, 15\u00ba em Com\u00e9rcio Exterior, 16\u00ba em Empresas e Neg\u00f3cios e 18\u00ba em Infraestrutura Urbana.<\/p>\n\n\n\n<h3 class=\"wp-block-heading\">Veja as principais posi\u00e7\u00f5es de Indaiatuba<\/h3>\n\n\n\n<ul class=\"wp-block-list\">\n<li><strong>1\u00ba lugar<\/strong> \u2013 Indicadores Sociais<\/li>\n\n\n\n<li><strong>1\u00ba lugar<\/strong> \u2013 Indicadores Sociais \u2013 Educa\u00e7\u00e3o<\/li>\n\n\n\n<li><strong>2\u00ba lugar<\/strong> \u2013 \u00cdndice de Inclus\u00e3o Social e Digital<\/li>\n\n\n\n<li><strong>2\u00ba lugar<\/strong> \u2013 Indicadores Sociais \u2013 Aten\u00e7\u00e3o ao Jovem<\/li>\n\n\n\n<li><strong>2\u00ba lugar<\/strong> \u2013 Indicadores Digitais \u2013 Acesso Digital ao Conhecimento<\/li>\n\n\n\n<li><strong>3\u00ba lugar<\/strong> \u2013 Indicadores Digitais<\/li>\n\n\n\n<li><strong>3\u00ba lugar<\/strong> \u2013 Indicadores Fiscais \u2013 Capacidade de Pagamento<\/li>\n\n\n\n<li><strong>5\u00ba lugar<\/strong> \u2013 Indicadores Econ\u00f4micos \u2013 Renda e Emprego<\/li>\n\n\n\n<li><strong>6\u00ba lugar<\/strong> \u2013 Indicadores Fiscais<\/li>\n\n\n\n<li><strong>9\u00ba lugar<\/strong> \u2013 Indicadores Sociais \u2013 Desenvolvimento Municipal<\/li>\n<\/ul>\n\n\n\n<h3 class=\"wp-block-heading\">Ranking considera dados de fontes p\u00fablicas<\/h3>\n\n\n\n<p class=\"wp-block-paragraph\">A avalia\u00e7\u00e3o da <em>Veja Neg\u00f3cios<\/em> e da Austin Rating utiliza informa\u00e7\u00f5es de bases p\u00fablicas, incluindo dados do <strong>IBGE<\/strong>, da <strong>Secretaria do Tesouro Nacional (STN)<\/strong> e do <strong>Datasus<\/strong>.<\/p>\n\n\n\n<p class=\"wp-block-paragraph\">A proposta do levantamento \u00e9 reunir diferentes aspectos do desempenho dos munic\u00edpios, permitindo uma compara\u00e7\u00e3o que vai al\u00e9m dos indicadores econ\u00f4micos e considera tamb\u00e9m fatores relacionados \u00e0 qualidade de vida, educa\u00e7\u00e3o, inclus\u00e3o, tecnologia e gest\u00e3o p\u00fablica.<\/p>\n\n\n\n<p class=\"wp-block-paragraph\">Na classifica\u00e7\u00e3o geral da Regi\u00e3o Sudeste, sem considerar a divis\u00e3o por n\u00famero de habitantes, Indaiatuba tamb\u00e9m aparece entre os destaques. A cidade ficou em <strong>2\u00ba lugar no \u00cdndice de Inclus\u00e3o Social e Digital e em Indicadores Sociais<\/strong>. Tamb\u00e9m alcan\u00e7ou o 7\u00ba lugar em Renda e Emprego, 8\u00ba em Indicadores Sociais \u2013 Educa\u00e7\u00e3o e 9\u00ba em Acesso Digital ao Conhecimento.<\/p>\n\n\n\n<p class=\"wp-block-paragraph\">Para o prefeito Dr. Cust\u00f3dio Tavares, os resultados refletem avan\u00e7os em diferentes \u00e1reas do munic\u00edpio.<\/p>\n\n\n\n<p class=\"wp-block-paragraph\">\u201cMais um reconhecimento que mostra que Indaiatuba est\u00e1 avan\u00e7ando de forma equilibrada, com resultados importantes na \u00e1rea social, na educa\u00e7\u00e3o, na inclus\u00e3o, na tecnologia, na economia e na gest\u00e3o p\u00fablica\u201d, afirmou.<\/p>\n\n\n\n<p class=\"wp-block-paragraph\">O levantamento coloca Indaiatuba entre os munic\u00edpios que apresentaram melhor desempenho em diferentes indicadores avaliados na Regi\u00e3o Sudeste, com destaque principalmente para as \u00e1reas social, educacional, inclus\u00e3o e acesso \u00e0 tecnologia.<\/p>\n","protected":false},"excerpt":{"rendered":"<p>Munic\u00edpio aparece entre os tr\u00eas primeiros colocados em nove categorias na avalia\u00e7\u00e3o que analisou cidades de todo o Brasil Indaiatuba aparece em destaque no ranking \u201cAs Melhores Cidades do Brasil 2026\u201d, elaborado pela Veja Neg\u00f3cios em parceria com a Austin Rating. O munic\u00edpio conquistou o 1\u00ba lugar em Indicadores Sociais e em Indicadores Sociais \u2013 [&hellip;]<\/p>\n","protected":false},"author":7,"featured_media":33502,"comment_status":"closed","ping_status":"open","sticky":false,"template":"","format":"standard","meta":{"rop_custom_images_group":[],"rop_custom_messages_group":[],"rop_publish_now":"yes","rop_publish_now_accounts":[],"rop_publish_now_history":[],"rop_publish_now_status":"pending","footnotes":""},"categories":[188],"tags":[73],"class_list":["post-33501","post","type-post","status-publish","format-standard","has-post-thumbnail","hentry","category-indaiatuba","tag-featured"],"_links":{"self":[{"href":"https:\/\/imais.online\/portal\/wp-json\/wp\/v2\/posts\/33501","targetHints":{"allow":["GET"]}}],"collection":[{"href":"https:\/\/imais.online\/portal\/wp-json\/wp\/v2\/posts"}],"about":[{"href":"https:\/\/imais.online\/portal\/wp-json\/wp\/v2\/types\/post"}],"author":[{"embeddable":true,"href":"https:\/\/imais.online\/portal\/wp-json\/wp\/v2\/users\/7"}],"replies":[{"embeddable":true,"href":"https:\/\/imais.online\/portal\/wp-json\/wp\/v2\/comments?post=33501"}],"version-history":[{"count":1,"href":"https:\/\/imais.online\/portal\/wp-json\/wp\/v2\/posts\/33501\/revisions"}],"predecessor-version":[{"id":33503,"href":"https:\/\/imais.online\/portal\/wp-json\/wp\/v2\/posts\/33501\/revisions\/33503"}],"wp:featuredmedia":[{"embeddable":true,"href":"https:\/\/imais.online\/portal\/wp-json\/wp\/v2\/media\/33502"}],"wp:attachment":[{"href":"https:\/\/imais.online\/portal\/wp-json\/wp\/v2\/media?parent=33501"}],"wp:term":[{"taxonomy":"category","embeddable":true,"href":"https:\/\/imais.online\/portal\/wp-json\/wp\/v2\/categories?post=33501"},{"taxonomy":"post_tag","embeddable":true,"href":"https:\/\/imais.online\/portal\/wp-json\/wp\/v2\/tags?post=33501"}],"curies":[{"name":"wp","href":"https:\/\/api.w.org\/{rel}","templated":true}]}}