{"id":33505,"date":"2026-09-01T09:32:37","date_gmt":"2026-09-01T12:32:37","guid":{"rendered":"https:\/\/imais.online\/portal\/?p=33505"},"modified":"2026-09-01T09:32:37","modified_gmt":"2026-09-01T12:32:37","slug":"meteorologia-preve-ciclone-extratropical-com-chuvas-em-setembro","status":"publish","type":"post","link":"https:\/\/imais.online\/portal\/meteorologia-preve-ciclone-extratropical-com-chuvas-em-setembro\/","title":{"rendered":"Meteorologia prev\u00ea ciclone extratropical com chuvas em setembro"},"content":{"rendered":"<div id=\"imais-2194667199\" class=\"imais-before-content-placement imais-entity-placement\"><script async src=\"\/\/pagead2.googlesyndication.com\/pagead\/js\/adsbygoogle.js?client=ca-pub-8787528412751566\" crossorigin=\"anonymous\"><\/script><ins class=\"adsbygoogle\" style=\"display:block;\" data-ad-client=\"ca-pub-8787528412751566\" \ndata-ad-slot=\"\" \ndata-ad-format=\"auto\"><\/ins>\n<script> \n(adsbygoogle = window.adsbygoogle || []).push({}); \n<\/script>\n<\/div>\n<p class=\"wp-block-paragraph\">Previs\u00e3o vale para as regi\u00f5es Sul, Sudeste e Centro-Oeste<\/p>\n\n\n\n<p class=\"wp-block-paragraph\"><strong>O Instituto Nacional de Meteorologia (Inmet) prev\u00ea para o m\u00eas de setembro, que come\u00e7a nesta ter\u00e7a-feira (1\u00ba),&nbsp; a forma\u00e7\u00e3o de um ciclone extratropical na costa da Regi\u00e3o Sul, com&nbsp; \u00e1reas de instabilidade que favorecem chuva e trovoadas no Sul, Sudeste e Centro-Oeste.<\/strong>&nbsp;No Sul, o avan\u00e7o de uma massa de ar frio e seco provoca queda acentuada das temperaturas, enquanto o calor intenso persiste no Norte e Nordeste, com m\u00e1ximas que podem chegar a 41\u00b0C no Piau\u00ed.&nbsp;<img decoding=\"async\" src=\"https:\/\/agenciabrasil.ebc.com.br\/ebc.png?id=1701206&amp;o=node\"><img decoding=\"async\" src=\"https:\/\/agenciabrasil.ebc.com.br\/ebc.gif?id=1701206&amp;o=node\"><\/p>\n\n\n\n<h2 class=\"wp-block-heading\">Regi\u00e3o Norte<\/h2>\n\n\n\n<p class=\"wp-block-paragraph\"><strong>Setembro come\u00e7a&nbsp;com tempo seco e quente em grande parte da Regi\u00e3o Norte.<\/strong>&nbsp;Nesta ter\u00e7a-feira (1), a previs\u00e3o \u00e9 de&nbsp;muitas nuvens entre Roraima, Amazonas, Acre e sul de Rond\u00f4nia. As pancadas de chuva ficam apenas no centro-oeste e norte do Amazonas, e h\u00e1 possibilidade de chuva isolada no sul de Rond\u00f4nia.<\/p>\n\n\n\n<p class=\"wp-block-paragraph\"><strong>Na quarta-feira (2), as \u00e1reas de instabilidade se intensificam na Regi\u00e3o Norte<\/strong>. Haver\u00e1 chuva com trovoadas no norte de Roraima, oeste e norte do Amazonas e oeste do Acre. Possibilidade de chuva isolada nas demais \u00e1reas de Roraima, do Amazonas e Acre, em Rond\u00f4nia, no Amap\u00e1, na faixa litor\u00e2nea e no oeste do Par\u00e1. O tempo segue firme, com poucas nuvens, no sudeste do Par\u00e1 e no Tocantins.<\/p>\n\n\n\n<p class=\"wp-block-paragraph\">Em rela\u00e7\u00e3o \u00e0s temperaturas na regi\u00e3o, o calor ser\u00e1 intenso no sul da Amaz\u00f4nia. A m\u00ednima ser\u00e1 de 22\u00b0C em Rio Branco, mas a m\u00e1xima alcan\u00e7a 39\u00b0C em Palmas&nbsp;e Porto Velho.<\/p>\n\n\n\n<h2 class=\"wp-block-heading\">Nordeste<\/h2>\n\n\n\n<p class=\"wp-block-paragraph\"><strong>A regi\u00e3o&nbsp;come\u00e7a tamb\u00e9m com tempo firme<\/strong>. Nesta ter\u00e7a-feira, muitas nuvens na faixa leste, com possibilidade de chuva isolada de&nbsp;manh\u00e3 entre o litoral norte da Bahia, litoral de Sergipe, Alagoas, Pernambuco e Para\u00edba, e litoral leste do Rio Grande do Norte. Nas demais \u00e1reas, c\u00e9u com poucas nuvens.<\/p>\n\n\n\n<p class=\"wp-block-paragraph\"><strong>Para quarta-feira (2), a instabilidade aumenta no Nordeste, com muitas nuvens em grande parte da regi\u00e3o.&nbsp;<\/strong>Pancadas de chuva isoladas ocorrem no litoral do Rio Grande do Norte, Para\u00edba, Pernambuco e Alagoas. H\u00e1 possibilidade de chuva isolada na regi\u00e3o central do Maranh\u00e3o, Piau\u00ed, no litoral do Cear\u00e1, incluindo as capitais S\u00e3o Lu\u00eds, Teresina e Fortaleza, bem como no oeste de Pernambuco, sudoeste do Cear\u00e1 e na Bahia.<\/p>\n\n\n\n<p class=\"wp-block-paragraph\"><strong>O calor ser\u00e1 intenso, principalmente no estado do Piau\u00ed<\/strong>. Entre as capitais, a m\u00ednima ser\u00e1 de 21\u00b0C em Salvador e Macei\u00f3,&nbsp;enquanto a m\u00e1xima chega aos 41\u00b0C em Teresina.<\/p>\n\n\n\n<h2 class=\"wp-block-heading\">Centro-Oeste<\/h2>\n\n\n\n<p class=\"wp-block-paragraph\"><strong>A ter\u00e7a-feira (1) deve ter pancadas de chuva isolada no centro-sul de Mato Grosso e de Goi\u00e1s, chegando ao Distrito Federal e ao centro-norte de Goi\u00e1s no per\u00edodo da noite.<\/strong><\/p>\n\n\n\n<p class=\"wp-block-paragraph\">Para quarta-feira (2), permanece a instabilidade sobre a regi\u00e3o. Apenas no extremo norte de Goi\u00e1s e no extremo nordeste de Mato Grosso n\u00e3o h\u00e1 previs\u00e3o de chuva.<\/p>\n\n\n\n<p class=\"wp-block-paragraph\"><strong>Entre as capitais, a temperatura m\u00ednima ser\u00e1 de 16\u00b0C em Campo Grande&nbsp;e a m\u00e1xima de 36\u00b0C em Goi\u00e2nia. No Distrito Federal, a temperatura varia entre a m\u00ednima de 20\u00b0C e a m\u00e1xima de 33\u00b0C nesta&nbsp;ter\u00e7a-feira.<\/strong><\/p>\n\n\n\n<h2 class=\"wp-block-heading\">Sudeste<\/h2>\n\n\n\n<p class=\"wp-block-paragraph\"><strong>A regi\u00e3o tem&nbsp;hoje&nbsp;(1\u00ba) previs\u00e3o de pancadas de chuva e trovoadas isoladas para o estado de S\u00e3o Paulo e sul do Rio de Janeiro<\/strong>. Chuvas isoladas tamb\u00e9m ocorrem no centro-sul de Minas Gerais, nas demais \u00e1reas do Rio de Janeiro, e tamb\u00e9m no sul do Esp\u00edrito Santo. Durante a tarde e a noite, as instabilidades se intensificam. As pancadas de chuva com trovoadas isoladas ocorrem em S\u00e3o Paulo, no centro-sul de Minas Gerais, no Rio de Janeiro e no sul do Esp\u00edrito Santo.<\/p>\n\n\n\n<p class=\"wp-block-paragraph\">Para a quarta-feira, a instabilidade continua sobre a regi\u00e3o. As pancadas de chuva com trovoadas isoladas se concentram entre o sudeste de Minas Gerais, Rio de Janeiro, nordeste de S\u00e3o Paulo e sul do Esp\u00edrito Santo. S\u00f3&nbsp;n\u00e3o chove no extremo norte de Minas Gerais. Nas demais \u00e1reas, h\u00e1 possibilidade de chuva isolada.<\/p>\n\n\n\n<p class=\"wp-block-paragraph\"><strong>Entre as capitais, S\u00e3o Paulo&nbsp;segue com temperaturas mais baixas, com m\u00ednima de 12\u00b0C e m\u00e1xima de 22\u00b0C nesta&nbsp;ter\u00e7a-feira<\/strong>. Belo Horizonte&nbsp;deve registrar a m\u00e1xima entre as capitais da regi\u00e3o, chegando a 34\u00b0C, mas com tend\u00eancia de queda amanh\u00e3&nbsp;na temperatura m\u00e1xima, que deve ficar&nbsp;em torno de 29\u00b0C.<\/p>\n\n\n\n<h2 class=\"wp-block-heading\">Sul<\/h2>\n\n\n\n<p class=\"wp-block-paragraph\"><strong>A Regi\u00e3o Sul come\u00e7a com muita instabilidade. Nesta ter\u00e7a-feira (1), pela manh\u00e3, pancadas de chuva com trovoadas isoladas ocorrem no Paran\u00e1, em Santa Catarina e no leste do Rio Grande do Su<\/strong>l. Durante a tarde, as \u00e1reas de maior instabilidade gradualmente se deslocam para o Sudeste do Brasil e pancadas de chuva, com trovoadas isoladas, ocorrem no leste do Paran\u00e1 e de Santa Catarina. Nas demais \u00e1reas do Paran\u00e1, de Santa Catarina e no nordeste do Rio Grande do Sul&nbsp;h\u00e1&nbsp;tamb\u00e9m&nbsp;previs\u00e3o de&nbsp;pancadas de chuva isoladas. No centro-oeste e sul do Rio Grande do Sul, a nebulosidade come\u00e7a a diminuir, mas ainda h\u00e1 possibilidade de chuva isolada.<\/p>\n\n\n\n<p class=\"wp-block-paragraph\">No per\u00edodo da noite, pancadas de chuva isoladas ocorrem no nordeste e leste do Paran\u00e1 e de Santa Catarina. No sul e oeste do Rio Grande do Sul, o tempo come\u00e7a a abrir \u00e0 medida que a massa de ar frio e seco avan\u00e7a sobre a regi\u00e3o.<\/p>\n\n\n\n<p class=\"wp-block-paragraph\">Para quarta-feira (2), as instabilidades diminuem, mas ainda h\u00e1 possibilidade de chuva isolada no centro-norte e leste do Paran\u00e1, centro-leste de Santa Catarina e do Rio Grande do Sul.<\/p>\n\n\n\n<p class=\"wp-block-paragraph\"><strong>A temperatura m\u00ednima ser\u00e1 de 6\u00b0C em Curitiba e 8\u00b0C em Porto Alegre. A m\u00e1xima no per\u00edodo n\u00e3o passa dos 22\u00b0C em Florian\u00f3polis nesta&nbsp;ter\u00e7a-feira. Amanh\u00e3, a m\u00e1xima n\u00e3o passa dos 19\u00b0C em Curitiba e dos 18\u00b0C em Florian\u00f3polis&nbsp;e Porto Alegre.<\/strong><\/p>\n\n\n\n<p class=\"wp-block-paragraph\">Fonte: Ag\u00eancia Brasil <\/p>\n","protected":false},"excerpt":{"rendered":"<p>Previs\u00e3o vale para as regi\u00f5es Sul, Sudeste e Centro-Oeste O Instituto Nacional de Meteorologia (Inmet) prev\u00ea para o m\u00eas de setembro, que come\u00e7a nesta ter\u00e7a-feira (1\u00ba),&nbsp; a forma\u00e7\u00e3o de um ciclone extratropical na costa da Regi\u00e3o Sul, com&nbsp; \u00e1reas de instabilidade que favorecem chuva e trovoadas no Sul, Sudeste e Centro-Oeste.&nbsp;No Sul, o avan\u00e7o de [&hellip;]<\/p>\n","protected":false},"author":8,"featured_media":33506,"comment_status":"closed","ping_status":"open","sticky":false,"template":"","format":"standard","meta":{"rop_custom_images_group":[],"rop_custom_messages_group":[],"rop_publish_now":"yes","rop_publish_now_accounts":[],"rop_publish_now_history":[],"rop_publish_now_status":"pending","footnotes":""},"categories":[189],"tags":[73],"class_list":["post-33505","post","type-post","status-publish","format-standard","has-post-thumbnail","hentry","category-brasil","tag-featured"],"_links":{"self":[{"href":"https:\/\/imais.online\/portal\/wp-json\/wp\/v2\/posts\/33505","targetHints":{"allow":["GET"]}}],"collection":[{"href":"https:\/\/imais.online\/portal\/wp-json\/wp\/v2\/posts"}],"about":[{"href":"https:\/\/imais.online\/portal\/wp-json\/wp\/v2\/types\/post"}],"author":[{"embeddable":true,"href":"https:\/\/imais.online\/portal\/wp-json\/wp\/v2\/users\/8"}],"replies":[{"embeddable":true,"href":"https:\/\/imais.online\/portal\/wp-json\/wp\/v2\/comments?post=33505"}],"version-history":[{"count":1,"href":"https:\/\/imais.online\/portal\/wp-json\/wp\/v2\/posts\/33505\/revisions"}],"predecessor-version":[{"id":33507,"href":"https:\/\/imais.online\/portal\/wp-json\/wp\/v2\/posts\/33505\/revisions\/33507"}],"wp:featuredmedia":[{"embeddable":true,"href":"https:\/\/imais.online\/portal\/wp-json\/wp\/v2\/media\/33506"}],"wp:attachment":[{"href":"https:\/\/imais.online\/portal\/wp-json\/wp\/v2\/media?parent=33505"}],"wp:term":[{"taxonomy":"category","embeddable":true,"href":"https:\/\/imais.online\/portal\/wp-json\/wp\/v2\/categories?post=33505"},{"taxonomy":"post_tag","embeddable":true,"href":"https:\/\/imais.online\/portal\/wp-json\/wp\/v2\/tags?post=33505"}],"curies":[{"name":"wp","href":"https:\/\/api.w.org\/{rel}","templated":true}]}}