{"id":33508,"date":"2026-09-01T09:38:52","date_gmt":"2026-09-01T12:38:52","guid":{"rendered":"https:\/\/imais.online\/portal\/?p=33508"},"modified":"2026-09-01T09:38:52","modified_gmt":"2026-09-01T12:38:52","slug":"operacao-mobilidade-consciente-fecha-primeiro-mes-com-188-abordagens-e-reforco-na-seguranca-viaria","status":"publish","type":"post","link":"https:\/\/imais.online\/portal\/operacao-mobilidade-consciente-fecha-primeiro-mes-com-188-abordagens-e-reforco-na-seguranca-viaria\/","title":{"rendered":"Opera\u00e7\u00e3o Mobilidade Consciente fecha primeiro m\u00eas com 188 abordagens e refor\u00e7o na seguran\u00e7a vi\u00e1ria"},"content":{"rendered":"<div id=\"imais-1683766619\" class=\"imais-before-content-placement imais-entity-placement\"><script async src=\"\/\/pagead2.googlesyndication.com\/pagead\/js\/adsbygoogle.js?client=ca-pub-8787528412751566\" crossorigin=\"anonymous\"><\/script><ins class=\"adsbygoogle\" style=\"display:block;\" data-ad-client=\"ca-pub-8787528412751566\" \ndata-ad-slot=\"\" \ndata-ad-format=\"auto\"><\/ins>\n<script> \n(adsbygoogle = window.adsbygoogle || []).push({}); \n<\/script>\n<\/div>\n<p class=\"wp-block-paragraph\"><small>A\u00e7\u00f5es de fiscaliza\u00e7\u00e3o promovidas pela Secretaria de Mobilidade Urbana em agosto resultaram em 86 autua\u00e7\u00f5es e 25 remo\u00e7\u00f5es de ve\u00edculos<\/small><\/p>\n\n\n\n<p class=\"wp-block-paragraph\">A Prefeitura de Indaiatuba, por meio da Secretaria Municipal de Mobilidade Urbana iniciou, no m\u00eas de agosto, as atividades da Opera\u00e7\u00e3o Mobilidade Consciente. Durante todo o m\u00eas, a for\u00e7a-tarefa realizou blitzes itinerantes, sempre com o apoio da Guarda Civil, em pontos estrat\u00e9gicos do munic\u00edpio com o objetivo de promover a seguran\u00e7a no tr\u00e2nsito, coibir infra\u00e7\u00f5es e reduzir situa\u00e7\u00f5es de risco para pedestres e condutores.&nbsp;<\/p>\n\n\n\n<p class=\"wp-block-paragraph\">As abordagens contemplaram autom\u00f3veis, motocicletas, ciclomotores e ve\u00edculos autopropelidos, ampliando o car\u00e1ter preventivo da fiscaliza\u00e7\u00e3o junto aos diferentes modais que circulam pela cidade. No total acumulado de agosto, a opera\u00e7\u00e3o registrou 188 abordagens a ve\u00edculos e condutores, aplicando 86 autua\u00e7\u00f5es por irregularidades diversas e 25 remo\u00e7\u00f5es de ve\u00edculos ao p\u00e1tio municipal.<\/p>\n\n\n\n<p class=\"wp-block-paragraph\"><strong>Infra\u00e7\u00f5es mais recorrentes<\/strong><\/p>\n\n\n\n<p class=\"wp-block-paragraph\">Entre as irregularidades mais frequentes identificadas pelos agentes de tr\u00e2nsito durante as blitzes, destacam-se ve\u00edculos sem o devido licenciamento; em mau estado de conserva\u00e7\u00e3o e sem condi\u00e7\u00f5es de seguran\u00e7a; condu\u00e7\u00e3o de ve\u00edculo por pessoas sem possuir CNH, PPD ou ACC e uso de cal\u00e7ados inadequados que n\u00e3o se firmam nos p\u00e9s durante a pilotagem ou dire\u00e7\u00e3o.<\/p>\n\n\n\n<p class=\"wp-block-paragraph\">Para o secret\u00e1rio municipal de Mobilidade Urbana, Diego Vido, a presen\u00e7a constante das equipes nas ruas \u00e9 fundamental para mudar comportamentos e salvar vidas. &#8220;A fiscaliza\u00e7\u00e3o cont\u00ednua tem como principal objetivo proteger a nossa popula\u00e7\u00e3o. Quando retiramos de circula\u00e7\u00e3o um ve\u00edculo sem condi\u00e7\u00f5es mec\u00e2nicas ou impedimos que um condutor sem habilita\u00e7\u00e3o continue rodando, estamos prevenindo acidentes graves. O trabalho ostensivo e di\u00e1rio nas vias \u00e9 um pilar indispens\u00e1vel para garantirmos um tr\u00e2nsito organizado e seguro em Indaiatuba&#8221;, ressalta.&nbsp;<\/p>\n\n\n\n<p class=\"wp-block-paragraph\">A Secretaria de Mobilidade Urbana refor\u00e7a que a Opera\u00e7\u00e3o Mobilidade Consciente ter\u00e1 continuidade nos pr\u00f3ximos meses, de forma planejada e integrada \u00e0s a\u00e7\u00f5es de engenharia de tr\u00e1fego e campanhas educativas executadas pela administra\u00e7\u00e3o municipal.<\/p>\n\n\n\n<p class=\"wp-block-paragraph\"><strong>#PraTodosVerem:<\/strong>&nbsp;Fotografia a\u00e9rea ampla registrada em \u00e2ngulo elevado mostrando uma blitz de fiscaliza\u00e7\u00e3o de tr\u00e2nsito em uma via de pista dupla com v\u00e1rias faixas. No primeiro plano, \u00e0 esquerda, destaca-se a traseira de um caminh\u00e3o guincho plataforma nas cores branca e laranja, estacionado no acostamento. Logo \u00e0 frente dele, h\u00e1 viaturas da fiscaliza\u00e7\u00e3o de tr\u00e2nsito em tom amarelo e preto. No centro da via, agentes de tr\u00e2nsito com coletes refletivos amarelos e azuis operam o ponto de abordagem, delimitado por cones sinalizadores laranja e brancos. Ao longo do acostamento, diversos carros e motocicletas aguardam parada de fiscaliza\u00e7\u00e3o. \u00c0 esquerda da pista, estende-se uma \u00e1rea arborizada com grandes eucaliptos e uma cal\u00e7ada para pedestres. \u00c0 direita, estende-se o fluxo cont\u00ednuo de ve\u00edculos sob c\u00e9u nublado.<\/p>\n","protected":false},"excerpt":{"rendered":"<p>A\u00e7\u00f5es de fiscaliza\u00e7\u00e3o promovidas pela Secretaria de Mobilidade Urbana em agosto resultaram em 86 autua\u00e7\u00f5es e 25 remo\u00e7\u00f5es de ve\u00edculos A Prefeitura de Indaiatuba, por meio da Secretaria Municipal de Mobilidade Urbana iniciou, no m\u00eas de agosto, as atividades da Opera\u00e7\u00e3o Mobilidade Consciente. Durante todo o m\u00eas, a for\u00e7a-tarefa realizou blitzes itinerantes, sempre com o [&hellip;]<\/p>\n","protected":false},"author":8,"featured_media":33509,"comment_status":"closed","ping_status":"open","sticky":false,"template":"","format":"standard","meta":{"rop_custom_images_group":[],"rop_custom_messages_group":[],"rop_publish_now":"yes","rop_publish_now_accounts":[],"rop_publish_now_history":[],"rop_publish_now_status":"pending","footnotes":""},"categories":[188],"tags":[],"class_list":["post-33508","post","type-post","status-publish","format-standard","has-post-thumbnail","hentry","category-indaiatuba"],"_links":{"self":[{"href":"https:\/\/imais.online\/portal\/wp-json\/wp\/v2\/posts\/33508","targetHints":{"allow":["GET"]}}],"collection":[{"href":"https:\/\/imais.online\/portal\/wp-json\/wp\/v2\/posts"}],"about":[{"href":"https:\/\/imais.online\/portal\/wp-json\/wp\/v2\/types\/post"}],"author":[{"embeddable":true,"href":"https:\/\/imais.online\/portal\/wp-json\/wp\/v2\/users\/8"}],"replies":[{"embeddable":true,"href":"https:\/\/imais.online\/portal\/wp-json\/wp\/v2\/comments?post=33508"}],"version-history":[{"count":1,"href":"https:\/\/imais.online\/portal\/wp-json\/wp\/v2\/posts\/33508\/revisions"}],"predecessor-version":[{"id":33510,"href":"https:\/\/imais.online\/portal\/wp-json\/wp\/v2\/posts\/33508\/revisions\/33510"}],"wp:featuredmedia":[{"embeddable":true,"href":"https:\/\/imais.online\/portal\/wp-json\/wp\/v2\/media\/33509"}],"wp:attachment":[{"href":"https:\/\/imais.online\/portal\/wp-json\/wp\/v2\/media?parent=33508"}],"wp:term":[{"taxonomy":"category","embeddable":true,"href":"https:\/\/imais.online\/portal\/wp-json\/wp\/v2\/categories?post=33508"},{"taxonomy":"post_tag","embeddable":true,"href":"https:\/\/imais.online\/portal\/wp-json\/wp\/v2\/tags?post=33508"}],"curies":[{"name":"wp","href":"https:\/\/api.w.org\/{rel}","templated":true}]}}