{"id":33511,"date":"2026-09-02T06:40:29","date_gmt":"2026-09-02T09:40:29","guid":{"rendered":"https:\/\/imais.online\/portal\/?p=33511"},"modified":"2026-09-02T06:40:29","modified_gmt":"2026-09-02T09:40:29","slug":"indaiatuba-vai-virar-um-retrato-do-brasil-festa-da-migracao-reune-sabores-shows-e-tradicoes-em-setembro","status":"publish","type":"post","link":"https:\/\/imais.online\/portal\/indaiatuba-vai-virar-um-retrato-do-brasil-festa-da-migracao-reune-sabores-shows-e-tradicoes-em-setembro\/","title":{"rendered":"Indaiatuba vai virar um retrato do Brasil: Festa da Migra\u00e7\u00e3o re\u00fane sabores, shows e tradi\u00e7\u00f5es em setembro"},"content":{"rendered":"<div id=\"imais-3080619378\" class=\"imais-before-content-placement imais-entity-placement\"><script async src=\"\/\/pagead2.googlesyndication.com\/pagead\/js\/adsbygoogle.js?client=ca-pub-8787528412751566\" crossorigin=\"anonymous\"><\/script><ins class=\"adsbygoogle\" style=\"display:block;\" data-ad-client=\"ca-pub-8787528412751566\" \ndata-ad-slot=\"\" \ndata-ad-format=\"auto\"><\/ins>\n<script> \n(adsbygoogle = window.adsbygoogle || []).push({}); \n<\/script>\n<\/div>\n<h1 class=\"wp-block-heading\"><\/h1>\n\n\n\n<h2 class=\"wp-block-heading has-text-align-center\">Segunda edi\u00e7\u00e3o do evento celebra as hist\u00f3rias de quem veio de diferentes regi\u00f5es do pa\u00eds e ajudou a construir a identidade da cidade<\/h2>\n\n\n\n<p class=\"wp-block-paragraph\"><\/p>\n\n\n\n<p class=\"wp-block-paragraph\">Por tr\u00eas dias, Indaiatuba ser\u00e1 palco de uma celebra\u00e7\u00e3o que re\u00fane sotaques, receitas, m\u00fasicas e tradi\u00e7\u00f5es de v\u00e1rias partes do Brasil. A 2\u00aa edi\u00e7\u00e3o da Festa da Migra\u00e7\u00e3o acontece entre os dias 11 e 13 de setembro, na Pra\u00e7a Papa Francisco, no estacionamento do Parque Ecol\u00f3gico, e promete transformar o espa\u00e7o num grande encontro de culturas.<\/p>\n\n\n\n<p class=\"wp-block-paragraph\">Realizado pela Prefeitura de Indaiatuba, por meio da Secretaria de Cultura, o evento foi criado para valorizar as pessoas que chegaram de diferentes regi\u00f5es do pa\u00eds e trouxeram consigo costumes que hoje fazem parte da vida da cidade. A programa\u00e7\u00e3o combina apresenta\u00e7\u00f5es musicais, cultura popular, religiosidade e uma pra\u00e7a de alimenta\u00e7\u00e3o com sabores inspirados nas regi\u00f5es Norte, Nordeste, Centro-Oeste, Sudeste e Sul.<\/p>\n\n\n\n<p class=\"wp-block-paragraph\">A proposta vai al\u00e9m de uma agenda de shows. A festa transforma a diversidade dos moradores numa experi\u00eancia colectiva, aproximando gera\u00e7\u00f5es e dando visibilidade \u00e0s hist\u00f3rias familiares que ajudaram a formar Indaiatuba.<\/p>\n\n\n\n<h2 class=\"wp-block-heading\">Uma viagem pelo Brasil sem sair da cidade<\/h2>\n\n\n\n<p class=\"wp-block-paragraph\">Quem passar pela Pra\u00e7a Papa Francisco poder\u00e1 encontrar refer\u00eancias a diferentes identidades culturais brasileiras num \u00fanico espa\u00e7o. A gastronomia ser\u00e1 um dos principais caminhos dessa viagem, com pratos e receitas associados a v\u00e1rias regi\u00f5es do pa\u00eds.<\/p>\n\n\n\n<p class=\"wp-block-paragraph\">A programa\u00e7\u00e3o tamb\u00e9m inclui m\u00fasica popular, apresenta\u00e7\u00f5es culturais e o 3\u00ba Encontro de Folia de Reis, marcado para a manh\u00e3 de domingo. A tradi\u00e7\u00e3o re\u00fane cantos, instrumentos, personagens e manifesta\u00e7\u00f5es religiosas transmitidas entre gera\u00e7\u00f5es. Em 2026, o encontro contar\u00e1 com companhias de Indaiatuba e de munic\u00edpios da regi\u00e3o.<\/p>\n\n\n\n<p class=\"wp-block-paragraph\">\u201cCelebrar essa diversidade \u00e9 tamb\u00e9m valorizar a hist\u00f3ria das fam\u00edlias que ajudaram a construir o nosso munic\u00edpio\u201d, afirmou a secret\u00e1ria municipal de Cultura, T\u00e2nia Castanho, segundo a divulga\u00e7\u00e3o do evento.<\/p>\n\n\n\n<h2 class=\"wp-block-heading\">Frank Aguiar, tributo a Chit\u00e3ozinho &amp; Xoror\u00f3 e Capital Inicial Cover est\u00e3o entre as atra\u00e7\u00f5es<\/h2>\n\n\n\n<p class=\"wp-block-paragraph\">A programa\u00e7\u00e3o come\u00e7a na sexta-feira, 11 de setembro, com a abertura da pra\u00e7a de alimenta\u00e7\u00e3o \u00e0s 18h. Na sequ\u00eancia, haver\u00e1 apresenta\u00e7\u00e3o de DJ, \u00e0s 19h, e show de Renan Teixeira, \u00e0s 20h.<\/p>\n\n\n\n<p class=\"wp-block-paragraph\">No s\u00e1bado, dia 12, a agenda come\u00e7a ao meio-dia, com Priscila Moreno. Pintou o Samba se apresenta \u00e0s 14h, seguido por Ketlan Santos, \u00e0s 16h, e Felipe Nogueira, \u00e0s 19h. O destaque da noite ser\u00e1 Frank Aguiar, com apresenta\u00e7\u00e3o prevista para as 20h15.<\/p>\n\n\n\n<p class=\"wp-block-paragraph\">O domingo, 13 de setembro, ter\u00e1 uma programa\u00e7\u00e3o voltada \u00e0 religiosidade, \u00e0 cultura popular e \u00e0 m\u00fasica. O dia come\u00e7a com missa \u00e0s 7h e prossegue com o 3\u00ba Encontro de Folia de Reis, \u00e0s 8h30. \u00c0 tarde, est\u00e3o previstas apresenta\u00e7\u00f5es de Viola Caipira, \u00e0s 13h30, Presidentes de Bras\u00edlia, \u00e0s 15h, Bruno &amp; Thiago com Tributo a Chit\u00e3ozinho &amp; Xoror\u00f3, \u00e0s 18h, e 22 Volts | Capital Inicial Cover, \u00e0s 19h30.<\/p>\n\n\n\n<figure class=\"wp-block-table\"><table class=\"has-fixed-layout\"><tbody><tr><td>Data<\/td><td>Hor\u00e1rio<\/td><td>Atra\u00e7\u00e3o ou atividade<\/td><\/tr><tr><td>Sexta-feira, 11\/09<\/td><td>18h<\/td><td>Abertura da pra\u00e7a de alimenta\u00e7\u00e3o<\/td><\/tr><tr><td>Sexta-feira, 11\/09<\/td><td>19h<\/td><td>DJ<\/td><\/tr><tr><td>Sexta-feira, 11\/09<\/td><td>20h<\/td><td>Renan Teixeira<\/td><\/tr><tr><td>S\u00e1bado, 12\/09<\/td><td>12h<\/td><td>Priscila Moreno<\/td><\/tr><tr><td>S\u00e1bado, 12\/09<\/td><td>14h<\/td><td>Pintou o Samba<\/td><\/tr><tr><td>S\u00e1bado, 12\/09<\/td><td>16h<\/td><td>Ketlan Santos<\/td><\/tr><tr><td>S\u00e1bado, 12\/09<\/td><td>19h<\/td><td>Felipe Nogueira<\/td><\/tr><tr><td>S\u00e1bado, 12\/09<\/td><td>20h15<\/td><td>Frank Aguiar<\/td><\/tr><tr><td>Domingo, 13\/09<\/td><td>7h<\/td><td>Missa<\/td><\/tr><tr><td>Domingo, 13\/09<\/td><td>8h30<\/td><td>3\u00ba Encontro de Folia de Reis<\/td><\/tr><tr><td>Domingo, 13\/09<\/td><td>13h30<\/td><td>Viola Caipira<\/td><\/tr><tr><td>Domingo, 13\/09<\/td><td>15h<\/td><td>Presidentes de Bras\u00edlia<\/td><\/tr><tr><td>Domingo, 13\/09<\/td><td>18h<\/td><td>Bruno &amp; Thiago \u2014 Tributo a Chit\u00e3ozinho &amp; Xoror\u00f3<\/td><\/tr><tr><td>Domingo, 13\/09<\/td><td>19h30<\/td><td>22 Volts \u2014 Capital Inicial Cover<\/td><\/tr><\/tbody><\/table><\/figure>\n\n\n\n<h2 class=\"wp-block-heading\">Festa tamb\u00e9m \u00e9 mem\u00f3ria e pertencimento<\/h2>\n\n\n\n<p class=\"wp-block-paragraph\">A hist\u00f3ria de Indaiatuba n\u00e3o foi constru\u00edda apenas por quem nasceu no munic\u00edpio. Ao longo das d\u00e9cadas, fam\u00edlias de diferentes Estados chegaram \u00e0 cidade em busca de trabalho, novas oportunidades e uma vida melhor. Com elas vieram sotaques, festas, receitas, cren\u00e7as e formas de celebrar que passaram a fazer parte do cotidiano local.<\/p>\n\n\n\n<p class=\"wp-block-paragraph\">A Festa da Migra\u00e7\u00e3o coloca essa diversidade no centro da programa\u00e7\u00e3o. Em vez de tratar as diferen\u00e7as como dist\u00e2ncia, o evento apresenta a variedade cultural como parte de uma identidade comum: a identidade de uma cidade formada por muitas hist\u00f3rias.<\/p>\n\n\n\n<p class=\"wp-block-paragraph\">\u00c9 essa dimens\u00e3o que pode fazer da festa uma das pautas comunit\u00e1rias mais compartilh\u00e1veis dos pr\u00f3ximos dias. O p\u00fablico n\u00e3o ser\u00e1 convidado apenas a assistir a apresenta\u00e7\u00f5es, mas tamb\u00e9m a reconhecer no palco, na comida e nas tradi\u00e7\u00f5es um pouco da pr\u00f3pria trajet\u00f3ria.<\/p>\n\n\n\n<h2 class=\"wp-block-heading\">Servi\u00e7o<\/h2>\n\n\n\n<p class=\"wp-block-paragraph\">2\u00aa Festa da Migra\u00e7\u00e3o de Indaiatuba<\/p>\n\n\n\n<p class=\"wp-block-paragraph\">Datas: 11, 12 e 13 de setembro de 2026<\/p>\n\n\n\n<p class=\"wp-block-paragraph\">Local: Pra\u00e7a Papa Francisco, no estacionamento do Parque Ecol\u00f3gico<\/p>\n\n\n\n<p class=\"wp-block-paragraph\">Refer\u00eancia: altura dos Jardins Paulista e Paulistano<\/p>\n\n\n\n<p class=\"wp-block-paragraph\">Endere\u00e7o: Rua Martinho Lutero, s\/n\u00ba, Indaiatuba (SP)<\/p>\n\n\n\n<p class=\"wp-block-paragraph\">Realiza\u00e7\u00e3o: Prefeitura de Indaiatuba, por meio da Secretaria de Cultura<\/p>\n\n\n\n<p class=\"wp-block-paragraph\"><\/p>\n","protected":false},"excerpt":{"rendered":"<p>Segunda edi\u00e7\u00e3o do evento celebra as hist\u00f3rias de quem veio de diferentes regi\u00f5es do pa\u00eds e ajudou a construir a identidade da cidade Por tr\u00eas dias, Indaiatuba ser\u00e1 palco de uma celebra\u00e7\u00e3o que re\u00fane sotaques, receitas, m\u00fasicas e tradi\u00e7\u00f5es de v\u00e1rias partes do Brasil. A 2\u00aa edi\u00e7\u00e3o da Festa da Migra\u00e7\u00e3o acontece entre os dias [&hellip;]<\/p>\n","protected":false},"author":7,"featured_media":33512,"comment_status":"closed","ping_status":"open","sticky":false,"template":"","format":"standard","meta":{"rop_custom_images_group":[],"rop_custom_messages_group":[],"rop_publish_now":"yes","rop_publish_now_accounts":[],"rop_publish_now_history":[],"rop_publish_now_status":"pending","footnotes":""},"categories":[188],"tags":[],"class_list":["post-33511","post","type-post","status-publish","format-standard","has-post-thumbnail","hentry","category-indaiatuba"],"_links":{"self":[{"href":"https:\/\/imais.online\/portal\/wp-json\/wp\/v2\/posts\/33511","targetHints":{"allow":["GET"]}}],"collection":[{"href":"https:\/\/imais.online\/portal\/wp-json\/wp\/v2\/posts"}],"about":[{"href":"https:\/\/imais.online\/portal\/wp-json\/wp\/v2\/types\/post"}],"author":[{"embeddable":true,"href":"https:\/\/imais.online\/portal\/wp-json\/wp\/v2\/users\/7"}],"replies":[{"embeddable":true,"href":"https:\/\/imais.online\/portal\/wp-json\/wp\/v2\/comments?post=33511"}],"version-history":[{"count":1,"href":"https:\/\/imais.online\/portal\/wp-json\/wp\/v2\/posts\/33511\/revisions"}],"predecessor-version":[{"id":33513,"href":"https:\/\/imais.online\/portal\/wp-json\/wp\/v2\/posts\/33511\/revisions\/33513"}],"wp:featuredmedia":[{"embeddable":true,"href":"https:\/\/imais.online\/portal\/wp-json\/wp\/v2\/media\/33512"}],"wp:attachment":[{"href":"https:\/\/imais.online\/portal\/wp-json\/wp\/v2\/media?parent=33511"}],"wp:term":[{"taxonomy":"category","embeddable":true,"href":"https:\/\/imais.online\/portal\/wp-json\/wp\/v2\/categories?post=33511"},{"taxonomy":"post_tag","embeddable":true,"href":"https:\/\/imais.online\/portal\/wp-json\/wp\/v2\/tags?post=33511"}],"curies":[{"name":"wp","href":"https:\/\/api.w.org\/{rel}","templated":true}]}}