{"id":33514,"date":"2026-09-02T13:17:46","date_gmt":"2026-09-02T16:17:46","guid":{"rendered":"https:\/\/imais.online\/portal\/?p=33514"},"modified":"2026-09-02T13:17:47","modified_gmt":"2026-09-02T16:17:47","slug":"secretaria-de-educacao-abre-inscricoes-para-novos-alunos-da-rede-municipal-em-2027","status":"publish","type":"post","link":"https:\/\/imais.online\/portal\/secretaria-de-educacao-abre-inscricoes-para-novos-alunos-da-rede-municipal-em-2027\/","title":{"rendered":"Secretaria de Educa\u00e7\u00e3o abre inscri\u00e7\u00f5es para novos alunos da rede municipal em 2027"},"content":{"rendered":"<div id=\"imais-3277752897\" class=\"imais-before-content-placement imais-entity-placement\"><script async src=\"\/\/pagead2.googlesyndication.com\/pagead\/js\/adsbygoogle.js?client=ca-pub-8787528412751566\" crossorigin=\"anonymous\"><\/script><ins class=\"adsbygoogle\" style=\"display:block;\" data-ad-client=\"ca-pub-8787528412751566\" \ndata-ad-slot=\"\" \ndata-ad-format=\"auto\"><\/ins>\n<script> \n(adsbygoogle = window.adsbygoogle || []).push({}); \n<\/script>\n<\/div>\n<p class=\"wp-block-paragraph\"><small>Inscri\u00e7\u00f5es para Ensino Fundamental, EJA e Pr\u00e9-Escola ser\u00e3o realizadas entre 1\u00ba e 18 de setembro.<\/small><\/p>\n\n\n\n<p class=\"wp-block-paragraph\">A Secretaria de Educa\u00e7\u00e3o divulga o cronograma de matr\u00edculas e inscri\u00e7\u00f5es para o ano letivo de 2027 destinado aos alunos que atualmente est\u00e3o fora da rede p\u00fablica de ensino e desejam ingressar nas unidades escolares municipais.<\/p>\n\n\n\n<p class=\"wp-block-paragraph\">As orienta\u00e7\u00f5es seguem as diretrizes estabelecidas pela Resolu\u00e7\u00e3o SEDUC n\u00ba 78, de 28 de julho de 2026, e pela Portaria de 30 de julho de 2026. Os respons\u00e1veis devem ficar atentos aos per\u00edodos de inscri\u00e7\u00e3o e aos procedimentos espec\u00edficos de cada etapa de ensino.<\/p>\n\n\n\n<p class=\"wp-block-paragraph\">Para o&nbsp;<strong>Ensino Fundamental, anos iniciais, e a EJA, anos iniciais<\/strong>, as inscri\u00e7\u00f5es ser\u00e3o realizadas de&nbsp;<strong>1\u00ba a 18 de setembro de 2026<\/strong>. Os pais ou respons\u00e1veis dever\u00e3o procurar a unidade escolar de Ensino Fundamental mais pr\u00f3xima da resid\u00eancia para efetuar a inscri\u00e7\u00e3o.<\/p>\n\n\n\n<p class=\"wp-block-paragraph\">Entre os dias&nbsp;<strong>21 e 25 de setembro de 2026<\/strong>, ser\u00e1 realizada a compatibiliza\u00e7\u00e3o das vagas, considerando crit\u00e9rios de proximidade e disponibilidade. O processo ser\u00e1 realizado automaticamente pela plataforma SED, Secretaria Escolar Digital. A divulga\u00e7\u00e3o dos resultados est\u00e1 prevista a partir de&nbsp;<strong>4 de janeiro de 2027<\/strong>. Para os candidatos que perderem o prazo, novas inscri\u00e7\u00f5es ser\u00e3o abertas a partir da mesma data.<\/p>\n\n\n\n<p class=\"wp-block-paragraph\"><strong>Pr\u00e9-Escola<\/strong><\/p>\n\n\n\n<p class=\"wp-block-paragraph\">Para a&nbsp;<strong>Educa\u00e7\u00e3o Infantil, Pr\u00e9-Escola<\/strong>, as inscri\u00e7\u00f5es tamb\u00e9m ocorrer\u00e3o de&nbsp;<strong>1\u00ba a 18 de setembro de 2026<\/strong>. Os respons\u00e1veis dever\u00e3o comparecer \u00e0 unidade escolar de Educa\u00e7\u00e3o Infantil, Pr\u00e9-Escola, mais pr\u00f3xima da resid\u00eancia para realizar o cadastro.<\/p>\n\n\n\n<p class=\"wp-block-paragraph\">A divulga\u00e7\u00e3o dos resultados est\u00e1 prevista para&nbsp;<strong>outubro de 2026<\/strong>. J\u00e1 as inscri\u00e7\u00f5es para candidatos que n\u00e3o realizarem o procedimento dentro do prazo ser\u00e3o abertas a partir de&nbsp;<strong>8 de janeiro de 2027<\/strong>.<\/p>\n\n\n\n<p class=\"wp-block-paragraph\"><strong>Creche<\/strong><\/p>\n\n\n\n<p class=\"wp-block-paragraph\">Para a&nbsp;<strong>Educa\u00e7\u00e3o Infantil, Creche<\/strong>, o per\u00edodo de inscri\u00e7\u00f5es para o ano letivo de 2027 ser\u00e1 de&nbsp;<strong>5 de outubro a 15 de dezembro de 2026<\/strong>.<\/p>\n\n\n\n<p class=\"wp-block-paragraph\">As inscri\u00e7\u00f5es retardat\u00e1rias ser\u00e3o abertas somente ap\u00f3s o in\u00edcio do ano letivo das creches.<\/p>\n\n\n\n<p class=\"wp-block-paragraph\">A Secretaria de Educa\u00e7\u00e3o tamb\u00e9m refor\u00e7a que os interessados em atendimento imediato para o ano letivo de&nbsp;<strong>2026<\/strong>&nbsp;devem realizar a inscri\u00e7\u00e3o normalmente durante o decorrer do pr\u00f3prio ano.<\/p>\n\n\n\n<p class=\"wp-block-paragraph\"><strong>Documentos necess\u00e1rios<\/strong><\/p>\n\n\n\n<p class=\"wp-block-paragraph\">Para realizar a inscri\u00e7\u00e3o, o respons\u00e1vel legal dever\u00e1 comparecer presencialmente \u00e0 unidade de ensino munido dos seguintes documentos:<\/p>\n\n\n\n<p class=\"wp-block-paragraph\">\u2022 Documento de identidade do aluno, RG ou Certid\u00e3o de Nascimento;<\/p>\n\n\n\n<p class=\"wp-block-paragraph\">\u2022 Comprovante de resid\u00eancia atualizado, preferencialmente conta de \u00e1gua ou luz;<\/p>\n\n\n\n<p class=\"wp-block-paragraph\">\u2022 Documento com foto do respons\u00e1vel legal e informa\u00e7\u00f5es de contato.<\/p>\n\n\n\n<p class=\"wp-block-paragraph\">Os respons\u00e1veis devem observar atentamente os prazos de cada etapa e refor\u00e7a a import\u00e2ncia de realizar a inscri\u00e7\u00e3o dentro do per\u00edodo estabelecido.<\/p>\n\n\n\n<p class=\"wp-block-paragraph\">O cronograma tamb\u00e9m ser\u00e1 disponibilizado pelas unidades escolares e nos canais oficiais de comunica\u00e7\u00e3o da Secretaria, garantindo o acesso da comunidade \u00e0s informa\u00e7\u00f5es sobre o ingresso na rede p\u00fablica municipal de ensino em 2027.<\/p>\n","protected":false},"excerpt":{"rendered":"<p>Inscri\u00e7\u00f5es para Ensino Fundamental, EJA e Pr\u00e9-Escola ser\u00e3o realizadas entre 1\u00ba e 18 de setembro. A Secretaria de Educa\u00e7\u00e3o divulga o cronograma de matr\u00edculas e inscri\u00e7\u00f5es para o ano letivo de 2027 destinado aos alunos que atualmente est\u00e3o fora da rede p\u00fablica de ensino e desejam ingressar nas unidades escolares municipais. As orienta\u00e7\u00f5es seguem as [&hellip;]<\/p>\n","protected":false},"author":8,"featured_media":33515,"comment_status":"closed","ping_status":"open","sticky":false,"template":"","format":"standard","meta":{"rop_custom_images_group":[],"rop_custom_messages_group":[],"rop_publish_now":"yes","rop_publish_now_accounts":[],"rop_publish_now_history":[],"rop_publish_now_status":"pending","footnotes":""},"categories":[188],"tags":[73],"class_list":["post-33514","post","type-post","status-publish","format-standard","has-post-thumbnail","hentry","category-indaiatuba","tag-featured"],"_links":{"self":[{"href":"https:\/\/imais.online\/portal\/wp-json\/wp\/v2\/posts\/33514","targetHints":{"allow":["GET"]}}],"collection":[{"href":"https:\/\/imais.online\/portal\/wp-json\/wp\/v2\/posts"}],"about":[{"href":"https:\/\/imais.online\/portal\/wp-json\/wp\/v2\/types\/post"}],"author":[{"embeddable":true,"href":"https:\/\/imais.online\/portal\/wp-json\/wp\/v2\/users\/8"}],"replies":[{"embeddable":true,"href":"https:\/\/imais.online\/portal\/wp-json\/wp\/v2\/comments?post=33514"}],"version-history":[{"count":1,"href":"https:\/\/imais.online\/portal\/wp-json\/wp\/v2\/posts\/33514\/revisions"}],"predecessor-version":[{"id":33516,"href":"https:\/\/imais.online\/portal\/wp-json\/wp\/v2\/posts\/33514\/revisions\/33516"}],"wp:featuredmedia":[{"embeddable":true,"href":"https:\/\/imais.online\/portal\/wp-json\/wp\/v2\/media\/33515"}],"wp:attachment":[{"href":"https:\/\/imais.online\/portal\/wp-json\/wp\/v2\/media?parent=33514"}],"wp:term":[{"taxonomy":"category","embeddable":true,"href":"https:\/\/imais.online\/portal\/wp-json\/wp\/v2\/categories?post=33514"},{"taxonomy":"post_tag","embeddable":true,"href":"https:\/\/imais.online\/portal\/wp-json\/wp\/v2\/tags?post=33514"}],"curies":[{"name":"wp","href":"https:\/\/api.w.org\/{rel}","templated":true}]}}