{"id":33517,"date":"2026-09-02T13:20:26","date_gmt":"2026-09-02T16:20:26","guid":{"rendered":"https:\/\/imais.online\/portal\/?p=33517"},"modified":"2026-09-02T13:20:26","modified_gmt":"2026-09-02T16:20:26","slug":"tributo-a-whitney-houston-com-juliana-alves-acontece-em-13-de-setembro-no-casarao-pau-preto","status":"publish","type":"post","link":"https:\/\/imais.online\/portal\/tributo-a-whitney-houston-com-juliana-alves-acontece-em-13-de-setembro-no-casarao-pau-preto\/","title":{"rendered":"Tributo a Whitney Houston com Juliana Alves acontece em 13 de setembro no Casar\u00e3o Pau Preto"},"content":{"rendered":"<div id=\"imais-1831031339\" class=\"imais-before-content-placement imais-entity-placement\"><script async src=\"\/\/pagead2.googlesyndication.com\/pagead\/js\/adsbygoogle.js?client=ca-pub-8787528412751566\" crossorigin=\"anonymous\"><\/script><ins class=\"adsbygoogle\" style=\"display:block;\" data-ad-client=\"ca-pub-8787528412751566\" \ndata-ad-slot=\"\" \ndata-ad-format=\"auto\"><\/ins>\n<script> \n(adsbygoogle = window.adsbygoogle || []).push({}); \n<\/script>\n<\/div>\n<p class=\"wp-block-paragraph\"><small>Apresenta\u00e7\u00e3o tamb\u00e9m celebra os 25 anos de carreira de Juliana Alves, que interpreta sucessos que atravessaram gera\u00e7\u00f5es<\/small><\/p>\n\n\n\n<p class=\"wp-block-paragraph\">A Secretaria de Cultura, realiza no dia 13 de setembro, \u00e0s 18h, o espet\u00e1culo \u201cTributo a Whitney Houston\u201d, com a cantora Juliana Alves, no Casar\u00e3o Pau Preto. A apresenta\u00e7\u00e3o \u00e9 gratuita e presta homenagem a uma das maiores vozes da m\u00fasica mundial.<\/p>\n\n\n\n<p class=\"wp-block-paragraph\">O espet\u00e1culo re\u00fane grandes sucessos que marcaram a trajet\u00f3ria de Whitney Houston e conquistaram gera\u00e7\u00f5es de f\u00e3s ao redor do mundo. Com pot\u00eancia vocal e interpreta\u00e7\u00f5es que fizeram hist\u00f3ria, a cantora deixou um legado que permanece presente na m\u00fasica e na mem\u00f3ria do p\u00fablico.<\/p>\n\n\n\n<p class=\"wp-block-paragraph\">A apresenta\u00e7\u00e3o tamb\u00e9m ter\u00e1 um significado especial para Juliana Alves, que celebra 25 anos de carreira. Com uma trajet\u00f3ria constru\u00edda nos palcos, a cantora apresenta ao p\u00fablico uma homenagem \u00e0 obra de Whitney Houston, revisitando can\u00e7\u00f5es que se tornaram cl\u00e1ssicos e proporcionando uma noite de m\u00fasica e emo\u00e7\u00e3o.<\/p>\n\n\n\n<p class=\"wp-block-paragraph\">A proposta do espet\u00e1culo \u00e9 celebrar o legado de Whitney Houston por meio de um repert\u00f3rio que valoriza sua trajet\u00f3ria art\u00edstica e sua contribui\u00e7\u00e3o para a m\u00fasica. A apresenta\u00e7\u00e3o no Casar\u00e3o Pau Preto integra as a\u00e7\u00f5es da Secretaria Municipal de Cultura voltadas \u00e0 promo\u00e7\u00e3o do acesso gratuito \u00e0 cultura e \u00e0 m\u00fasica.<\/p>\n\n\n\n<p class=\"wp-block-paragraph\"><strong>Servi\u00e7o<\/strong><\/p>\n\n\n\n<p class=\"wp-block-paragraph\">Tributo a Whitney Houston com Juliana Alves<\/p>\n\n\n\n<p class=\"wp-block-paragraph\">Data: 13 de setembro \u2013 Domingo.<\/p>\n\n\n\n<p class=\"wp-block-paragraph\">Hor\u00e1rio: 18h<\/p>\n\n\n\n<p class=\"wp-block-paragraph\">Local: Casar\u00e3o Pau Preto &#8211;&nbsp;R. Pedro Gon\u00e7alves, 477 &#8211; Centro, Indaiatuba\/SP.<\/p>\n\n\n\n<p class=\"wp-block-paragraph\">Entrada: gratuita<\/p>\n","protected":false},"excerpt":{"rendered":"<p>Apresenta\u00e7\u00e3o tamb\u00e9m celebra os 25 anos de carreira de Juliana Alves, que interpreta sucessos que atravessaram gera\u00e7\u00f5es A Secretaria de Cultura, realiza no dia 13 de setembro, \u00e0s 18h, o espet\u00e1culo \u201cTributo a Whitney Houston\u201d, com a cantora Juliana Alves, no Casar\u00e3o Pau Preto. A apresenta\u00e7\u00e3o \u00e9 gratuita e presta homenagem a uma das maiores [&hellip;]<\/p>\n","protected":false},"author":8,"featured_media":33518,"comment_status":"closed","ping_status":"open","sticky":false,"template":"","format":"standard","meta":{"rop_custom_images_group":[],"rop_custom_messages_group":[],"rop_publish_now":"yes","rop_publish_now_accounts":[],"rop_publish_now_history":[],"rop_publish_now_status":"pending","footnotes":""},"categories":[188],"tags":[],"class_list":["post-33517","post","type-post","status-publish","format-standard","has-post-thumbnail","hentry","category-indaiatuba"],"_links":{"self":[{"href":"https:\/\/imais.online\/portal\/wp-json\/wp\/v2\/posts\/33517","targetHints":{"allow":["GET"]}}],"collection":[{"href":"https:\/\/imais.online\/portal\/wp-json\/wp\/v2\/posts"}],"about":[{"href":"https:\/\/imais.online\/portal\/wp-json\/wp\/v2\/types\/post"}],"author":[{"embeddable":true,"href":"https:\/\/imais.online\/portal\/wp-json\/wp\/v2\/users\/8"}],"replies":[{"embeddable":true,"href":"https:\/\/imais.online\/portal\/wp-json\/wp\/v2\/comments?post=33517"}],"version-history":[{"count":1,"href":"https:\/\/imais.online\/portal\/wp-json\/wp\/v2\/posts\/33517\/revisions"}],"predecessor-version":[{"id":33519,"href":"https:\/\/imais.online\/portal\/wp-json\/wp\/v2\/posts\/33517\/revisions\/33519"}],"wp:featuredmedia":[{"embeddable":true,"href":"https:\/\/imais.online\/portal\/wp-json\/wp\/v2\/media\/33518"}],"wp:attachment":[{"href":"https:\/\/imais.online\/portal\/wp-json\/wp\/v2\/media?parent=33517"}],"wp:term":[{"taxonomy":"category","embeddable":true,"href":"https:\/\/imais.online\/portal\/wp-json\/wp\/v2\/categories?post=33517"},{"taxonomy":"post_tag","embeddable":true,"href":"https:\/\/imais.online\/portal\/wp-json\/wp\/v2\/tags?post=33517"}],"curies":[{"name":"wp","href":"https:\/\/api.w.org\/{rel}","templated":true}]}}