{"id":3371,"date":"2021-12-08T14:31:56","date_gmt":"2021-12-08T17:31:56","guid":{"rendered":"https:\/\/imais.online\/portal\/?p=3371"},"modified":"2021-12-08T14:31:58","modified_gmt":"2021-12-08T17:31:58","slug":"sao-paulo-pede-ao-governo-federal-exigencia-do-passaporte-da-vacina","status":"publish","type":"post","link":"https:\/\/imais.online\/portal\/sao-paulo-pede-ao-governo-federal-exigencia-do-passaporte-da-vacina\/","title":{"rendered":"S\u00e3o Paulo pede ao governo federal exig\u00eancia do passaporte da vacina"},"content":{"rendered":"<div class=\"imais-before-content-placement\" id=\"imais-1768181858\"><script async src=\"\/\/pagead2.googlesyndication.com\/pagead\/js\/adsbygoogle.js?client=ca-pub-8787528412751566\" crossorigin=\"anonymous\"><\/script><ins class=\"adsbygoogle\" style=\"display:block;\" data-ad-client=\"ca-pub-8787528412751566\" \ndata-ad-slot=\"\" \ndata-ad-format=\"auto\"><\/ins>\n<script> \n(adsbygoogle = window.adsbygoogle || []).push({}); \n<\/script>\n<\/div>\n<h2 class=\"has-text-align-center wp-block-heading\">Segundo Doria, o estado tem o maior porto e aeroporto do pa\u00eds. Medida segue recomenda\u00e7\u00e3o do Comit\u00ea de Sa\u00fade e da Anvisa<\/h2>\n\n\n\n<p>O Governo de S\u00e3o Paulo pediu ao governo federal a implementa\u00e7\u00e3o imediata do passaporte da vacina contra a Covid-19. O an\u00fancio foi feito pelo governador&nbsp;Jo\u00e3o Doria (PSDB) durante coletiva de imprensa no Pal\u00e1cio dos Bandeirantes nesta quarta-feira (8). Segundo ele, se a medida n\u00e3o for adotada no pa\u00eds at\u00e9 o dia 15, o estado vai adotar por ser &#8220;um direito que nos cabe&#8221;.<\/p>\n\n\n\n<p>Segundo o governo, um of\u00edcio foi enviado ao Minist\u00e9rio da Sa\u00fade para que seja exigida a comprova\u00e7\u00e3o aos viajantes que chegam ao Brasil. A recomenda\u00e7\u00e3o \u00e9 do Comit\u00ea de Sa\u00fade do Estado e segue procedimentos j\u00e1 adotados em outros pa\u00edses, inclusive corroborados pela Anvisa (Ag\u00eancia Nacional de Vigil\u00e2ncia Sanit\u00e1ria).<\/p>\n\n\n\n<p>&#8220;\u00c9 a forma correta de agir, de estabelecer procedimentos, o que a Ci\u00eancia, a Sa\u00fade determina. Temos o maior porto da Am\u00e9rica Latina, o porto de Santos, e o maior aeroporto de S\u00e3o Paulo, em Guarulhos. S\u00e3o Paulo \u00e9 a principal entrada de estrangeiros no pa\u00eds&#8221;, justificou o governador.<\/p>\n\n\n\n<p>Com tr\u00eas dos aeroportos mais movimentados do pa\u00eds (Cumbica, Viracopos e Congonhas), S\u00e3o Paulo recebe um ter\u00e7o dos voos nacionais e dois ter\u00e7os do total de voos internacionais.<\/p>\n\n\n\n<p>O coordenador do Comit\u00ea Cient\u00edfico de S\u00e3o Paulo, Paulo Menezes, lembrou os tr\u00eas casos confirmados da variante \u00d4micron no estado, que foram importados, e a necessidade do avan\u00e7o da vacina\u00e7\u00e3o, tamb\u00e9m com a dose de refor\u00e7o.<\/p>\n\n\n\n<p>\u201cO grande objetivo da vacina\u00e7\u00e3o contra Covid-19 \u00e9 reduzir a mortalidade e, nesse sentido, a exig\u00eancia de comprova\u00e7\u00e3o \u00e9 mais uma iniciativa de controle e enfrentamento da pandemia. Nossa expectativa \u00e9 que o governo federal possa compreender esta necessidade evitando a entrada de novas variantes no Brasil\u201d, disse Paulo Menezes.<\/p>\n\n\n\n<p>Al\u00e9m da exig\u00eancia da comprova\u00e7\u00e3o de vacina, o Comit\u00ea considera fundamental a obrigatoriedade da apresenta\u00e7\u00e3o de teste PCR negativo v\u00e1lido por 48 horas ou teste ant\u00edgeno negativo por 24 horas.<\/p>\n\n\n\n<p>&#8220;\u00c9 obriga\u00e7\u00e3o rastrear nos 645 munic\u00edpios paulistas outras variantes, n\u00e3o s\u00f3 a \u00d4micron, que \u00e9 de aten\u00e7\u00e3o, e fazer testagem aleat\u00f3ria&#8221;, destacou o secret\u00e1rio estadual de Sa\u00fade, Jean Gorinchteyn.<\/p>\n\n\n\n<p>As autoridades evitaram dizer, em coletiva, se haver\u00e1 Carnaval em 2022 e justificaram que ainda a tempo para a tomada de decis\u00e3o.<\/p>\n\n\n\n<h3 class=\"wp-block-heading\">Vacina\u00e7\u00e3o em crian\u00e7as<\/h3>\n\n\n\n<p><em><\/em><\/p>\n\n\n\n<p>O governo tamb\u00e9m anunciou que j\u00e1 reservou 12 milh\u00f5es de doses da CoronaVac para imunizar crian\u00e7as de 3 a 11 anos contra a Covid-19. Para dar in\u00edcio \u00e0 campanha, a Anvisa precisa emitir a autoriza\u00e7\u00e3o.&nbsp;O primeiro pedido foi protocolado em agosto.<\/p>\n\n\n\n<p>Segundo Dimas Covas, presidente do Instituto Butantan, o documento est\u00e1 na fase final de elabora\u00e7\u00e3o sobre a imunicidade da vacina. Ao final, ele ser\u00e1 novamente apresentado a Anvisa e a expectativa \u00e9 por uma &#8220;resposta positiva&#8221;.<\/p>\n\n\n\n<p>Covas defendeu a efic\u00e1cia da vacina: &#8220;Tem uma resposta excelente, resposta de 5 ou 6 vezes na eleva\u00e7\u00e3o de anticorpos, d\u00e1 prote\u00e7\u00e3o e imunidade. Tem um excelente perfil de seguran\u00e7a e efici\u00eancia comprovada. Lembrando que a CoronaVac j\u00e1 \u00e9 aplicada em crian\u00e7as na China, Filipinas, Mal\u00e1sia, Chile e Equador&#8221;.<\/p>\n\n\n\n<p>De acordo com o Vacin\u00f4metro, 79.717.578 doses foram aplicadas no estado, sendo 38.112.191 de primeira dose, 34.557.465 de segunda e 1.177.248 de dose \u00fanica. Outras 5.870.674 doses de refor\u00e7os tamb\u00e9m j\u00e1 foram aplicadas. At\u00e9 o momento, 94,53% da popula\u00e7\u00e3o com mais de 18 anos tem o esquema vacinal completo.<\/p>\n\n\n\n<p>O presidente do Instituto Butantan destacou tamb\u00e9m que o governo federal n\u00e3o demonstrou interesse em adquirir novas doses da CoronaVac para 2022.<\/p>\n\n\n\n<h3 class=\"wp-block-heading\">Influenza<\/h3>\n\n\n\n<p><em><\/em><\/p>\n\n\n\n<p>J\u00e1 a cidade do Rio de Janeiro vai receber 400 mil doses da vacina contra a influenza doadas pelo Butantan devido ao surto da doen\u00e7a. A previs\u00e3o \u00e9 de que cheguem at\u00e9 sexta-feira (10) para a retomada da vacina\u00e7\u00e3o.<\/p>\n\n\n\n<p>O Butantan \u00e9 o maior produtor da vacina e j\u00e1 entregou ao Minist\u00e9rio da Sa\u00fade 80 milh\u00f5es de doses. Outras 3,4 milh\u00f5es de doses foram ofertadas ao governo para serem enviadas \u00e0s cidades do pa\u00eds com surto de influenza.\u00a0<\/p>\n\n\n\n<p>Fonte R7 <\/p>\n","protected":false},"excerpt":{"rendered":"<p>Segundo Doria, o estado tem o maior porto e aeroporto do pa\u00eds. Medida segue recomenda\u00e7\u00e3o do Comit\u00ea de Sa\u00fade e da Anvisa O Governo de S\u00e3o Paulo pediu ao governo federal a implementa\u00e7\u00e3o imediata do passaporte da vacina contra a Covid-19. O an\u00fancio foi feito pelo governador&nbsp;Jo\u00e3o Doria (PSDB) durante coletiva de imprensa no Pal\u00e1cio [&hellip;]<\/p>\n","protected":false},"author":8,"featured_media":3372,"comment_status":"closed","ping_status":"open","sticky":false,"template":"","format":"standard","meta":{"rop_custom_images_group":[],"rop_custom_messages_group":[],"rop_publish_now":"initial","rop_publish_now_accounts":[],"rop_publish_now_history":[],"rop_publish_now_status":"pending","footnotes":""},"categories":[195],"tags":[73],"class_list":["post-3371","post","type-post","status-publish","format-standard","has-post-thumbnail","hentry","category-sao-paulo","tag-featured"],"amp_enabled":true,"_links":{"self":[{"href":"https:\/\/imais.online\/portal\/wp-json\/wp\/v2\/posts\/3371","targetHints":{"allow":["GET"]}}],"collection":[{"href":"https:\/\/imais.online\/portal\/wp-json\/wp\/v2\/posts"}],"about":[{"href":"https:\/\/imais.online\/portal\/wp-json\/wp\/v2\/types\/post"}],"author":[{"embeddable":true,"href":"https:\/\/imais.online\/portal\/wp-json\/wp\/v2\/users\/8"}],"replies":[{"embeddable":true,"href":"https:\/\/imais.online\/portal\/wp-json\/wp\/v2\/comments?post=3371"}],"version-history":[{"count":1,"href":"https:\/\/imais.online\/portal\/wp-json\/wp\/v2\/posts\/3371\/revisions"}],"predecessor-version":[{"id":3373,"href":"https:\/\/imais.online\/portal\/wp-json\/wp\/v2\/posts\/3371\/revisions\/3373"}],"wp:featuredmedia":[{"embeddable":true,"href":"https:\/\/imais.online\/portal\/wp-json\/wp\/v2\/media\/3372"}],"wp:attachment":[{"href":"https:\/\/imais.online\/portal\/wp-json\/wp\/v2\/media?parent=3371"}],"wp:term":[{"taxonomy":"category","embeddable":true,"href":"https:\/\/imais.online\/portal\/wp-json\/wp\/v2\/categories?post=3371"},{"taxonomy":"post_tag","embeddable":true,"href":"https:\/\/imais.online\/portal\/wp-json\/wp\/v2\/tags?post=3371"}],"curies":[{"name":"wp","href":"https:\/\/api.w.org\/{rel}","templated":true}]}}