{"id":3433,"date":"2021-12-14T10:56:03","date_gmt":"2021-12-14T13:56:03","guid":{"rendered":"https:\/\/imais.online\/portal\/?p=3433"},"modified":"2021-12-14T10:56:04","modified_gmt":"2021-12-14T13:56:04","slug":"itens-da-ceia-de-natal-tem-diferenca-de-preco-de-12472","status":"publish","type":"post","link":"https:\/\/imais.online\/portal\/itens-da-ceia-de-natal-tem-diferenca-de-preco-de-12472\/","title":{"rendered":"Itens da ceia de Natal t\u00eam diferen\u00e7a de pre\u00e7o de 124,72%"},"content":{"rendered":"<div class=\"imais-before-content-placement\" id=\"imais-578163387\"><script async src=\"\/\/pagead2.googlesyndication.com\/pagead\/js\/adsbygoogle.js?client=ca-pub-8787528412751566\" crossorigin=\"anonymous\"><\/script><ins class=\"adsbygoogle\" style=\"display:block;\" data-ad-client=\"ca-pub-8787528412751566\" \ndata-ad-slot=\"\" \ndata-ad-format=\"auto\"><\/ins>\n<script> \n(adsbygoogle = window.adsbygoogle || []).push({}); \n<\/script>\n<\/div>\n<h3 class=\"has-text-align-center wp-block-heading\">Foram comparados valores de 63 itens, diz Procon-SP<\/h3>\n\n\n\n<p>Levantamento feito pelo Procon de S\u00e3o Paulo com produtos que comp\u00f5em a ceia de Natal apontou diferen\u00e7a de pre\u00e7o de at\u00e9 124,72%. A coleta de pre\u00e7os foi realizada nos dias 29 e 30 de novembro e 1\u00ba de dezembro nos<em>&nbsp;sites<\/em>&nbsp;de sete supermercados.<img decoding=\"async\" src=\"https:\/\/agenciabrasil.ebc.com.br\/ebc.png?id=1431810&amp;o=node\"><img decoding=\"async\" src=\"https:\/\/agenciabrasil.ebc.com.br\/ebc.gif?id=1431810&amp;o=node\"><\/p>\n\n\n\n<p>Foram comparados os pre\u00e7os de 63 dos seguintes itens de diferentes marcas: azeites, bombons, lentilhas secas, conservas, farofas prontas, frutas em calda, panetones, chocotones e carne.<\/p>\n\n\n\n<p>Entre os produtos analisados, um azeite de oliva de 500 ml custava R$ 44,90 em um estabelecimento e R$ 19,98 em outro, diferen\u00e7a de R$ 24,92. Um panetone com gotas de chocolate de 400 gramas foi encontrado a R$ 20,78 em um estabelecimento e R$ 14,99 em outro.<\/p>\n\n\n\n<p>Na compara\u00e7\u00e3o com o levantamento feito no ano passado, houve aumento de 17,11% no pre\u00e7o m\u00e9dio.<\/p>\n\n\n\n<p>Especialistas do Procon-SP recomendam planejar o card\u00e1pio e montar listas dos alimentos e bebidas antes da ida ao supermercado para evitar compras por impulso. Orientam tamb\u00e9m que o consumidor fa\u00e7a uma compara\u00e7\u00e3o entre os pre\u00e7os praticados pelos diferentes estabelecimentos.<\/p>\n","protected":false},"excerpt":{"rendered":"<p>Foram comparados valores de 63 itens, diz Procon-SP Levantamento feito pelo Procon de S\u00e3o Paulo com produtos que comp\u00f5em a ceia de Natal apontou diferen\u00e7a de pre\u00e7o de at\u00e9 124,72%. A coleta de pre\u00e7os foi realizada nos dias 29 e 30 de novembro e 1\u00ba de dezembro nos&nbsp;sites&nbsp;de sete supermercados. Foram comparados os pre\u00e7os de [&hellip;]<\/p>\n","protected":false},"author":8,"featured_media":3434,"comment_status":"closed","ping_status":"open","sticky":false,"template":"","format":"standard","meta":{"rop_custom_images_group":[],"rop_custom_messages_group":[],"rop_publish_now":"initial","rop_publish_now_accounts":[],"rop_publish_now_history":[],"rop_publish_now_status":"pending","footnotes":""},"categories":[192],"tags":[73],"class_list":["post-3433","post","type-post","status-publish","format-standard","has-post-thumbnail","hentry","category-economia","tag-featured"],"amp_enabled":true,"_links":{"self":[{"href":"https:\/\/imais.online\/portal\/wp-json\/wp\/v2\/posts\/3433","targetHints":{"allow":["GET"]}}],"collection":[{"href":"https:\/\/imais.online\/portal\/wp-json\/wp\/v2\/posts"}],"about":[{"href":"https:\/\/imais.online\/portal\/wp-json\/wp\/v2\/types\/post"}],"author":[{"embeddable":true,"href":"https:\/\/imais.online\/portal\/wp-json\/wp\/v2\/users\/8"}],"replies":[{"embeddable":true,"href":"https:\/\/imais.online\/portal\/wp-json\/wp\/v2\/comments?post=3433"}],"version-history":[{"count":1,"href":"https:\/\/imais.online\/portal\/wp-json\/wp\/v2\/posts\/3433\/revisions"}],"predecessor-version":[{"id":3435,"href":"https:\/\/imais.online\/portal\/wp-json\/wp\/v2\/posts\/3433\/revisions\/3435"}],"wp:featuredmedia":[{"embeddable":true,"href":"https:\/\/imais.online\/portal\/wp-json\/wp\/v2\/media\/3434"}],"wp:attachment":[{"href":"https:\/\/imais.online\/portal\/wp-json\/wp\/v2\/media?parent=3433"}],"wp:term":[{"taxonomy":"category","embeddable":true,"href":"https:\/\/imais.online\/portal\/wp-json\/wp\/v2\/categories?post=3433"},{"taxonomy":"post_tag","embeddable":true,"href":"https:\/\/imais.online\/portal\/wp-json\/wp\/v2\/tags?post=3433"}],"curies":[{"name":"wp","href":"https:\/\/api.w.org\/{rel}","templated":true}]}}