{"id":3437,"date":"2021-12-14T18:45:32","date_gmt":"2021-12-14T21:45:32","guid":{"rendered":"https:\/\/imais.online\/portal\/?p=3437"},"modified":"2021-12-14T18:45:34","modified_gmt":"2021-12-14T21:45:34","slug":"professor-da-rede-estadual-de-sp-tera-ate-73-de-aumento-e-salario-inicial-de-r-5-mil","status":"publish","type":"post","link":"https:\/\/imais.online\/portal\/professor-da-rede-estadual-de-sp-tera-ate-73-de-aumento-e-salario-inicial-de-r-5-mil\/","title":{"rendered":"Professor da rede estadual de SP ter\u00e1 at\u00e9 73% de aumento e sal\u00e1rio inicial de R$ 5 mil"},"content":{"rendered":"<div class=\"imais-before-content-placement\" id=\"imais-28017522\"><script async src=\"\/\/pagead2.googlesyndication.com\/pagead\/js\/adsbygoogle.js?client=ca-pub-8787528412751566\" crossorigin=\"anonymous\"><\/script><ins class=\"adsbygoogle\" style=\"display:block;\" data-ad-client=\"ca-pub-8787528412751566\" \ndata-ad-slot=\"\" \ndata-ad-format=\"auto\"><\/ins>\n<script> \n(adsbygoogle = window.adsbygoogle || []).push({}); \n<\/script>\n<\/div>\n<p class=\"has-text-align-center\">Governador Jo\u00e3o Doria vai enviar texto \u00e0 Assembleia Legislativa propondo reajuste para profissionais em jornada de 40 horas semanais<\/p>\n\n\n\n<p>O Governador Jo\u00e3o Doria anunciou nesta ter\u00e7a-feira (14), no Pal\u00e1cio dos Bandeirantes, aumento de at\u00e9 73% para os professores da rede estadual de ensino. A proposta que ser\u00e1 enviada \u00e0 Assembleia Legislativa define o sal\u00e1rio inicial da categoria em R$ 5 mil para professores em jornada de 40 horas semanais.<\/p>\n\n\n\n<p>\u201cOs professores do Estado ter\u00e3o at\u00e9 73% de aumento no sal\u00e1rio inicial, isto \u00e9 um fato hist\u00f3rico e in\u00e9dito\u201d, afirmou Doria. \u201cOs que est\u00e3o no topo da carreira tamb\u00e9m ser\u00e3o valorizados com aumento salarial e promo\u00e7\u00e3o por m\u00e9rito. A valoriza\u00e7\u00e3o vai tornar a profiss\u00e3o mais atraente, melhorando o desempenho do quadro docente e a qualidade do ensino, em benef\u00edcio de todos os alunos da rede p\u00fablica\u201d, refor\u00e7ou.<\/p>\n\n\n\n<p>A expectativa \u00e9 que a proposta seja aprovada pelos Deputados Estaduais e entre em vigor em janeiro de 2022. O plano de moderniza\u00e7\u00e3o de carreira dos professores estaduais receber\u00e1 investimentos de R$ 3,7 bilh\u00f5es, segundo estimativa da Secretaria da Educa\u00e7\u00e3o do Estado.<\/p>\n\n\n\n<p>O Governo de S\u00e3o Paulo prop\u00f5e que o desempenho e o desenvolvimento de compet\u00eancias ser\u00e3o combinados para definir aumentos salariais e avan\u00e7os na carreira de cada professor. A ades\u00e3o dos atuais quadros docentes ao novo plano de carreira ser\u00e1 opcional.<\/p>\n\n\n\n<p>\u201cA melhoria da educa\u00e7\u00e3o envolve cada vez mais atrair novos talentos e valorizar os nossos profissionais, isto \u00e9 fundamental. A melhoria na aprendizagem tem que ter a valoriza\u00e7\u00e3o do professor\u201d, declarou o Secret\u00e1rio da Educa\u00e7\u00e3o Rossieli Soares<\/p>\n\n\n\n<p>Para tornar a carreira mais atraente e atrair profissionais mais jovens, a Secretaria da Educa\u00e7\u00e3o decidiu reformular os crit\u00e9rios de reajuste salarial e de desenvolvimento profissional ap\u00f3s uma pesquisa com os pr\u00f3prios professores.<\/p>\n\n\n\n<p>Atualmente, o piso da categoria equivale ao sal\u00e1rio de professor com jornada semanal de 40 horas com vencimentos de R$ 2.886,24. Pela nova proposta, um profissional com a mesma jornada passa a ganhar R$ 5 mil. Se o texto for aprovado pela Alesp, 89% dos docentes ter\u00e3o aumento salarial imediato caso escolham aderir \u00e0 nova carreira.<\/p>\n\n\n\n<p>Profissionais em topo da carreira tamb\u00e9m ser\u00e3o valorizados pelo Estado. Com as promo\u00e7\u00f5es por desenvolvimento e desempenho da nova proposta, o sal\u00e1rio de um professor na refer\u00eancia L15, a mais alta da carreira, poder\u00e1 chegar a R$ 13 mil.<\/p>\n\n\n\n<p>A ades\u00e3o \u00e0 nova carreira ser\u00e1 volunt\u00e1ria para professores que j\u00e1 integram a rede p\u00fablica estadual. Para facilitar a decis\u00e3o de cada profissional, a Secretaria da Educa\u00e7\u00e3o prepara um simulador online para compara\u00e7\u00e3o de sal\u00e1rios na antiga e na nova modalidade de remunera\u00e7\u00e3o.<\/p>\n\n\n\n<p>Profissionais com mestrado e doutorado ter\u00e3o acr\u00e9scimo de 3% a 5% sobre aqueles que t\u00eam apenas a licenciatura. A avalia\u00e7\u00e3o de m\u00e9rito tamb\u00e9m prev\u00ea um sistema de pontua\u00e7\u00e3o por desempenho em sala de aula. O detalhamento dos crit\u00e9rios de avalia\u00e7\u00e3o ainda ser\u00e1 elaborado com a participa\u00e7\u00e3o da categoria.<\/p>\n","protected":false},"excerpt":{"rendered":"<p>Governador Jo\u00e3o Doria vai enviar texto \u00e0 Assembleia Legislativa propondo reajuste para profissionais em jornada de 40 horas semanais O Governador Jo\u00e3o Doria anunciou nesta ter\u00e7a-feira (14), no Pal\u00e1cio dos Bandeirantes, aumento de at\u00e9 73% para os professores da rede estadual de ensino. A proposta que ser\u00e1 enviada \u00e0 Assembleia Legislativa define o sal\u00e1rio inicial [&hellip;]<\/p>\n","protected":false},"author":7,"featured_media":3438,"comment_status":"closed","ping_status":"open","sticky":false,"template":"","format":"standard","meta":{"rop_custom_images_group":[],"rop_custom_messages_group":[],"rop_publish_now":"initial","rop_publish_now_accounts":[],"rop_publish_now_history":[],"rop_publish_now_status":"pending","footnotes":""},"categories":[195],"tags":[73],"class_list":["post-3437","post","type-post","status-publish","format-standard","has-post-thumbnail","hentry","category-sao-paulo","tag-featured"],"amp_enabled":true,"_links":{"self":[{"href":"https:\/\/imais.online\/portal\/wp-json\/wp\/v2\/posts\/3437","targetHints":{"allow":["GET"]}}],"collection":[{"href":"https:\/\/imais.online\/portal\/wp-json\/wp\/v2\/posts"}],"about":[{"href":"https:\/\/imais.online\/portal\/wp-json\/wp\/v2\/types\/post"}],"author":[{"embeddable":true,"href":"https:\/\/imais.online\/portal\/wp-json\/wp\/v2\/users\/7"}],"replies":[{"embeddable":true,"href":"https:\/\/imais.online\/portal\/wp-json\/wp\/v2\/comments?post=3437"}],"version-history":[{"count":1,"href":"https:\/\/imais.online\/portal\/wp-json\/wp\/v2\/posts\/3437\/revisions"}],"predecessor-version":[{"id":3439,"href":"https:\/\/imais.online\/portal\/wp-json\/wp\/v2\/posts\/3437\/revisions\/3439"}],"wp:featuredmedia":[{"embeddable":true,"href":"https:\/\/imais.online\/portal\/wp-json\/wp\/v2\/media\/3438"}],"wp:attachment":[{"href":"https:\/\/imais.online\/portal\/wp-json\/wp\/v2\/media?parent=3437"}],"wp:term":[{"taxonomy":"category","embeddable":true,"href":"https:\/\/imais.online\/portal\/wp-json\/wp\/v2\/categories?post=3437"},{"taxonomy":"post_tag","embeddable":true,"href":"https:\/\/imais.online\/portal\/wp-json\/wp\/v2\/tags?post=3437"}],"curies":[{"name":"wp","href":"https:\/\/api.w.org\/{rel}","templated":true}]}}