{"id":3522,"date":"2021-12-18T15:05:12","date_gmt":"2021-12-18T18:05:12","guid":{"rendered":"https:\/\/imais.online\/portal\/?p=3522"},"modified":"2021-12-18T15:05:14","modified_gmt":"2021-12-18T18:05:14","slug":"terminais-de-sp-devem-receber-700-mil-pessoas-neste-fim-de-ano","status":"publish","type":"post","link":"https:\/\/imais.online\/portal\/terminais-de-sp-devem-receber-700-mil-pessoas-neste-fim-de-ano\/","title":{"rendered":"Terminais de SP devem receber 700 mil pessoas neste fim de ano"},"content":{"rendered":"<div class=\"imais-before-content-placement\" id=\"imais-2517897252\"><script async src=\"\/\/pagead2.googlesyndication.com\/pagead\/js\/adsbygoogle.js?client=ca-pub-8787528412751566\" crossorigin=\"anonymous\"><\/script><ins class=\"adsbygoogle\" style=\"display:block;\" data-ad-client=\"ca-pub-8787528412751566\" \ndata-ad-slot=\"\" \ndata-ad-format=\"auto\"><\/ins>\n<script> \n(adsbygoogle = window.adsbygoogle || []).push({}); \n<\/script>\n<\/div>\n<h2 class=\"has-text-align-center wp-block-heading\">Destinos mais procurados s\u00e3o as cidades do Rio de Janeiro e Regi\u00e3o dos Lagos, Curitiba, Florian\u00f3polis, Cuiab\u00e1, Belo Horizonte<\/h2>\n\n\n\n<p>De acordo com a concession\u00e1ria Socicam,\u00a0entre segunda-feira (20) e a pr\u00f3xima segunda-feira (27), mais de 704 mil pessoas devem embarcar e desembarcar pelos terminais rodovi\u00e1rios de S\u00e3o Paulo, no Tiet\u00ea, Barra Funda e Jabaquara. Os\u00a0destinos mais procurados s\u00e3o as cidades do Rio de Janeiro e Regi\u00e3o dos Lagos, Curitiba, Florian\u00f3polis, Cuiab\u00e1, Belo Horizonte e os munic\u00edpios do sul de Minas, litoral e interior de S\u00e3o Paulo.<\/p>\n\n\n\n<p>A previs\u00e3o \u00e9 que entre os dias 20 e 24 de dezembro, sejam disponibilizados 1.624 \u00f4nibus extras para atender a demanda de passageiros. Caso seja necess\u00e1rio, mais carros podem ser disponibilizados.<\/p>\n\n\n\n<p>A retomada do movimento de passageiros acontece de forma gradual no transporte rodovi\u00e1rio. Nos terminais rodovi\u00e1rios de S\u00e3o Paulo, a expectativa \u00e9 de que o movimento de passageiros nos empreendimentos durante o m\u00eas de dezembro, alcance o registrado antes da pandemia.<\/p>\n\n\n\n<h3 class=\"wp-block-heading\">Saiba como se preparar<\/h3>\n\n\n\n<p><strong>Escolha o transporte rodovi\u00e1rio regular<\/strong><\/p>\n\n\n\n<p>Para ter a garantia de que sua viagem n\u00e3o passar\u00e1 por nenhum imprevisto, opte pelo transporte rodovi\u00e1rio regular. Somente ao embarcar nos terminais rodovi\u00e1rios oficiais, os passageiros viajam com total seguran\u00e7a, por meio de via\u00e7\u00f5es regulares que podem assegurar todos os direitos garantidos em lei, como os benef\u00edcios sociais ID Jovem e a Gratuidade de Passagens para Idosos.<br><br>Al\u00e9m disso, no regular, n\u00e3o h\u00e1 risco da viagem ser cancelada em cima da hora, independente do n\u00famero de passagens comercializadas. Nos terminais rodovi\u00e1rios Tiet\u00ea, Barra Funda e Jabaquara, o passageiro ainda pode desfrutar de amplas \u00e1reas de espera e verdadeiros centros de conveni\u00eancia com restaurantes, lojas, servi\u00e7os e v\u00e1rias outras comodidades. O acesso aos terminais tamb\u00e9m \u00e9 mais um ponto de facilidade, j\u00e1 que os tr\u00eas empreendimentos est\u00e3o interligados com o sistema de Metr\u00f4, proporcionando mais seguran\u00e7a e facilidade na chegada e sa\u00edda aos pontos de embarque.<\/p>\n\n\n\n<p><strong>Use m\u00e1scara<\/strong><\/p>\n\n\n\n<p>De acordo com a Lei Federal n\u00ba 14.019, o uso da prote\u00e7\u00e3o facial \u00e9 obrigat\u00f3rio em espa\u00e7os p\u00fablicos e privados acess\u00edveis ao p\u00fablico<\/p>\n\n\n\n<p><strong>Aten\u00e7\u00e3o para as aglomera\u00e7\u00f5es<\/strong><\/p>\n\n\n\n<p>Al\u00e9m da demarca\u00e7\u00e3o de piso e assentos, os terminais contam com os colaboradores em rondas, avisos sonoros e visuais que alertam para o distanciamento social. Obede\u00e7a aos avisos de distanciamento e, se puder, compre a sua passagem pela internet.<\/p>\n\n\n\n<p>Caso n\u00e3o seja poss\u00edvel realizar a compra online, antes de se deslocar ao terminal rodovi\u00e1rio entre em contato com a empresa de \u00f4nibus que deseja viajar para checar a disponibilidade de passagens e op\u00e7\u00f5es de datas e hor\u00e1rios.<\/p>\n\n\n\n<p><strong>Lave bem as m\u00e3os sempre que puder ou fa\u00e7a uso constante de \u00e1lcool em gel<\/strong><\/p>\n\n\n\n<p>Caso apresente algum sintoma relacionado \u00e0 Covid-19, entre em contato com a empresa e remarque a sua viagem. O passageiro rodovi\u00e1rio tem prazo de at\u00e9 um ano para remarcar a data da sua passagem.<\/p>\n\n\n\n<p>A Campanha Embarque Seguro com a Socicam permanece nos terminais, que est\u00e3o preparados para receber o p\u00fablico com dispensers de \u00e1lcool gel 70%, lixeiras exclusivas para o descarte de m\u00e1scaras, luvas e len\u00e7os, comunica\u00e7\u00e3o sonora e visual alertando para as recomenda\u00e7\u00f5es de autocuidado e import\u00e2ncia do distanciamento social em locais de filas e uso p\u00fablico.<\/p>\n\n\n\n<p>Superf\u00edcies manipul\u00e1veis, como corrim\u00e3os e al\u00e7as de carrinhos de bagagem, s\u00e3o desinfetadas frequentemente e todos os colaboradores da Socicam usam EPIs (Equipamentos de Prote\u00e7\u00e3o Individual). Al\u00e9m disso, as \u00e1reas de circula\u00e7\u00e3o s\u00e3o constantemente higienizadas com produtos desinfetantes homologados pela Anvisa.<\/p>\n\n\n\n<p><strong>Documentos<\/strong><\/p>\n\n\n\n<p>Aten\u00e7\u00e3o com os documentos: Todos os passageiros, at\u00e9 mesmo as crian\u00e7as, devem apresentar documento de identifica\u00e7\u00e3o original e com foto.<\/p>\n\n\n\n<p><strong>Embarque de crian\u00e7as e adolescentes<\/strong><\/p>\n\n\n\n<p>Para viajar desacompanhados ou com terceiros, menores de 16 anos precisam de autoriza\u00e7\u00e3o. Para informa\u00e7\u00f5es, acesse o\u00a0site do Tribunal de Justi\u00e7a de S\u00e3o Paulo, em informa\u00e7\u00f5es \/ inf\u00e2ncia e juventude\/ autoriza\u00e7\u00e3o de viagem.<\/p>\n\n\n\n<p><strong>Limite de bagagem<\/strong><br>S\u00e3o permitidos at\u00e9 30kg no bagageiro e at\u00e9 5 kg de bagagem de m\u00e3o, desde que n\u00e3o interfira no conforto dos demais passageiros. Recomendamos que identifique suas bagagens com etiqueta contendo nome completo e telefone;<\/p>\n\n\n\n<p><strong>Chegue com anteced\u00eancia<\/strong><br>\u00c9 importante que o passageiro chegue ao terminal, pelo menos, 30 minutos antes do hor\u00e1rio marcado na passagem.<\/p>\n\n\n\n<p>Fonte R7<\/p>\n","protected":false},"excerpt":{"rendered":"<p>Destinos mais procurados s\u00e3o as cidades do Rio de Janeiro e Regi\u00e3o dos Lagos, Curitiba, Florian\u00f3polis, Cuiab\u00e1, Belo Horizonte De acordo com a concession\u00e1ria Socicam,\u00a0entre segunda-feira (20) e a pr\u00f3xima segunda-feira (27), mais de 704 mil pessoas devem embarcar e desembarcar pelos terminais rodovi\u00e1rios de S\u00e3o Paulo, no Tiet\u00ea, Barra Funda e Jabaquara. Os\u00a0destinos mais [&hellip;]<\/p>\n","protected":false},"author":8,"featured_media":3523,"comment_status":"closed","ping_status":"open","sticky":false,"template":"","format":"standard","meta":{"rop_custom_images_group":[],"rop_custom_messages_group":[],"rop_publish_now":"initial","rop_publish_now_accounts":[],"rop_publish_now_history":[],"rop_publish_now_status":"pending","footnotes":""},"categories":[195],"tags":[73],"class_list":["post-3522","post","type-post","status-publish","format-standard","has-post-thumbnail","hentry","category-sao-paulo","tag-featured"],"amp_enabled":true,"_links":{"self":[{"href":"https:\/\/imais.online\/portal\/wp-json\/wp\/v2\/posts\/3522","targetHints":{"allow":["GET"]}}],"collection":[{"href":"https:\/\/imais.online\/portal\/wp-json\/wp\/v2\/posts"}],"about":[{"href":"https:\/\/imais.online\/portal\/wp-json\/wp\/v2\/types\/post"}],"author":[{"embeddable":true,"href":"https:\/\/imais.online\/portal\/wp-json\/wp\/v2\/users\/8"}],"replies":[{"embeddable":true,"href":"https:\/\/imais.online\/portal\/wp-json\/wp\/v2\/comments?post=3522"}],"version-history":[{"count":1,"href":"https:\/\/imais.online\/portal\/wp-json\/wp\/v2\/posts\/3522\/revisions"}],"predecessor-version":[{"id":3524,"href":"https:\/\/imais.online\/portal\/wp-json\/wp\/v2\/posts\/3522\/revisions\/3524"}],"wp:featuredmedia":[{"embeddable":true,"href":"https:\/\/imais.online\/portal\/wp-json\/wp\/v2\/media\/3523"}],"wp:attachment":[{"href":"https:\/\/imais.online\/portal\/wp-json\/wp\/v2\/media?parent=3522"}],"wp:term":[{"taxonomy":"category","embeddable":true,"href":"https:\/\/imais.online\/portal\/wp-json\/wp\/v2\/categories?post=3522"},{"taxonomy":"post_tag","embeddable":true,"href":"https:\/\/imais.online\/portal\/wp-json\/wp\/v2\/tags?post=3522"}],"curies":[{"name":"wp","href":"https:\/\/api.w.org\/{rel}","templated":true}]}}