{"id":3528,"date":"2021-12-18T15:34:03","date_gmt":"2021-12-18T18:34:03","guid":{"rendered":"https:\/\/imais.online\/portal\/?p=3528"},"modified":"2021-12-18T15:34:06","modified_gmt":"2021-12-18T18:34:06","slug":"depois-de-homem-aranha-quais-sao-os-proximos-filmes-da-marvel","status":"publish","type":"post","link":"https:\/\/imais.online\/portal\/depois-de-homem-aranha-quais-sao-os-proximos-filmes-da-marvel\/","title":{"rendered":"Depois de &#8216;Homem-Aranha&#8217;, quais s\u00e3o os pr\u00f3ximos filmes da Marvel?"},"content":{"rendered":"<div class=\"imais-before-content-placement\" id=\"imais-2383474631\"><script async src=\"\/\/pagead2.googlesyndication.com\/pagead\/js\/adsbygoogle.js?client=ca-pub-8787528412751566\" crossorigin=\"anonymous\"><\/script><ins class=\"adsbygoogle\" style=\"display:block;\" data-ad-client=\"ca-pub-8787528412751566\" \ndata-ad-slot=\"\" \ndata-ad-format=\"auto\"><\/ins>\n<script> \n(adsbygoogle = window.adsbygoogle || []).push({}); \n<\/script>\n<\/div>\n<h2 class=\"has-text-align-center wp-block-heading\">&#8216;Sem Volta Para Casa&#8217; marca mais um ponto de virada nas superprodu\u00e7\u00f5es da empresa e desperta curiosidade sobre o futuro<\/h2>\n\n\n\n<figure class=\"wp-block-image\"><img decoding=\"async\" src=\"https:\/\/img.r7.com\/images\/doutor-estranho-no-multiverso-da-loucura-16122021125902115?dimensions=771x420&amp;no_crop=true\" alt=\"Doutor Estranho no Multiverso da Loucura -\u00a0Maio de 2022O personagem vivido por Benedict Cumberbatch \u00e9 importante na trama de Sem Volta Para Casa e retornar\u00e1 para seu segundo filme solo. O conceito do Multiverso da Marvel deve ser explorado ainda mais, com o cineasta\u00a0Sam Raimi, da primeira trilogia de Homem-Aranha, na dire\u00e7\u00e3o.\u00a0Rostos conhecidos dos f\u00e3s como Elizabeth Olsen, a Wanda, Rachel McAdams, a Doutora Christine Palmer, Chiwetel Ejiofor, o Mordo e Benedict Wong, o Wong, est\u00e3o confirmados no elenco\" title=\"Doutor Estranho no Multiverso da Loucura -\u00a0Maio de 2022O personagem vivido por Benedict Cumberbatch \u00e9 importante na trama de Sem Volta Para Casa e retornar\u00e1 para seu segundo filme solo. O conceito do Multiverso da Marvel deve ser explorado ainda mais, com o cineasta\u00a0Sam Raimi, da primeira trilogia de Homem-Aranha, na dire\u00e7\u00e3o.\u00a0Rostos conhecidos dos f\u00e3s como Elizabeth Olsen, a Wanda, Rachel McAdams, a Doutora Christine Palmer, Chiwetel Ejiofor, o Mordo e Benedict Wong, o Wong, est\u00e3o confirmados no elenco\"\/><figcaption> Montagem R7\/Divulga\u00e7\u00e3o Marvel <\/figcaption><\/figure>\n\n\n\n<p><strong><em>Doutor Estranho no Multiverso da Loucura<\/em>\u00a0&#8211;\u00a0Maio de 2022<\/strong><br>O personagem vivido por Benedict Cumberbatch \u00e9 importante na trama de\u00a0<em>Sem Volta Para Casa<\/em>\u00a0e retornar\u00e1 para seu segundo filme solo. O conceito do Multiverso da Marvel deve ser explorado ainda mais, com o cineasta\u00a0Sam Raimi, da primeira trilogia de\u00a0<em>Homem-Aranha<\/em>, na dire\u00e7\u00e3o.<\/p>\n\n\n\n<p>Rostos conhecidos dos f\u00e3s como Elizabeth Olsen, a Wanda, Rachel McAdams, a Doutora Christine Palmer, Chiwetel Ejiofor, o Mordo e Benedict Wong, o Wong, est\u00e3o confirmados no elenco<\/p>\n\n\n\n<figure class=\"wp-block-image\"><img decoding=\"async\" src=\"https:\/\/img.r7.com\/images\/thor-amor-e-trovao-16122021125822428?dimensions=771x420&amp;no_crop=true\" alt=\"Thor: Amor e Trov\u00e3o -\u00a0\u00a0julho de 2022O Deus do Trov\u00e3o garantiu seu quarto filme na Marvel, depois do elogiado Ragnarok. O diretor Taika Waititi retorna para comandar este novo cap\u00edtulo na hist\u00f3ria do poderoso e engra\u00e7ado personagem. O cineasta tamb\u00e9m reprisa seu papel como Korg, enquanto outros nomes conhecidos do p\u00fablico devem agitar a trama.\u00a0Natalie Portman volta como Jane Foster, Karen Gillan interpreta novamente a Nebulosa, Chris Pratt como o Senhor das Estrelas, Tessa Thompson como Valqu\u00edria e Jamie Alexander como Lady Sif. Entre os novos nomes do elenco est\u00e3o Christian Bale como o vil\u00e3o Gorr, e Russell Crowe como Zeus, al\u00e9m de participa\u00e7\u00f5es especiais de Matt Damon, Melissa McCarthy, Sam Neil e Luke Hemsworth\" title=\"Thor: Amor e Trov\u00e3o -\u00a0\u00a0julho de 2022O Deus do Trov\u00e3o garantiu seu quarto filme na Marvel, depois do elogiado Ragnarok. O diretor Taika Waititi retorna para comandar este novo cap\u00edtulo na hist\u00f3ria do poderoso e engra\u00e7ado personagem. O cineasta tamb\u00e9m reprisa seu papel como Korg, enquanto outros nomes conhecidos do p\u00fablico devem agitar a trama.\u00a0Natalie Portman volta como Jane Foster, Karen Gillan interpreta novamente a Nebulosa, Chris Pratt como o Senhor das Estrelas, Tessa Thompson como Valqu\u00edria e Jamie Alexander como Lady Sif. Entre os novos nomes do elenco est\u00e3o Christian Bale como o vil\u00e3o Gorr, e Russell Crowe como Zeus, al\u00e9m de participa\u00e7\u00f5es especiais de Matt Damon, Melissa McCarthy, Sam Neil e Luke Hemsworth\"\/><figcaption> Montagem R7\/Divulga\u00e7\u00e3o Marvel\/Reprodu\u00e7\u00e3o Instagram <\/figcaption><\/figure>\n\n\n\n<p><strong><em>Thor: Amor e Trov\u00e3o<\/em>\u00a0&#8211;\u00a0\u00a0julho de 2022<br><\/strong>O Deus do Trov\u00e3o garantiu seu\u00a0quarto filme na Marvel, depois do elogiado\u00a0<em>Ragnarok<\/em>. O diretor Taika Waititi retorna para comandar este novo cap\u00edtulo na hist\u00f3ria do poderoso e engra\u00e7ado personagem. O cineasta tamb\u00e9m reprisa seu papel como Korg, enquanto outros nomes conhecidos do p\u00fablico devem agitar a trama.\u00a0<br><br>Natalie Portman volta como Jane Foster, Karen Gillan interpreta novamente a Nebulosa, Chris Pratt como o Senhor das Estrelas, Tessa Thompson como Valqu\u00edria e Jamie Alexander como Lady Sif. Entre os novos nomes do elenco est\u00e3o Christian Bale como o vil\u00e3o Gorr, e Russell Crowe como Zeus, al\u00e9m de participa\u00e7\u00f5es especiais de Matt Damon, Melissa McCarthy, Sam Neil e Luke Hemsworth<\/p>\n\n\n\n<figure class=\"wp-block-image\"><img decoding=\"async\" src=\"https:\/\/img.r7.com\/images\/pantera-negra-wakanda-forever-16122021132722133?dimensions=771x420&amp;no_crop=true\" alt=\"Pantera Negra: Wakanda Forever - novembro de 2022Apesar de enfrentar problemas durante suas filmagens, com a suposta nega\u00e7\u00e3o de Letitia Wright em tomar a vacina contra a covid-19, o segundo filme de Pantera Negra ainda segue programado para novembro do pr\u00f3ximo ano. Com a morte de Chadwick Boseman, que interpretava T'Challa, f\u00e3s querem saber quem deve assumir o manto do Pantera Negra. Especialistas e o p\u00fablico acreditam que Shuri, personagem de Letitia, seria a melhor escolha, mas com todas as pol\u00eamicas atuais, a d\u00favida segue no ar. Grande parte do elenco do primeiro filme retorna e o cineasta Ryan Coogler dirige mais uma vez. A Marvel j\u00e1 informou que o personagem de Chadwick n\u00e3o ser\u00e1 interpretado por outro ator\" title=\"Pantera Negra: Wakanda Forever - novembro de 2022Apesar de enfrentar problemas durante suas filmagens, com a suposta nega\u00e7\u00e3o de Letitia Wright em tomar a vacina contra a covid-19, o segundo filme de Pantera Negra ainda segue programado para novembro do pr\u00f3ximo ano. Com a morte de Chadwick Boseman, que interpretava T'Challa, f\u00e3s querem saber quem deve assumir o manto do Pantera Negra. Especialistas e o p\u00fablico acreditam que Shuri, personagem de Letitia, seria a melhor escolha, mas com todas as pol\u00eamicas atuais, a d\u00favida segue no ar. Grande parte do elenco do primeiro filme retorna e o cineasta Ryan Coogler dirige mais uma vez. A Marvel j\u00e1 informou que o personagem de Chadwick n\u00e3o ser\u00e1 interpretado por outro ator\"\/><figcaption> Montagem R7\/Divulga\u00e7\u00e3o Marvel Studios <\/figcaption><\/figure>\n\n\n\n<p><strong><em>Pantera Negra: Wakanda Forever<\/em>\u00a0&#8211; novembro de 2022<br><\/strong>Apesar de enfrentar problemas durante suas filmagens, com a\u00a0suposta nega\u00e7\u00e3o de Letitia Wright em tomar a vacina contra a covid-19, o segundo filme de<em>\u00a0Pantera Negra\u00a0<\/em>ainda segue programado para novembro do pr\u00f3ximo ano. Com a morte de Chadwick Boseman, que interpretava T&#8217;Challa, f\u00e3s querem saber quem deve assumir o manto do Pantera Negra.<br><br>Especialistas e o p\u00fablico acreditam que Shuri, personagem de Letitia, seria a melhor escolha, mas com todas as pol\u00eamicas atuais, a d\u00favida segue no ar. Grande parte do elenco do primeiro filme retorna e o cineasta Ryan Coogler dirige mais uma vez. A Marvel j\u00e1 informou que o personagem de Chadwick n\u00e3o ser\u00e1 interpretado por outro ator<\/p>\n\n\n\n<figure class=\"wp-block-image\"><img decoding=\"async\" src=\"https:\/\/img.r7.com\/images\/the-marvels-16122021132722339?dimensions=771x420&amp;no_crop=true\" alt=\"The Marvels - fevereiro de 2023O segundo filme da Capit\u00e3 Marvel foi adiado do final de 2022 para o in\u00edcio de 2023. A dire\u00e7\u00e3o fica por conta da cineasta Nia DaCosta, aclamada pelo terror\u00a0A Lenda de Candyman.\u00a0O filme protagonizado por Brie Larson deve trazer de volta Samuel L. Jackson como Nick Fury e Teyonah Parris, da s\u00e9rie WandaVision, como Monica Rambeau. A novata Iman Vellani interpretar\u00e1 a personagem Kamala Khan, a Miss Marvel. O sul-coreano Park Seo-joon, do aclamado Parasita, tamb\u00e9m participa do filme, mas seu personagem n\u00e3o foi revelado\" title=\"The Marvels - fevereiro de 2023O segundo filme da Capit\u00e3 Marvel foi adiado do final de 2022 para o in\u00edcio de 2023. A dire\u00e7\u00e3o fica por conta da cineasta Nia DaCosta, aclamada pelo terror\u00a0A Lenda de Candyman.\u00a0O filme protagonizado por Brie Larson deve trazer de volta Samuel L. Jackson como Nick Fury e Teyonah Parris, da s\u00e9rie WandaVision, como Monica Rambeau. A novata Iman Vellani interpretar\u00e1 a personagem Kamala Khan, a Miss Marvel. O sul-coreano Park Seo-joon, do aclamado Parasita, tamb\u00e9m participa do filme, mas seu personagem n\u00e3o foi revelado\"\/><figcaption> Montagem R7\/Divulga\u00e7\u00e3o Marvel Studios <\/figcaption><\/figure>\n\n\n\n<p><strong><em>The Marvels<\/em>&nbsp;&#8211; fevereiro de 2023<br><\/strong>O segundo filme da Capit\u00e3 Marvel foi adiado do final de 2022 para o in\u00edcio de 2023. A dire\u00e7\u00e3o fica por conta da cineasta Nia DaCosta, aclamada pelo terror<em>&nbsp;A Lenda de Candyman<\/em>.&nbsp;O filme protagonizado por Brie Larson deve trazer de volta Samuel L. Jackson como Nick Fury e Teyonah Parris, da s\u00e9rie&nbsp;<em>WandaVision<\/em>, como Monica Rambeau.<br><br>A novata Iman Vellani interpretar\u00e1 a personagem Kamala Khan, a Miss Marvel. O sul-coreano Park Seo-joon, do aclamado&nbsp;<em>Parasita<\/em>, tamb\u00e9m participa do filme, mas seu personagem n\u00e3o foi revelado<\/p>\n\n\n\n<figure class=\"wp-block-image\"><img decoding=\"async\" src=\"https:\/\/img.r7.com\/images\/guardioes-da-galaxia-3-16122021132722861?dimensions=771x420&amp;no_crop=true\" alt=\"Guardi\u00f5es da Gal\u00e1xia: Vol. 3 - maio de 2023A terceira parte da trilogia do grupo de her\u00f3is espaciais traz o cineasta\u00a0James Gunn de volta para a dire\u00e7\u00e3o. Al\u00e9m dele, Zoe Saldana, Chris Pratt, Karen Gillan, Elizabeth Debicki, Dave Bautista, Bradley Cooper, Sean Gunn, Vin Diesel e Pom Klementieff tamb\u00e9m retornam. O ator Will Poulter \u00e9 a adi\u00e7\u00e3o ao elenco, e viver\u00e1 o personagem Adam Warlock\" title=\"Guardi\u00f5es da Gal\u00e1xia: Vol. 3 - maio de 2023A terceira parte da trilogia do grupo de her\u00f3is espaciais traz o cineasta\u00a0James Gunn de volta para a dire\u00e7\u00e3o. Al\u00e9m dele, Zoe Saldana, Chris Pratt, Karen Gillan, Elizabeth Debicki, Dave Bautista, Bradley Cooper, Sean Gunn, Vin Diesel e Pom Klementieff tamb\u00e9m retornam. O ator Will Poulter \u00e9 a adi\u00e7\u00e3o ao elenco, e viver\u00e1 o personagem Adam Warlock\"\/><figcaption> Montagem R7\/Divulga\u00e7\u00e3o Marvel Studios <\/figcaption><\/figure>\n\n\n\n<p><strong><em>Guardi\u00f5es da Gal\u00e1xia: Vol. 3<\/em>&nbsp;&#8211; maio de 2023<\/strong><br>A terceira parte da trilogia do grupo de her\u00f3is espaciais traz o cineasta&nbsp;James Gunn de volta para a dire\u00e7\u00e3o. Al\u00e9m dele, Zoe Saldana, Chris Pratt, Karen Gillan, Elizabeth Debicki, Dave Bautista, Bradley Cooper, Sean Gunn, Vin Diesel e Pom Klementieff tamb\u00e9m retornam. O ator Will Poulter \u00e9 a adi\u00e7\u00e3o ao elenco, e viver\u00e1 o personagem Adam Warlock<\/p>\n\n\n\n<figure class=\"wp-block-image\"><img decoding=\"async\" src=\"https:\/\/img.r7.com\/images\/homem-formiga-e-a-vespa-quantumania-16122021132722557?dimensions=771x420&amp;no_crop=true\" alt=\"Homem-Formiga e a Vespa: Quantumania - julho de 2023A dupla de her\u00f3is ganhar\u00e1 um novo filme em 2023, que promete explorar ainda mais o Reino Qu\u00e2ntico. Paul Rudd e\u00a0Evangeline Lilly reprisam seus papeis como Homem-Formiga e Vespa, enquanto\u00a0Kathryn Newton vive Cassie, filha do her\u00f3i.\u00a0Michael Douglas e Michelle Pfeiffer estar\u00e3o de volta tamb\u00e9m. A dire\u00e7\u00e3o \u00e9 novamente de\u00a0Peyton Reed\" title=\"Homem-Formiga e a Vespa: Quantumania - julho de 2023A dupla de her\u00f3is ganhar\u00e1 um novo filme em 2023, que promete explorar ainda mais o Reino Qu\u00e2ntico. Paul Rudd e\u00a0Evangeline Lilly reprisam seus papeis como Homem-Formiga e Vespa, enquanto\u00a0Kathryn Newton vive Cassie, filha do her\u00f3i.\u00a0Michael Douglas e Michelle Pfeiffer estar\u00e3o de volta tamb\u00e9m. A dire\u00e7\u00e3o \u00e9 novamente de\u00a0Peyton Reed\"\/><figcaption> Montagem R7\/Divulga\u00e7\u00e3o Marvel Studios <\/figcaption><\/figure>\n\n\n\n<p><strong><em>Homem-Formiga e a Vespa: Quantumania<\/em>&nbsp;&#8211; julho de 2023<br><\/strong>A dupla de her\u00f3is ganhar\u00e1 um novo filme em 2023, que promete explorar ainda mais o Reino Qu\u00e2ntico. Paul Rudd e&nbsp;Evangeline Lilly reprisam seus papeis como Homem-Formiga e Vespa, enquanto&nbsp;Kathryn Newton vive Cassie, filha do her\u00f3i.&nbsp;Michael Douglas e Michelle Pfeiffer estar\u00e3o de volta tamb\u00e9m. A dire\u00e7\u00e3o \u00e9 novamente de&nbsp;Peyton Reed<\/p>\n\n\n\n<figure class=\"wp-block-image\"><img decoding=\"async\" src=\"https:\/\/img.r7.com\/images\/blade-16122021132723254?dimensions=771x420&amp;no_crop=true\" alt=\"Blade - sem previs\u00e3o de estreiaCom o vencedor do Oscar Mahershala Ali, o famoso vampiro finalmente ganhar\u00e1 seu filme solo dentro do Universo Cinematogr\u00e1fico da Marvel. Ainda n\u00e3o h\u00e1 muitas informa\u00e7\u00f5es e, al\u00e9m de Ali, apenas o ator Delroy Lindo tamb\u00e9m est\u00e1 confirmado no elenco\" title=\"Blade - sem previs\u00e3o de estreiaCom o vencedor do Oscar Mahershala Ali, o famoso vampiro finalmente ganhar\u00e1 seu filme solo dentro do Universo Cinematogr\u00e1fico da Marvel. Ainda n\u00e3o h\u00e1 muitas informa\u00e7\u00f5es e, al\u00e9m de Ali, apenas o ator Delroy Lindo tamb\u00e9m est\u00e1 confirmado no elenco\"\/><figcaption>Montagem R7\/Divulga\u00e7\u00e3o Marvel Studios\/20th Century Fox<\/figcaption><\/figure>\n\n\n\n<p><strong><em>Blade&nbsp;<\/em>&#8211; sem previs\u00e3o de estreia<\/strong><br>Com o vencedor do Oscar Mahershala Ali, o famoso vampiro finalmente ganhar\u00e1 seu filme solo dentro do Universo Cinematogr\u00e1fico da Marvel. Ainda n\u00e3o h\u00e1 muitas informa\u00e7\u00f5es e, al\u00e9m de Ali, apenas o ator Delroy Lindo tamb\u00e9m est\u00e1 confirmado no elenco<\/p>\n\n\n\n<figure class=\"wp-block-image\"><img decoding=\"async\" src=\"https:\/\/img.r7.com\/images\/capitao-america-4-16122021132723480?dimensions=771x420&amp;no_crop=true\" alt=\"Capit\u00e3o Am\u00e9rica 4 -\u00a0sem previs\u00e3o de estreiaAp\u00f3s o sucesso da s\u00e9rie Falc\u00e3o e o Soldado Invernal, o personagem Sam Wilson, o Falc\u00e3o, assumiu o posto de novo Capit\u00e3o Am\u00e9rica. Tudo que se sabe at\u00e9 o momento \u00e9 que\u00a0Anthony Mackie voltar\u00e1 a viver o her\u00f3i neste novo filme\u00a0\" title=\"Capit\u00e3o Am\u00e9rica 4 -\u00a0sem previs\u00e3o de estreiaAp\u00f3s o sucesso da s\u00e9rie Falc\u00e3o e o Soldado Invernal, o personagem Sam Wilson, o Falc\u00e3o, assumiu o posto de novo Capit\u00e3o Am\u00e9rica. Tudo que se sabe at\u00e9 o momento \u00e9 que\u00a0Anthony Mackie voltar\u00e1 a viver o her\u00f3i neste novo filme\u00a0\"\/><figcaption> Montagem R7\/Divulga\u00e7\u00e3o Marvel Studios <\/figcaption><\/figure>\n\n\n\n<p><strong><em>Capit\u00e3o Am\u00e9rica 4&nbsp;<\/em>&#8211;&nbsp;sem previs\u00e3o de estreia<br><\/strong>Ap\u00f3s o sucesso da s\u00e9rie&nbsp;<em>Falc\u00e3o e o Soldado Invernal<\/em>, o personagem Sam Wilson, o Falc\u00e3o, assumiu o posto de novo Capit\u00e3o Am\u00e9rica. Tudo que se sabe at\u00e9 o momento \u00e9 que&nbsp;Anthony Mackie voltar\u00e1 a viver o her\u00f3i neste novo filme&nbsp;<\/p>\n\n\n\n<figure class=\"wp-block-image\"><img decoding=\"async\" src=\"https:\/\/img.r7.com\/images\/quarteto-fantastico-16122021132723055?dimensions=771x420&amp;no_crop=true\" alt=\"Quarteto Fant\u00e1stico -\u00a0sem previs\u00e3o de estreiaUm dos grandes mist\u00e9rios da Marvel, a nova vers\u00e3o do Quarteto Fant\u00e1stico ainda n\u00e3o possui nenhum detalhe al\u00e9m da logo. O filme foi anunciado, mas n\u00e3o h\u00e1 informa\u00e7\u00f5es sobre elenco, dire\u00e7\u00e3o ou data de estreia, mas f\u00e3s acreditam que a equipe ser\u00e1 decisiva para o futuro da Marvel nos cinemas\" title=\"Quarteto Fant\u00e1stico -\u00a0sem previs\u00e3o de estreiaUm dos grandes mist\u00e9rios da Marvel, a nova vers\u00e3o do Quarteto Fant\u00e1stico ainda n\u00e3o possui nenhum detalhe al\u00e9m da logo. O filme foi anunciado, mas n\u00e3o h\u00e1 informa\u00e7\u00f5es sobre elenco, dire\u00e7\u00e3o ou data de estreia, mas f\u00e3s acreditam que a equipe ser\u00e1 decisiva para o futuro da Marvel nos cinemas\"\/><figcaption> Montagem R7\/Divulga\u00e7\u00e3o Marvel Studios <\/figcaption><\/figure>\n\n\n\n<p><strong><em>Quarteto Fant\u00e1stico<\/em>&nbsp;&#8211;&nbsp;sem previs\u00e3o de estreia<br><\/strong>Um dos grandes mist\u00e9rios da Marvel, a nova vers\u00e3o do Quarteto Fant\u00e1stico ainda n\u00e3o possui nenhum detalhe al\u00e9m da logo. O filme foi anunciado, mas n\u00e3o h\u00e1 informa\u00e7\u00f5es sobre elenco, dire\u00e7\u00e3o ou data de estreia, mas f\u00e3s acreditam que a equipe ser\u00e1 decisiva para o futuro da Marvel nos cinemas<\/p>\n\n\n\n<p>Fonte R7<\/p>\n","protected":false},"excerpt":{"rendered":"<p>&#8216;Sem Volta Para Casa&#8217; marca mais um ponto de virada nas superprodu\u00e7\u00f5es da empresa e desperta curiosidade sobre o futuro Doutor Estranho no Multiverso da Loucura\u00a0&#8211;\u00a0Maio de 2022O personagem vivido por Benedict Cumberbatch \u00e9 importante na trama de\u00a0Sem Volta Para Casa\u00a0e retornar\u00e1 para seu segundo filme solo. O conceito do Multiverso da Marvel deve ser [&hellip;]<\/p>\n","protected":false},"author":8,"featured_media":3529,"comment_status":"closed","ping_status":"open","sticky":false,"template":"","format":"standard","meta":{"rop_custom_images_group":[],"rop_custom_messages_group":[],"rop_publish_now":"initial","rop_publish_now_accounts":[],"rop_publish_now_history":[],"rop_publish_now_status":"pending","footnotes":""},"categories":[16],"tags":[],"class_list":["post-3528","post","type-post","status-publish","format-standard","has-post-thumbnail","hentry","category-entertainment"],"amp_enabled":true,"_links":{"self":[{"href":"https:\/\/imais.online\/portal\/wp-json\/wp\/v2\/posts\/3528","targetHints":{"allow":["GET"]}}],"collection":[{"href":"https:\/\/imais.online\/portal\/wp-json\/wp\/v2\/posts"}],"about":[{"href":"https:\/\/imais.online\/portal\/wp-json\/wp\/v2\/types\/post"}],"author":[{"embeddable":true,"href":"https:\/\/imais.online\/portal\/wp-json\/wp\/v2\/users\/8"}],"replies":[{"embeddable":true,"href":"https:\/\/imais.online\/portal\/wp-json\/wp\/v2\/comments?post=3528"}],"version-history":[{"count":1,"href":"https:\/\/imais.online\/portal\/wp-json\/wp\/v2\/posts\/3528\/revisions"}],"predecessor-version":[{"id":3530,"href":"https:\/\/imais.online\/portal\/wp-json\/wp\/v2\/posts\/3528\/revisions\/3530"}],"wp:featuredmedia":[{"embeddable":true,"href":"https:\/\/imais.online\/portal\/wp-json\/wp\/v2\/media\/3529"}],"wp:attachment":[{"href":"https:\/\/imais.online\/portal\/wp-json\/wp\/v2\/media?parent=3528"}],"wp:term":[{"taxonomy":"category","embeddable":true,"href":"https:\/\/imais.online\/portal\/wp-json\/wp\/v2\/categories?post=3528"},{"taxonomy":"post_tag","embeddable":true,"href":"https:\/\/imais.online\/portal\/wp-json\/wp\/v2\/tags?post=3528"}],"curies":[{"name":"wp","href":"https:\/\/api.w.org\/{rel}","templated":true}]}}