{"id":3586,"date":"2021-12-22T15:36:29","date_gmt":"2021-12-22T18:36:29","guid":{"rendered":"https:\/\/imais.online\/portal\/?p=3586"},"modified":"2021-12-22T15:36:32","modified_gmt":"2021-12-22T18:36:32","slug":"ze-neto-fala-de-doenca-por-uso-de-cigarro-eletronico-problema-serio","status":"publish","type":"post","link":"https:\/\/imais.online\/portal\/ze-neto-fala-de-doenca-por-uso-de-cigarro-eletronico-problema-serio\/","title":{"rendered":"Z\u00e9 Neto fala de doen\u00e7a por uso de cigarro eletr\u00f4nico: &#8216;Problema s\u00e9rio&#8217;"},"content":{"rendered":"<div class=\"imais-before-content-placement\" id=\"imais-1217182287\"><script async src=\"\/\/pagead2.googlesyndication.com\/pagead\/js\/adsbygoogle.js?client=ca-pub-8787528412751566\" crossorigin=\"anonymous\"><\/script><ins class=\"adsbygoogle\" style=\"display:block;\" data-ad-client=\"ca-pub-8787528412751566\" \ndata-ad-slot=\"\" \ndata-ad-format=\"auto\"><\/ins>\n<script> \n(adsbygoogle = window.adsbygoogle || []).push({}); \n<\/script>\n<\/div>\n<h2 class=\"has-text-align-center wp-block-heading\">Cantor sertanejo usou as redes sociais para dizer que est\u00e1 bem e aconselhar os seguidores sobre os malef\u00edcios do cigarro<\/h2>\n\n\n\n<p>Z\u00e9 Neto, que faz dupla com Cristiano, usou as redes sociais nesta quarta-feira (22) para dar esclarecimentos sobre o estado de sa\u00fade dele. Ap\u00f3s ser diagnosticado com Covid-19 e tratado,\u00a0<strong>o cantor descobriu uma doen\u00e7a no pulm\u00e3o<\/strong>. Mesmo sem dar detalhes do diagn\u00f3stico, o artista afirma que o problema ocorre tamb\u00e9m por causa do consumo de cigarro eletr\u00f4nico.<\/p>\n\n\n\n<p>Em uma s\u00e9rie de stories no Instagram, Z\u00e9 Neto tranquilizou os f\u00e3s. &#8220;Estou voltando aqui para esclarecer que est\u00e1 tudo bem. Realmente passei por um problema s\u00e9rio no pulm\u00e3o devido a cigarro, esses Vapes [cigarros eletr\u00f4nicos]. Inclusive, dou um alerta para quem mexe com essa porcaria&#8230; Para com isso porque \u00e9 um cigarro como qualquer outro e faz mal do mesmo jeito ou at\u00e9 mais&#8221;, desabafou.<\/p>\n\n\n\n<p>O sertanejo garantiu que agora est\u00e1 tudo bem e agradeceu aos f\u00e3s. &#8220;Obrigada pra quem rezou por mim, porque t\u00e1 cheio de gente divulgando s\u00f3 desgra\u00e7a. O que a gente faz de bom \u00e9 dif\u00edcil divulgarem, n\u00e9? Estou terminando o tratamento j\u00e1. Mais alguns dias e j\u00e1 estarei 100%, mas j\u00e1 estou 99% [bom]&#8221;, concluiu.<\/p>\n\n\n\n<p>Fonte R7<\/p>\n","protected":false},"excerpt":{"rendered":"<p>Cantor sertanejo usou as redes sociais para dizer que est\u00e1 bem e aconselhar os seguidores sobre os malef\u00edcios do cigarro Z\u00e9 Neto, que faz dupla com Cristiano, usou as redes sociais nesta quarta-feira (22) para dar esclarecimentos sobre o estado de sa\u00fade dele. Ap\u00f3s ser diagnosticado com Covid-19 e tratado,\u00a0o cantor descobriu uma doen\u00e7a no [&hellip;]<\/p>\n","protected":false},"author":8,"featured_media":3587,"comment_status":"closed","ping_status":"open","sticky":false,"template":"","format":"standard","meta":{"rop_custom_images_group":[],"rop_custom_messages_group":[],"rop_publish_now":"initial","rop_publish_now_accounts":[],"rop_publish_now_history":[],"rop_publish_now_status":"pending","footnotes":""},"categories":[16],"tags":[],"class_list":["post-3586","post","type-post","status-publish","format-standard","has-post-thumbnail","hentry","category-entertainment"],"amp_enabled":true,"_links":{"self":[{"href":"https:\/\/imais.online\/portal\/wp-json\/wp\/v2\/posts\/3586","targetHints":{"allow":["GET"]}}],"collection":[{"href":"https:\/\/imais.online\/portal\/wp-json\/wp\/v2\/posts"}],"about":[{"href":"https:\/\/imais.online\/portal\/wp-json\/wp\/v2\/types\/post"}],"author":[{"embeddable":true,"href":"https:\/\/imais.online\/portal\/wp-json\/wp\/v2\/users\/8"}],"replies":[{"embeddable":true,"href":"https:\/\/imais.online\/portal\/wp-json\/wp\/v2\/comments?post=3586"}],"version-history":[{"count":1,"href":"https:\/\/imais.online\/portal\/wp-json\/wp\/v2\/posts\/3586\/revisions"}],"predecessor-version":[{"id":3588,"href":"https:\/\/imais.online\/portal\/wp-json\/wp\/v2\/posts\/3586\/revisions\/3588"}],"wp:featuredmedia":[{"embeddable":true,"href":"https:\/\/imais.online\/portal\/wp-json\/wp\/v2\/media\/3587"}],"wp:attachment":[{"href":"https:\/\/imais.online\/portal\/wp-json\/wp\/v2\/media?parent=3586"}],"wp:term":[{"taxonomy":"category","embeddable":true,"href":"https:\/\/imais.online\/portal\/wp-json\/wp\/v2\/categories?post=3586"},{"taxonomy":"post_tag","embeddable":true,"href":"https:\/\/imais.online\/portal\/wp-json\/wp\/v2\/tags?post=3586"}],"curies":[{"name":"wp","href":"https:\/\/api.w.org\/{rel}","templated":true}]}}