{"id":3609,"date":"2021-12-27T11:19:03","date_gmt":"2021-12-27T14:19:03","guid":{"rendered":"https:\/\/imais.online\/portal\/?p=3609"},"modified":"2021-12-27T11:19:05","modified_gmt":"2021-12-27T14:19:05","slug":"ze-neto-cancela-shows-com-cristiano-apos-doenca-pulmonar","status":"publish","type":"post","link":"https:\/\/imais.online\/portal\/ze-neto-cancela-shows-com-cristiano-apos-doenca-pulmonar\/","title":{"rendered":"Z\u00e9 Neto cancela shows com Cristiano ap\u00f3s doen\u00e7a pulmonar"},"content":{"rendered":"<div class=\"imais-before-content-placement\" id=\"imais-3538096650\"><script async src=\"\/\/pagead2.googlesyndication.com\/pagead\/js\/adsbygoogle.js?client=ca-pub-8787528412751566\" crossorigin=\"anonymous\"><\/script><ins class=\"adsbygoogle\" style=\"display:block;\" data-ad-client=\"ca-pub-8787528412751566\" \ndata-ad-slot=\"\" \ndata-ad-format=\"auto\"><\/ins>\n<script> \n(adsbygoogle = window.adsbygoogle || []).push({}); \n<\/script>\n<\/div>\n<h2 class=\"wp-block-heading\">O sertanejo est\u00e1 em tratamento e precisa de repouso; a agenda de apresenta\u00e7\u00f5es est\u00e1 suspensa at\u00e9 o dia 9 de janeiro<\/h2>\n\n\n\n<p>Z\u00e9 Neto e Cristiano precisaram cancelar a agenda de shows at\u00e9 o dia 9 de janeiro. Em comunicado postado no perfil oficial da dupla no Instagram, a assessoria explicou que Z\u00e9 Neto est\u00e1 em tratamento e precisa ficar em repouso\u00a0<strong>ap\u00f3s o diagn\u00f3stico de uma doen\u00e7a pulmonar<\/strong>.<\/p>\n\n\n\n<p>&#8220;Os shows da dupla Z\u00e9 Neto &amp; Cristiano de hoje ao dia 9 de janeiro ser\u00e3o cancelados em virtude de ter sido detectada monil\u00edase oral [infec\u00e7\u00e3o por fungo], causada pelo uso de corticoide, medicamento utilizado pelo cantor no tratamento para sanar os focos de vidro fosco no pulm\u00e3o&#8221;, informou a nota.<\/p>\n\n\n\n<p>Ainda de acordo com a equipe dos sertanejos, eles ficar\u00e3o em casa: &#8220;O cantor j\u00e1 iniciou o novo tratamento e dever\u00e1 ficar em repouso no per\u00edodo acima mencionado. N\u00e3o h\u00e1 necessidade de interna\u00e7\u00e3o neste caso&#8221;.<\/p>\n\n\n\n<p>Na semana passada, um v\u00eddeo em que Z\u00e9 Neto falava sobre a dificuldade de cantar devido a um &#8220;problema nos pulm\u00f5es&#8221; viralizou entre os f\u00e3s e internautas. Na ocasi\u00e3o, a assessoria do artista explicou ao\u00a0<strong>R7\u00a0<\/strong>que a\u00a0<strong>doen\u00e7a \u00e9 uma sequela da Covid-19 e tamb\u00e9m se deve ao alto consumo de cigarros eletr\u00f4nicos<\/strong>.<\/p>\n\n\n\n<p>Fonte R7<\/p>\n\n\n\n<p><\/p>\n","protected":false},"excerpt":{"rendered":"<p>O sertanejo est\u00e1 em tratamento e precisa de repouso; a agenda de apresenta\u00e7\u00f5es est\u00e1 suspensa at\u00e9 o dia 9 de janeiro Z\u00e9 Neto e Cristiano precisaram cancelar a agenda de shows at\u00e9 o dia 9 de janeiro. Em comunicado postado no perfil oficial da dupla no Instagram, a assessoria explicou que Z\u00e9 Neto est\u00e1 em [&hellip;]<\/p>\n","protected":false},"author":8,"featured_media":3610,"comment_status":"closed","ping_status":"open","sticky":false,"template":"","format":"standard","meta":{"rop_custom_images_group":[],"rop_custom_messages_group":[],"rop_publish_now":"initial","rop_publish_now_accounts":[],"rop_publish_now_history":[],"rop_publish_now_status":"pending","footnotes":""},"categories":[16],"tags":[],"class_list":["post-3609","post","type-post","status-publish","format-standard","has-post-thumbnail","hentry","category-entertainment"],"amp_enabled":true,"_links":{"self":[{"href":"https:\/\/imais.online\/portal\/wp-json\/wp\/v2\/posts\/3609","targetHints":{"allow":["GET"]}}],"collection":[{"href":"https:\/\/imais.online\/portal\/wp-json\/wp\/v2\/posts"}],"about":[{"href":"https:\/\/imais.online\/portal\/wp-json\/wp\/v2\/types\/post"}],"author":[{"embeddable":true,"href":"https:\/\/imais.online\/portal\/wp-json\/wp\/v2\/users\/8"}],"replies":[{"embeddable":true,"href":"https:\/\/imais.online\/portal\/wp-json\/wp\/v2\/comments?post=3609"}],"version-history":[{"count":1,"href":"https:\/\/imais.online\/portal\/wp-json\/wp\/v2\/posts\/3609\/revisions"}],"predecessor-version":[{"id":3611,"href":"https:\/\/imais.online\/portal\/wp-json\/wp\/v2\/posts\/3609\/revisions\/3611"}],"wp:featuredmedia":[{"embeddable":true,"href":"https:\/\/imais.online\/portal\/wp-json\/wp\/v2\/media\/3610"}],"wp:attachment":[{"href":"https:\/\/imais.online\/portal\/wp-json\/wp\/v2\/media?parent=3609"}],"wp:term":[{"taxonomy":"category","embeddable":true,"href":"https:\/\/imais.online\/portal\/wp-json\/wp\/v2\/categories?post=3609"},{"taxonomy":"post_tag","embeddable":true,"href":"https:\/\/imais.online\/portal\/wp-json\/wp\/v2\/tags?post=3609"}],"curies":[{"name":"wp","href":"https:\/\/api.w.org\/{rel}","templated":true}]}}