{"id":3684,"date":"2022-01-04T18:42:36","date_gmt":"2022-01-04T21:42:36","guid":{"rendered":"https:\/\/imais.online\/portal\/?p=3684"},"modified":"2022-01-04T18:42:39","modified_gmt":"2022-01-04T21:42:39","slug":"contribuicao-do-mei-subira-para-r-6060-em-fevereiro","status":"publish","type":"post","link":"https:\/\/imais.online\/portal\/contribuicao-do-mei-subira-para-r-6060-em-fevereiro\/","title":{"rendered":"Contribui\u00e7\u00e3o do MEI subir\u00e1 para R$ 60,60 em fevereiro"},"content":{"rendered":"<div class=\"imais-before-content-placement\" id=\"imais-3099741112\"><script async src=\"\/\/pagead2.googlesyndication.com\/pagead\/js\/adsbygoogle.js?client=ca-pub-8787528412751566\" crossorigin=\"anonymous\"><\/script><ins class=\"adsbygoogle\" style=\"display:block;\" data-ad-client=\"ca-pub-8787528412751566\" \ndata-ad-slot=\"\" \ndata-ad-format=\"auto\"><\/ins>\n<script> \n(adsbygoogle = window.adsbygoogle || []).push({}); \n<\/script>\n<\/div>\n<h3 class=\"wp-block-heading\">Pagamento maior segue aumento do sal\u00e1rio m\u00ednimo<\/h3>\n\n\n\n<p>A partir de fevereiro, os cerca de 13 milh\u00f5es de microempreendedores individuais (MEI) registrados no pa\u00eds pagar\u00e3o R$ 60,60 para contribu\u00edrem com a Previd\u00eancia Social. O aumento, de 10,18%, segue o reajuste do sal\u00e1rio m\u00ednimo, que passou de R$ 1,1 mil para R$ 1.212 em\u00a01\u00ba de janeiro.<img decoding=\"async\" src=\"https:\/\/agenciabrasil.ebc.com.br\/ebc.png?id=1435210&amp;o=node\"><img decoding=\"async\" src=\"https:\/\/agenciabrasil.ebc.com.br\/ebc.gif?id=1435210&amp;o=node\"><\/p>\n\n\n\n<p>O reajuste valer\u00e1 apenas para os boletos com vencimento a partir de 20 de fevereiro. A cota deste m\u00eas, que vence em 20 de janeiro, continuar\u00e1 a ser paga pelo valor antigo, de R$ 55.<\/p>\n\n\n\n<p>Profissionais aut\u00f4nomos com regime tribut\u00e1rio e previdenci\u00e1rio simplificado, os microempreendedores individuais recolhem 5% do sal\u00e1rio m\u00ednimo por m\u00eas para o Instituto Nacional do Seguro Social (INSS). O restante da contribui\u00e7\u00e3o mensal varia conforme o ramo de atua\u00e7\u00e3o.<\/p>\n\n\n\n<p>Os trabalhadores que exercem atividades ligadas ao com\u00e9rcio e \u00e0 ind\u00fastria pagam R$ 1 a mais referente ao Imposto sobre a Circula\u00e7\u00e3o de Mercadorias e Servi\u00e7os (ICMS), administrado pelo estado onde mora. Os profissionais que executam servi\u00e7os recolhem R$ 5 a mais de Imposto sobre Servi\u00e7os (ISS), administrado pelo munic\u00edpio onde habita.<\/p>\n\n\n\n<p>Ao contribu\u00edrem para o INSS, os microempreendedores individuais passam a ter direito \u00e0 aposentadoria por idade, aux\u00edlio-doen\u00e7a, sal\u00e1rio-maternidade, aux\u00edlio-reclus\u00e3o e pens\u00e3o por morte. Al\u00e9m disso, a Receita Federal fornece um Cadastro Nacional da Pessoa Jur\u00eddica (CNPJ) aos MEI, que podem emitir notas fiscais e obter cr\u00e9dito com condi\u00e7\u00f5es especiais.<\/p>\n\n\n\n<p>O boleto mensal do Documento de Arrecada\u00e7\u00e3o Simplificada do MEI (DAS-MEI) pode ser gerado no\u00a0Portal do Empreendedor. As parcelas vencem no dia 20 de cada m\u00eas.<\/p>\n\n\n\n<p>Por Wellton M\u00e1ximo \u2013 Rep\u00f3rter da Ag\u00eancia Brasil &#8211; Bras\u00edlia<\/p>\n","protected":false},"excerpt":{"rendered":"<p>Pagamento maior segue aumento do sal\u00e1rio m\u00ednimo A partir de fevereiro, os cerca de 13 milh\u00f5es de microempreendedores individuais (MEI) registrados no pa\u00eds pagar\u00e3o R$ 60,60 para contribu\u00edrem com a Previd\u00eancia Social. O aumento, de 10,18%, segue o reajuste do sal\u00e1rio m\u00ednimo, que passou de R$ 1,1 mil para R$ 1.212 em\u00a01\u00ba de janeiro. O [&hellip;]<\/p>\n","protected":false},"author":8,"featured_media":3685,"comment_status":"closed","ping_status":"open","sticky":false,"template":"","format":"standard","meta":{"rop_custom_images_group":[],"rop_custom_messages_group":[],"rop_publish_now":"initial","rop_publish_now_accounts":[],"rop_publish_now_history":[],"rop_publish_now_status":"pending","footnotes":""},"categories":[192],"tags":[],"class_list":["post-3684","post","type-post","status-publish","format-standard","has-post-thumbnail","hentry","category-economia"],"amp_enabled":true,"_links":{"self":[{"href":"https:\/\/imais.online\/portal\/wp-json\/wp\/v2\/posts\/3684","targetHints":{"allow":["GET"]}}],"collection":[{"href":"https:\/\/imais.online\/portal\/wp-json\/wp\/v2\/posts"}],"about":[{"href":"https:\/\/imais.online\/portal\/wp-json\/wp\/v2\/types\/post"}],"author":[{"embeddable":true,"href":"https:\/\/imais.online\/portal\/wp-json\/wp\/v2\/users\/8"}],"replies":[{"embeddable":true,"href":"https:\/\/imais.online\/portal\/wp-json\/wp\/v2\/comments?post=3684"}],"version-history":[{"count":1,"href":"https:\/\/imais.online\/portal\/wp-json\/wp\/v2\/posts\/3684\/revisions"}],"predecessor-version":[{"id":3686,"href":"https:\/\/imais.online\/portal\/wp-json\/wp\/v2\/posts\/3684\/revisions\/3686"}],"wp:featuredmedia":[{"embeddable":true,"href":"https:\/\/imais.online\/portal\/wp-json\/wp\/v2\/media\/3685"}],"wp:attachment":[{"href":"https:\/\/imais.online\/portal\/wp-json\/wp\/v2\/media?parent=3684"}],"wp:term":[{"taxonomy":"category","embeddable":true,"href":"https:\/\/imais.online\/portal\/wp-json\/wp\/v2\/categories?post=3684"},{"taxonomy":"post_tag","embeddable":true,"href":"https:\/\/imais.online\/portal\/wp-json\/wp\/v2\/tags?post=3684"}],"curies":[{"name":"wp","href":"https:\/\/api.w.org\/{rel}","templated":true}]}}