{"id":3717,"date":"2022-01-09T17:54:02","date_gmt":"2022-01-09T20:54:02","guid":{"rendered":"https:\/\/imais.online\/portal\/?p=3717"},"modified":"2022-01-09T17:54:05","modified_gmt":"2022-01-09T20:54:05","slug":"buscas-por-fragmentos-de-corpos-continuarao-em-capitolio","status":"publish","type":"post","link":"https:\/\/imais.online\/portal\/buscas-por-fragmentos-de-corpos-continuarao-em-capitolio\/","title":{"rendered":"Buscas por fragmentos de corpos continuar\u00e3o em Capit\u00f3lio"},"content":{"rendered":"<div class=\"imais-before-content-placement\" id=\"imais-3942921357\"><script async src=\"\/\/pagead2.googlesyndication.com\/pagead\/js\/adsbygoogle.js?client=ca-pub-8787528412751566\" crossorigin=\"anonymous\"><\/script><ins class=\"adsbygoogle\" style=\"display:block;\" data-ad-client=\"ca-pub-8787528412751566\" \ndata-ad-slot=\"\" \ndata-ad-format=\"auto\"><\/ins>\n<script> \n(adsbygoogle = window.adsbygoogle || []).push({}); \n<\/script>\n<\/div>\n<h3 class=\"wp-block-heading\">Reuni\u00e3o discutir\u00e1 seguran\u00e7a do turismo no Lago de Furnas<\/h3>\n\n\n\n<p>As buscas no Lago de Furnas, em Capit\u00f3lio (MG), continuar\u00e3o pelos pr\u00f3ximos dias, anunciaram hoje (9) a Defesa Civil e a Pol\u00edcia Civil de Minas Gerais. Segundo os \u00f3rg\u00e3os, os trabalhos prosseguir\u00e3o porque&nbsp;embora todos os dez mortos tenham sido resgatados, algumas v\u00edtimas tiveram somente peda\u00e7os de corpos encontrados.&nbsp;<img decoding=\"async\" src=\"https:\/\/agenciabrasil.ebc.com.br\/ebc.png?id=1435980&amp;o=node\"><img decoding=\"async\" src=\"https:\/\/agenciabrasil.ebc.com.br\/ebc.gif?id=1435980&amp;o=node\"><\/p>\n\n\n\n<p>Al\u00e9m disso, a pol\u00edcia aguarda eventuais comunica\u00e7\u00f5es de novos desaparecimentos, no caso de eventuais turistas que estavam sozinhos. \u201cPode ser que uma pessoa ou um casal estivesse caminhando e tenha ca\u00eddo&nbsp;uma pedra. At\u00e9 o momento, nenhum dos \u00f3rg\u00e3os recebeu informa\u00e7\u00e3o de outros desaparecidos. N\u00f3s estamos iniciando e n\u00e3o temos pressa de terminar os trabalhos\u201d, disse o delegado Marcos Pimenta, da Pol\u00edcia Civil mineira.<\/p>\n\n\n\n<p>Segundo Pimenta, at\u00e9 agora foram identificados apenas dois corpos, um formalmente, com base nas impress\u00f5es digitais, e outro com base em reconhecimento prec\u00e1rio de parentes, que ainda requer compara\u00e7\u00e3o com material gen\u00e9tico. O impacto da rocha, informou o delegado, est\u00e1 dificultando os trabalhos de reconhecimento.<\/p>\n\n\n\n<h2 class=\"wp-block-heading\">Responsabilidades<\/h2>\n\n\n\n<p>O sargento da Defesa Civil de Minas Gerais Wander Silva informou que a apura\u00e7\u00e3o sobre a falta de fiscaliza\u00e7\u00e3o e de medidas de seguran\u00e7a, que poderiam&nbsp;ter&nbsp;prevenido a trag\u00e9dia, ser\u00e1 discutida na investiga\u00e7\u00e3o do inqu\u00e9rito aberto pela Marinha.<br><br>\u201cEste n\u00e3o \u00e9 o momento [de discutir isso]. Estamos concentrados nas buscas, e essas responsabilidades, no decorrer do inqu\u00e9rito, ser\u00e3o apuradas. Isso ser\u00e1 verificado posteriormente\u201d, argumentou. Cerca de duas horas antes da trag\u00e9dia, a Defesa Civil mineira emitiu um alerta de cabe\u00e7a d\u00b4\u00e1gua (forte enxurrada em rios provocada por chuvas) para a regi\u00e3o de Capit\u00f3lio, mas os passeios tur\u00edsticos continuaram normalmente.<\/p>\n\n\n\n<h2 class=\"wp-block-heading\">Reuni\u00e3o<\/h2>\n\n\n\n<p>Os prefeitos de S\u00e3o Jos\u00e9 da Barra, Paulo Sergio de Oliveira, e de Capit\u00f3lio, Cristiano Silva, anunciaram que medidas para refor\u00e7ar a seguran\u00e7a do turismo no Lago de Furnas ser\u00e3o discutidas amanh\u00e3 (10). O encontro reunir\u00e1 prefeitos da regi\u00e3o e representantes da Defesa Civil de Minas Gerais, da Pol\u00edcia Militar e da Marinha.<\/p>\n\n\n\n<p>Segundo o prefeito de Capit\u00f3lio, uma lei municipal de 2019 disciplina o turismo no c\u00e2nion, proibindo banhos na \u00e1rea de circula\u00e7\u00e3o das lanchas e limitando a 40 o n\u00famero de embarca\u00e7\u00f5es que podem permanecer por at\u00e9 30 minutos na \u00e1rea do c\u00e2nion. Al\u00e9m disso, normas da Marinha estabelecem o ordenamento da orla do lago.<\/p>\n\n\n\n<p>Ele admitiu, no entanto, que, at\u00e9 agora, n\u00e3o existia uma norma sobre a dist\u00e2ncia m\u00ednima entre as lanchas e os pared\u00f5es rochosos. Segundo ele, um per\u00edmetro m\u00ednimo de seguran\u00e7a s\u00f3 poder\u00e1 ser definido ap\u00f3s estudo t\u00e9cnico. O prefeito ressaltou que o desprendimento de um bloco t\u00e3o grande \u00e9 in\u00e9dito na regi\u00e3o.<\/p>\n\n\n\n<p>\u201cMeu pai vive aqui h\u00e1&nbsp;76 anos e nunca viu um desligamento de rocha desses. Acredito que, daqui para a frente, a gente precisa fazer uma an\u00e1lise [geol\u00f3gica]. Aquelas fal\u00e9sias est\u00e3o ali h\u00e1 milhares de anos. Essa forma\u00e7\u00e3o rochosa de quartzito tem essas fendas e fissuras. J\u00e1 foram feitos v\u00e1rios estudos geol\u00f3gicos. Se tinha algum risco, tinha de ser emitido por um \u00f3rg\u00e3o superior\u201d, explicou.<\/p>\n\n\n\n<p>O prefeito disse ainda que uma foto de 2012, divulgada&nbsp;ontem&nbsp;nas redes sociais, com pared\u00e3o com fissura larga, n\u00e3o se refere \u00e0 rocha que desabou, mas a um que continua intacto no trecho central do c\u00e2nion. De acordo&nbsp;com&nbsp;ele, a fissura no bloco que desmoronou era menor que a da pedra mostrada na foto.<\/p>\n\n\n\n<h2 class=\"wp-block-heading\">Visita cancelada<\/h2>\n\n\n\n<p>O governador de Minas Gerais, Romeu Zema, que visitaria o munic\u00edpio de Capit\u00f3lio neste&nbsp;domingo, cancelou a ida \u00e0 regi\u00e3o. Segundo o governo estadual, o mau tempo impossibilitou a viagem.<\/p>\n\n\n\n<p>\u201cPor causa das fortes chuvas que atingem o estado, as quais inviabilizam as autoriza\u00e7\u00f5es e condi\u00e7\u00f5es para voo, o governador n\u00e3o ir\u00e1 a Capit\u00f3lio neste\u00a0domingo. Nova data para a viagem ser\u00e1 anunciada em breve\u201d, informou a Secretaria de Governo do estado.<\/p>\n\n\n\n<p>Por Wellton M\u00e1ximo \u2013 Rep\u00f3rter da Ag\u00eancia Brasil &#8211; Bras\u00edlia<\/p>\n","protected":false},"excerpt":{"rendered":"<p>Reuni\u00e3o discutir\u00e1 seguran\u00e7a do turismo no Lago de Furnas As buscas no Lago de Furnas, em Capit\u00f3lio (MG), continuar\u00e3o pelos pr\u00f3ximos dias, anunciaram hoje (9) a Defesa Civil e a Pol\u00edcia Civil de Minas Gerais. Segundo os \u00f3rg\u00e3os, os trabalhos prosseguir\u00e3o porque&nbsp;embora todos os dez mortos tenham sido resgatados, algumas v\u00edtimas tiveram somente peda\u00e7os de [&hellip;]<\/p>\n","protected":false},"author":8,"featured_media":3718,"comment_status":"closed","ping_status":"open","sticky":false,"template":"","format":"standard","meta":{"rop_custom_images_group":[],"rop_custom_messages_group":[],"rop_publish_now":"initial","rop_publish_now_accounts":[],"rop_publish_now_history":[],"rop_publish_now_status":"pending","footnotes":""},"categories":[189],"tags":[73],"class_list":["post-3717","post","type-post","status-publish","format-standard","has-post-thumbnail","hentry","category-brasil","tag-featured"],"amp_enabled":true,"_links":{"self":[{"href":"https:\/\/imais.online\/portal\/wp-json\/wp\/v2\/posts\/3717","targetHints":{"allow":["GET"]}}],"collection":[{"href":"https:\/\/imais.online\/portal\/wp-json\/wp\/v2\/posts"}],"about":[{"href":"https:\/\/imais.online\/portal\/wp-json\/wp\/v2\/types\/post"}],"author":[{"embeddable":true,"href":"https:\/\/imais.online\/portal\/wp-json\/wp\/v2\/users\/8"}],"replies":[{"embeddable":true,"href":"https:\/\/imais.online\/portal\/wp-json\/wp\/v2\/comments?post=3717"}],"version-history":[{"count":1,"href":"https:\/\/imais.online\/portal\/wp-json\/wp\/v2\/posts\/3717\/revisions"}],"predecessor-version":[{"id":3719,"href":"https:\/\/imais.online\/portal\/wp-json\/wp\/v2\/posts\/3717\/revisions\/3719"}],"wp:featuredmedia":[{"embeddable":true,"href":"https:\/\/imais.online\/portal\/wp-json\/wp\/v2\/media\/3718"}],"wp:attachment":[{"href":"https:\/\/imais.online\/portal\/wp-json\/wp\/v2\/media?parent=3717"}],"wp:term":[{"taxonomy":"category","embeddable":true,"href":"https:\/\/imais.online\/portal\/wp-json\/wp\/v2\/categories?post=3717"},{"taxonomy":"post_tag","embeddable":true,"href":"https:\/\/imais.online\/portal\/wp-json\/wp\/v2\/tags?post=3717"}],"curies":[{"name":"wp","href":"https:\/\/api.w.org\/{rel}","templated":true}]}}