{"id":3841,"date":"2022-01-17T18:46:31","date_gmt":"2022-01-17T21:46:31","guid":{"rendered":"https:\/\/imais.online\/portal\/?p=3841"},"modified":"2022-01-17T18:46:34","modified_gmt":"2022-01-17T21:46:34","slug":"procon-sp-fiscaliza-precos-abusivos-de-testes-de-covid-19","status":"publish","type":"post","link":"https:\/\/imais.online\/portal\/procon-sp-fiscaliza-precos-abusivos-de-testes-de-covid-19\/","title":{"rendered":"Procon-SP fiscaliza pre\u00e7os abusivos de testes de covid-19"},"content":{"rendered":"<div class=\"imais-before-content-placement\" id=\"imais-14775437\"><script async src=\"\/\/pagead2.googlesyndication.com\/pagead\/js\/adsbygoogle.js?client=ca-pub-8787528412751566\" crossorigin=\"anonymous\"><\/script><ins class=\"adsbygoogle\" style=\"display:block;\" data-ad-client=\"ca-pub-8787528412751566\" \ndata-ad-slot=\"\" \ndata-ad-format=\"auto\"><\/ins>\n<script> \n(adsbygoogle = window.adsbygoogle || []).push({}); \n<\/script>\n<\/div>\n<h3 class=\"wp-block-heading\">A\u00e7\u00e3o abrange visitas a farm\u00e1cias, hospitais e laborat\u00f3rios<\/h3>\n\n\n\n<p>O Procon de S\u00e3o Paulo est\u00e1 fiscalizando os pre\u00e7os dos testes de covid-19 em farm\u00e1cias, hospitais e laborat\u00f3rios. Segundo o \u00f3rg\u00e3o de defesa do consumidor, a fiscaliza\u00e7\u00e3o ocorre ap\u00f3s den\u00fancias de que testes para identificar infec\u00e7\u00e3o pelo coronav\u00edrus estariam sido comercializados a pre\u00e7os abusivos.<br><br>Nos locais fiscalizados, o Procon pediu informa\u00e7\u00f5es sobre os testes dispon\u00edveis e os pre\u00e7os de cada um. As empresas t\u00eam que apresentar notas fiscais de compra de insumos e de presta\u00e7\u00e3o de servi\u00e7os que justifiquem os valores cobrados dos consumidores. Est\u00e3o sendo solicitados documentos desde novembro de 2021.<br><br>As empresas tamb\u00e9m devem informar o tempo m\u00e9dio de espera para exames agendados por plano de sa\u00fade ou pagos diretamente pelo consumidor. Al\u00e9m disso, s\u00e3o pedidos demonstrativos de quantos exames foram realizados em cada estabelecimento, com diferencia\u00e7\u00e3o dos pagos por planos de sa\u00fade e pelos pacientes.<br><br>Ap\u00f3s an\u00e1lise dos documentos, o Procon avaliar\u00e1 se houve aumento abusivs dos pre\u00e7os aproveitando-se da alta demanda dos \u00faltimos meses. \u201cApesar de n\u00e3o existir regime de tabelamento, e de pre\u00e7os normalmente serem regulados pela lei da oferta e da procura, em hip\u00f3teses excepcionais de claro abuso da popula\u00e7\u00e3o em premente necessidade, pode haver interven\u00e7\u00e3o do Estado. Os fornecedores que agirem de forma incorreta poder\u00e3o ser punidos nos termos do C\u00f3digo de Defesa do Consumidor\u201d, ressalta o diretor do Procon, Fernando Capez.<img decoding=\"async\" src=\"https:\/\/agenciabrasil.ebc.com.br\/ebc.png?id=1437205&amp;o=node\"><img decoding=\"async\" src=\"https:\/\/agenciabrasil.ebc.com.br\/ebc.gif?id=1437205&amp;o=node\"><\/p>\n\n\n\n<h2 class=\"wp-block-heading\">Escassez<\/h2>\n\n\n\n<p>Na semana passada a Associa\u00e7\u00e3o Brasileira de Medicina Diagn\u00f3stica (Abramed) alertou para o risco de falta de testes para identificar infec\u00e7\u00e3o por covid-19. \u201cQuando avaliamos not\u00edcias que v\u00eam de outros pa\u00edses, de que eles j\u00e1 est\u00e3o sem insumos, \u00e9 certo que o problema chegar\u00e1 ao Brasil\u201d, diz nota divulgada pela entidade na \u00faltima quarta-feira (12).<br><br>De acordo com a Abramed, a alta demanda pelos testes est\u00e1 ligada \u00e0 chegada da variante \u00d4micron, que levou a aumento consider\u00e1vel do n\u00famero de casos da doen\u00e7a. \u201cA alta transmissibilidade da variante \u00d4micron causou aumento exponencial de casos, o que vem demandando significativo aumento da\u00a0 capacidade produtiva global de testes.\u201d<\/p>\n\n\n\n<p>Por Daniel Mello<\/p>\n","protected":false},"excerpt":{"rendered":"<p>A\u00e7\u00e3o abrange visitas a farm\u00e1cias, hospitais e laborat\u00f3rios O Procon de S\u00e3o Paulo est\u00e1 fiscalizando os pre\u00e7os dos testes de covid-19 em farm\u00e1cias, hospitais e laborat\u00f3rios. Segundo o \u00f3rg\u00e3o de defesa do consumidor, a fiscaliza\u00e7\u00e3o ocorre ap\u00f3s den\u00fancias de que testes para identificar infec\u00e7\u00e3o pelo coronav\u00edrus estariam sido comercializados a pre\u00e7os abusivos. Nos locais fiscalizados, [&hellip;]<\/p>\n","protected":false},"author":8,"featured_media":3842,"comment_status":"closed","ping_status":"open","sticky":false,"template":"","format":"standard","meta":{"rop_custom_images_group":[],"rop_custom_messages_group":[],"rop_publish_now":"initial","rop_publish_now_accounts":[],"rop_publish_now_history":[],"rop_publish_now_status":"pending","footnotes":""},"categories":[195],"tags":[73],"class_list":["post-3841","post","type-post","status-publish","format-standard","has-post-thumbnail","hentry","category-sao-paulo","tag-featured"],"amp_enabled":true,"_links":{"self":[{"href":"https:\/\/imais.online\/portal\/wp-json\/wp\/v2\/posts\/3841","targetHints":{"allow":["GET"]}}],"collection":[{"href":"https:\/\/imais.online\/portal\/wp-json\/wp\/v2\/posts"}],"about":[{"href":"https:\/\/imais.online\/portal\/wp-json\/wp\/v2\/types\/post"}],"author":[{"embeddable":true,"href":"https:\/\/imais.online\/portal\/wp-json\/wp\/v2\/users\/8"}],"replies":[{"embeddable":true,"href":"https:\/\/imais.online\/portal\/wp-json\/wp\/v2\/comments?post=3841"}],"version-history":[{"count":1,"href":"https:\/\/imais.online\/portal\/wp-json\/wp\/v2\/posts\/3841\/revisions"}],"predecessor-version":[{"id":3843,"href":"https:\/\/imais.online\/portal\/wp-json\/wp\/v2\/posts\/3841\/revisions\/3843"}],"wp:featuredmedia":[{"embeddable":true,"href":"https:\/\/imais.online\/portal\/wp-json\/wp\/v2\/media\/3842"}],"wp:attachment":[{"href":"https:\/\/imais.online\/portal\/wp-json\/wp\/v2\/media?parent=3841"}],"wp:term":[{"taxonomy":"category","embeddable":true,"href":"https:\/\/imais.online\/portal\/wp-json\/wp\/v2\/categories?post=3841"},{"taxonomy":"post_tag","embeddable":true,"href":"https:\/\/imais.online\/portal\/wp-json\/wp\/v2\/tags?post=3841"}],"curies":[{"name":"wp","href":"https:\/\/api.w.org\/{rel}","templated":true}]}}