{"id":3865,"date":"2022-01-18T15:14:17","date_gmt":"2022-01-18T18:14:17","guid":{"rendered":"https:\/\/imais.online\/portal\/?p=3865"},"modified":"2022-01-18T15:14:21","modified_gmt":"2022-01-18T18:14:21","slug":"inscricoes-para-o-processo-seletivo-de-recenseador-do-censo-2022-encerram-nesta-sexta-feira","status":"publish","type":"post","link":"https:\/\/imais.online\/portal\/inscricoes-para-o-processo-seletivo-de-recenseador-do-censo-2022-encerram-nesta-sexta-feira\/","title":{"rendered":"Inscri\u00e7\u00f5es para o processo seletivo de recenseador do Censo 2022 encerram nesta sexta-feira"},"content":{"rendered":"<div class=\"imais-before-content-placement\" id=\"imais-650450280\"><script async src=\"\/\/pagead2.googlesyndication.com\/pagead\/js\/adsbygoogle.js?client=ca-pub-8787528412751566\" crossorigin=\"anonymous\"><\/script><ins class=\"adsbygoogle\" style=\"display:block;\" data-ad-client=\"ca-pub-8787528412751566\" \ndata-ad-slot=\"\" \ndata-ad-format=\"auto\"><\/ins>\n<script> \n(adsbygoogle = window.adsbygoogle || []).push({}); \n<\/script>\n<\/div>\n<p>A Prefeitura de Indaiatuba, por meio da Secretaria de Governo, informa que as inscri\u00e7\u00f5es para o cargo de recenseador do censo demogr\u00e1fico 2022, do Instituto Brasileiro de Geografia e Estat\u00edstica (IBGE), est\u00e3o abertas at\u00e9 sexta-feira (21). Ser\u00e3o 217 vagas e as provas acontecem no dia 10 de abril.<\/p>\n\n\n\n<p>J\u00e1 os resultados estar\u00e3o dispon\u00edveis no dia 20 de maio. O candidato pode conferir o edital ou conte\u00fado referente \u00e0 prova pelo link: https:\/\/conhecimento.fgv.br\/concursos\/ibgepss21. Para mais informa\u00e7\u00f5es sobre o concurso entrar em contato pelo telefone 0800-2834628 ou e-mail: ibgepss21@fgv.br.<\/p>\n","protected":false},"excerpt":{"rendered":"<p>A Prefeitura de Indaiatuba, por meio da Secretaria de Governo, informa que as inscri\u00e7\u00f5es para o cargo de recenseador do censo demogr\u00e1fico 2022, do Instituto Brasileiro de Geografia e Estat\u00edstica (IBGE), est\u00e3o abertas at\u00e9 sexta-feira (21). Ser\u00e3o 217 vagas e as provas acontecem no dia 10 de abril. J\u00e1 os resultados estar\u00e3o dispon\u00edveis no dia [&hellip;]<\/p>\n","protected":false},"author":8,"featured_media":3866,"comment_status":"closed","ping_status":"open","sticky":false,"template":"","format":"standard","meta":{"rop_custom_images_group":[],"rop_custom_messages_group":[],"rop_publish_now":"initial","rop_publish_now_accounts":[],"rop_publish_now_history":[],"rop_publish_now_status":"pending","footnotes":""},"categories":[188],"tags":[],"class_list":["post-3865","post","type-post","status-publish","format-standard","has-post-thumbnail","hentry","category-indaiatuba"],"amp_enabled":true,"_links":{"self":[{"href":"https:\/\/imais.online\/portal\/wp-json\/wp\/v2\/posts\/3865","targetHints":{"allow":["GET"]}}],"collection":[{"href":"https:\/\/imais.online\/portal\/wp-json\/wp\/v2\/posts"}],"about":[{"href":"https:\/\/imais.online\/portal\/wp-json\/wp\/v2\/types\/post"}],"author":[{"embeddable":true,"href":"https:\/\/imais.online\/portal\/wp-json\/wp\/v2\/users\/8"}],"replies":[{"embeddable":true,"href":"https:\/\/imais.online\/portal\/wp-json\/wp\/v2\/comments?post=3865"}],"version-history":[{"count":1,"href":"https:\/\/imais.online\/portal\/wp-json\/wp\/v2\/posts\/3865\/revisions"}],"predecessor-version":[{"id":3867,"href":"https:\/\/imais.online\/portal\/wp-json\/wp\/v2\/posts\/3865\/revisions\/3867"}],"wp:featuredmedia":[{"embeddable":true,"href":"https:\/\/imais.online\/portal\/wp-json\/wp\/v2\/media\/3866"}],"wp:attachment":[{"href":"https:\/\/imais.online\/portal\/wp-json\/wp\/v2\/media?parent=3865"}],"wp:term":[{"taxonomy":"category","embeddable":true,"href":"https:\/\/imais.online\/portal\/wp-json\/wp\/v2\/categories?post=3865"},{"taxonomy":"post_tag","embeddable":true,"href":"https:\/\/imais.online\/portal\/wp-json\/wp\/v2\/tags?post=3865"}],"curies":[{"name":"wp","href":"https:\/\/api.w.org\/{rel}","templated":true}]}}