{"id":3873,"date":"2022-01-18T19:47:48","date_gmt":"2022-01-18T22:47:48","guid":{"rendered":"https:\/\/imais.online\/portal\/?p=3873"},"modified":"2022-01-18T19:47:49","modified_gmt":"2022-01-18T22:47:49","slug":"indaiatuba-inicia-vacinacao-contra-covid-19-para-criancas-de-5-a-11","status":"publish","type":"post","link":"https:\/\/imais.online\/portal\/indaiatuba-inicia-vacinacao-contra-covid-19-para-criancas-de-5-a-11\/","title":{"rendered":"Indaiatuba inicia vacina\u00e7\u00e3o contra Covid-19 para crian\u00e7as de 5 a 11"},"content":{"rendered":"<div class=\"imais-before-content-placement\" id=\"imais-3467064726\"><script async src=\"\/\/pagead2.googlesyndication.com\/pagead\/js\/adsbygoogle.js?client=ca-pub-8787528412751566\" crossorigin=\"anonymous\"><\/script><ins class=\"adsbygoogle\" style=\"display:block;\" data-ad-client=\"ca-pub-8787528412751566\" \ndata-ad-slot=\"\" \ndata-ad-format=\"auto\"><\/ins>\n<script> \n(adsbygoogle = window.adsbygoogle || []).push({}); \n<\/script>\n<\/div>\n<p class=\"has-text-align-center\"><em>Vacina\u00e7\u00e3o para p\u00fablico infantil come\u00e7a oficialmente nesta quarta-feira (19)<\/em><\/p>\n\n\n\n<p>A Secretaria Municipal de Sa\u00fade iniciou nesta ter\u00e7a-feira (18), a vacina\u00e7\u00e3o contra a Covid-19 para crian\u00e7as de 5 a 11 anos com comorbidades no Espa\u00e7o Viber em Indaiatuba. Evento simb\u00f3lico reuniu autoridades e ve\u00edculos de imprensa com o objetivo de apresentar o novo espa\u00e7o que ser\u00e1 utilizado exclusivamente para o p\u00fablico infantil nos pr\u00f3ximos dias. A vacina\u00e7\u00e3o come\u00e7a oficialmente nesta quarta-feira (19).<\/p>\n\n\n\n<p>O prefeito, Nilson Gaspar, acompanhou junto da secret\u00e1ria de Sa\u00fade, Graziela Garcia, a imuniza\u00e7\u00e3o de Rafael Kenzo Granja Imazava (8 anos), que foi a primeira crian\u00e7a vacinada no munic\u00edpio. Outras nove crian\u00e7as da Associa\u00e7\u00e3o de Pais e Amigos dos Excepcionais de Indaiatuba (APAE) tamb\u00e9m foram vacinadas. O evento simb\u00f3lico ainda contou com a presen\u00e7a do vice-prefeito, Dr. T\u00falio Tomass do Couto, do presidente da C\u00e2mara dos Vereadores, Pepo Lepinsk, e dos vereadores, Silene Carvalini e Arthur Sp\u00edndola.<\/p>\n\n\n\n<p>Para Gaspar, a vacina\u00e7\u00e3o no Espa\u00e7o Viber, tem o objetivo de acelerar ainda mais a imuniza\u00e7\u00e3o em Indaiatuba. \u201cN\u00f3s optamos por abrir o Espa\u00e7o Viber para a vacina\u00e7\u00e3o das crian\u00e7as ao mesmo tempo em que o Centro Esportivo continua com a vacina para os adultos. Nosso objetivo \u00e9 proteger e imunizar a maior quantidade poss\u00edvel de pessoas, para que assim a gente consiga vencer de fato a pandemia em Indaiatuba\u201d, comentou Gaspar.<\/p>\n\n\n\n<p>A vacina\u00e7\u00e3o ser\u00e1 iniciada oficialmente nesta quarta-feira (19), no Espa\u00e7o Viber, das 9h \u00e0s 18h, para crian\u00e7as de 5 a 11 anos que tenham comorbidades e tiverem seus laudos m\u00e9dicos aprovados pelo sistema do Minha Vacina. A Secretaria de Sa\u00fade informou ainda que a apresenta\u00e7\u00e3o da carteira de vacina\u00e7\u00e3o da crian\u00e7a \u00e9 obrigat\u00f3ria, assim como todo documento pessoal de identifica\u00e7\u00e3o.<\/p>\n\n\n\n<p>D\u00favidas podem ser esclarecidas atrav\u00e9s do WhatsApp da Sa\u00fade (19) 9 9779-3856.<\/p>\n","protected":false},"excerpt":{"rendered":"<p>Vacina\u00e7\u00e3o para p\u00fablico infantil come\u00e7a oficialmente nesta quarta-feira (19) A Secretaria Municipal de Sa\u00fade iniciou nesta ter\u00e7a-feira (18), a vacina\u00e7\u00e3o contra a Covid-19 para crian\u00e7as de 5 a 11 anos com comorbidades no Espa\u00e7o Viber em Indaiatuba. Evento simb\u00f3lico reuniu autoridades e ve\u00edculos de imprensa com o objetivo de apresentar o novo espa\u00e7o que ser\u00e1 [&hellip;]<\/p>\n","protected":false},"author":7,"featured_media":3874,"comment_status":"closed","ping_status":"open","sticky":false,"template":"","format":"standard","meta":{"rop_custom_images_group":[],"rop_custom_messages_group":[],"rop_publish_now":"initial","rop_publish_now_accounts":[],"rop_publish_now_history":[],"rop_publish_now_status":"pending","footnotes":""},"categories":[188],"tags":[73],"class_list":["post-3873","post","type-post","status-publish","format-standard","has-post-thumbnail","hentry","category-indaiatuba","tag-featured"],"amp_enabled":true,"_links":{"self":[{"href":"https:\/\/imais.online\/portal\/wp-json\/wp\/v2\/posts\/3873","targetHints":{"allow":["GET"]}}],"collection":[{"href":"https:\/\/imais.online\/portal\/wp-json\/wp\/v2\/posts"}],"about":[{"href":"https:\/\/imais.online\/portal\/wp-json\/wp\/v2\/types\/post"}],"author":[{"embeddable":true,"href":"https:\/\/imais.online\/portal\/wp-json\/wp\/v2\/users\/7"}],"replies":[{"embeddable":true,"href":"https:\/\/imais.online\/portal\/wp-json\/wp\/v2\/comments?post=3873"}],"version-history":[{"count":1,"href":"https:\/\/imais.online\/portal\/wp-json\/wp\/v2\/posts\/3873\/revisions"}],"predecessor-version":[{"id":3875,"href":"https:\/\/imais.online\/portal\/wp-json\/wp\/v2\/posts\/3873\/revisions\/3875"}],"wp:featuredmedia":[{"embeddable":true,"href":"https:\/\/imais.online\/portal\/wp-json\/wp\/v2\/media\/3874"}],"wp:attachment":[{"href":"https:\/\/imais.online\/portal\/wp-json\/wp\/v2\/media?parent=3873"}],"wp:term":[{"taxonomy":"category","embeddable":true,"href":"https:\/\/imais.online\/portal\/wp-json\/wp\/v2\/categories?post=3873"},{"taxonomy":"post_tag","embeddable":true,"href":"https:\/\/imais.online\/portal\/wp-json\/wp\/v2\/tags?post=3873"}],"curies":[{"name":"wp","href":"https:\/\/api.w.org\/{rel}","templated":true}]}}