{"id":3876,"date":"2022-01-18T19:59:33","date_gmt":"2022-01-18T22:59:33","guid":{"rendered":"https:\/\/imais.online\/portal\/?p=3876"},"modified":"2022-01-18T19:59:35","modified_gmt":"2022-01-18T22:59:35","slug":"confira-o-calendario-da-vacinacao-covid-19-para-as-criancas-em-indaiatuba","status":"publish","type":"post","link":"https:\/\/imais.online\/portal\/confira-o-calendario-da-vacinacao-covid-19-para-as-criancas-em-indaiatuba\/","title":{"rendered":"Confira o calend\u00e1rio da Vacina\u00e7\u00e3o Covid-19 para as crian\u00e7as em Indaiatuba"},"content":{"rendered":"<div class=\"imais-before-content-placement\" id=\"imais-68456954\"><script async src=\"\/\/pagead2.googlesyndication.com\/pagead\/js\/adsbygoogle.js?client=ca-pub-8787528412751566\" crossorigin=\"anonymous\"><\/script><ins class=\"adsbygoogle\" style=\"display:block;\" data-ad-client=\"ca-pub-8787528412751566\" \ndata-ad-slot=\"\" \ndata-ad-format=\"auto\"><\/ins>\n<script> \n(adsbygoogle = window.adsbygoogle || []).push({}); \n<\/script>\n<\/div>\n<p class=\"has-text-align-center\"><em>A apresenta\u00e7\u00e3o da carteira de vacina\u00e7\u00e3o da crian\u00e7a \u00e9 obrigat\u00f3ria no momento da valida\u00e7\u00e3o dos documentos<\/em><\/p>\n\n\n\n<p>A Prefeitura de Indaiatuba inicia oficialmente a vacina\u00e7\u00e3o contra a Covid-19 para crian\u00e7as de 5 a 11 anos com comorbidades nesta quarta-feira (18), no Espa\u00e7o Viber, localizado na Rua Goi\u00e1s, s\/n \u2013 Cidade Nova 2, das 9h \u00e0s 18h.<\/p>\n\n\n\n<p>As convoca\u00e7\u00f5es j\u00e1 est\u00e3o dispon\u00edveis no Minha Vacina, no site da Prefeitura e podem ser consultados no e-mail cadastrado.<\/p>\n\n\n\n<p>Confira o calend\u00e1rio da vacina\u00e7\u00e3o Covid-19 no p\u00fablico infantil nos pr\u00f3ximos dias:<\/p>\n\n\n\n<p>&#8211; 19\/01 \u2013 quarta-feira \u2013 9h \u00e0s 18h \u2013 1\u00aa dose para crian\u00e7as de 5 a 11 anos com comorbidades, que tiveram os laudos m\u00e9dicos aprovados pelo Minha Vacina.<\/p>\n\n\n\n<p>&#8211; 20\/01 \u2013 quinta-feira \u2013 9h \u00e0s 18h \u2013 1\u00aa dose para crian\u00e7as de 11 anos nascidas entre 18 de janeiro a 3 de mar\u00e7o.<\/p>\n\n\n\n<p>&#8211; 21\/01 \u2013 sexta-feira \u2013 9h \u00e0s 18h \u2013 1\u00aa dose para crian\u00e7as de 11 anos nascidas entre 4 de mar\u00e7o a 16 de abril.<\/p>\n\n\n\n<p>A Secretaria de Sa\u00fade ainda torna obrigat\u00f3ria a apresenta\u00e7\u00e3o da carteira de vacina\u00e7\u00e3o desta crian\u00e7a no ato da valida\u00e7\u00e3o dos documentos e impossibilitar\u00e1 a aplica\u00e7\u00e3o em caso da falta deste documento. RG, CPF, CNH e comprovante de endere\u00e7o dos respons\u00e1veis tamb\u00e9m devem ser apresentados na entrada do Espa\u00e7o Viber.<\/p>\n\n\n\n<p>A vacina\u00e7\u00e3o para crian\u00e7as de 5 a 11 anos foi autorizada pela Ag\u00eancia Nacional de Vigil\u00e2ncia Sanit\u00e1ria (Anvisa) e essa aprova\u00e7\u00e3o consiste em duas doses da vacina Pfizer, \u00fanica vacina aprovada para o p\u00fablico infantil, mas com uma dosagem diferente \u00e0 do p\u00fablico adulto.<\/p>\n\n\n\n<p>Link para cadastro ou consulta de convoca\u00e7\u00f5es: <a href=\"https:\/\/vacinacao.indaiatuba.sp.gov.br\/cadastro\/\">https:\/\/vacinacao.indaiatuba.sp.gov.br\/cadastro\/<\/a><\/p>\n\n\n\n<p>D\u00favidas podem ser esclarecidas no WhatsApp da S\u00e1\u00fade (19) 9 9779-3856.<\/p>\n","protected":false},"excerpt":{"rendered":"<p>A apresenta\u00e7\u00e3o da carteira de vacina\u00e7\u00e3o da crian\u00e7a \u00e9 obrigat\u00f3ria no momento da valida\u00e7\u00e3o dos documentos A Prefeitura de Indaiatuba inicia oficialmente a vacina\u00e7\u00e3o contra a Covid-19 para crian\u00e7as de 5 a 11 anos com comorbidades nesta quarta-feira (18), no Espa\u00e7o Viber, localizado na Rua Goi\u00e1s, s\/n \u2013 Cidade Nova 2, das 9h \u00e0s 18h. [&hellip;]<\/p>\n","protected":false},"author":7,"featured_media":3877,"comment_status":"closed","ping_status":"open","sticky":false,"template":"","format":"standard","meta":{"rop_custom_images_group":[],"rop_custom_messages_group":[],"rop_publish_now":"initial","rop_publish_now_accounts":[],"rop_publish_now_history":[],"rop_publish_now_status":"pending","footnotes":""},"categories":[188],"tags":[],"class_list":["post-3876","post","type-post","status-publish","format-standard","has-post-thumbnail","hentry","category-indaiatuba"],"amp_enabled":true,"_links":{"self":[{"href":"https:\/\/imais.online\/portal\/wp-json\/wp\/v2\/posts\/3876","targetHints":{"allow":["GET"]}}],"collection":[{"href":"https:\/\/imais.online\/portal\/wp-json\/wp\/v2\/posts"}],"about":[{"href":"https:\/\/imais.online\/portal\/wp-json\/wp\/v2\/types\/post"}],"author":[{"embeddable":true,"href":"https:\/\/imais.online\/portal\/wp-json\/wp\/v2\/users\/7"}],"replies":[{"embeddable":true,"href":"https:\/\/imais.online\/portal\/wp-json\/wp\/v2\/comments?post=3876"}],"version-history":[{"count":1,"href":"https:\/\/imais.online\/portal\/wp-json\/wp\/v2\/posts\/3876\/revisions"}],"predecessor-version":[{"id":3878,"href":"https:\/\/imais.online\/portal\/wp-json\/wp\/v2\/posts\/3876\/revisions\/3878"}],"wp:featuredmedia":[{"embeddable":true,"href":"https:\/\/imais.online\/portal\/wp-json\/wp\/v2\/media\/3877"}],"wp:attachment":[{"href":"https:\/\/imais.online\/portal\/wp-json\/wp\/v2\/media?parent=3876"}],"wp:term":[{"taxonomy":"category","embeddable":true,"href":"https:\/\/imais.online\/portal\/wp-json\/wp\/v2\/categories?post=3876"},{"taxonomy":"post_tag","embeddable":true,"href":"https:\/\/imais.online\/portal\/wp-json\/wp\/v2\/tags?post=3876"}],"curies":[{"name":"wp","href":"https:\/\/api.w.org\/{rel}","templated":true}]}}