{"id":3884,"date":"2022-01-20T10:40:35","date_gmt":"2022-01-20T13:40:35","guid":{"rendered":"https:\/\/imais.online\/portal\/?p=3884"},"modified":"2022-01-20T10:40:36","modified_gmt":"2022-01-20T13:40:36","slug":"indaiatuba-apresenta-novo-protocolo-de-testagem-para-covid-19","status":"publish","type":"post","link":"https:\/\/imais.online\/portal\/indaiatuba-apresenta-novo-protocolo-de-testagem-para-covid-19\/","title":{"rendered":"Indaiatuba apresenta novo protocolo de testagem para COVID-19"},"content":{"rendered":"<div class=\"imais-before-content-placement\" id=\"imais-3072440706\"><script async src=\"\/\/pagead2.googlesyndication.com\/pagead\/js\/adsbygoogle.js?client=ca-pub-8787528412751566\" crossorigin=\"anonymous\"><\/script><ins class=\"adsbygoogle\" style=\"display:block;\" data-ad-client=\"ca-pub-8787528412751566\" \ndata-ad-slot=\"\" \ndata-ad-format=\"auto\"><\/ins>\n<script> \n(adsbygoogle = window.adsbygoogle || []).push({}); \n<\/script>\n<\/div>\n<p class=\"has-text-align-center\"><em>Organiza\u00e7\u00e3o Pan-Americana da Sa\u00fade (Opas) alerta para o uso racional de testes para COVID-19<\/em><\/p>\n\n\n\n<p>A Secretaria de Sa\u00fade de Indaiatuba emitiu um novo protocolo de testagem para COVID-19 na tarde desta quarta-feira (19), acatando a recomenda\u00e7\u00e3o da Organiza\u00e7\u00e3o Pan-Americana da Sa\u00fade (Opas) e da Sociedade Brasileira de Infectologia, que alertam quanto ao uso racional dos testes, pelo fato da escassez de insumos para a produ\u00e7\u00e3o.<\/p>\n\n\n\n<p>Considerando o aumento significativo de casos positivos para COVID-19 em todo territ\u00f3rio nacional, a falta de profissionais de sa\u00fade pelo enorme n\u00famero de pessoas afastadas por s\u00edndromes respirat\u00f3rias e pela falta de testes diagn\u00f3sticos dispon\u00edveis no mercado, a Secretaria de Sa\u00fade emitiu novas diretrizes de testagem no munic\u00edpio.<\/p>\n\n\n\n<p>Os testes de Ant\u00edgeno ser\u00e3o priorizados, neste momento, apenas para:<\/p>\n\n\n\n<p>&#8211; Gestantes e Pu\u00e9rperas<\/p>\n\n\n\n<p>&#8211; Profissionais de sa\u00fade e seguran\u00e7a p\u00fablica<\/p>\n\n\n\n<p>&#8211; Pacientes que necessitem de assist\u00eancia hospitalar (casos graves)<\/p>\n\n\n\n<p>Para o p\u00fablico em geral, ser\u00e1 realizado diagn\u00f3stico apenas por crit\u00e9rio cl\u00ednico epidemiol\u00f3gico, considerando o hist\u00f3rico de contato pr\u00f3ximo ou domiciliar nos 14 dias anteriores ao aparecimento dos sintomas com pessoas confirmadas para COVID-19. Casos excepcionais n\u00e3o contemplados dever\u00e3o ser levados ao conhecimento da Secretaria de Sa\u00fade.<\/p>\n\n\n\n<p>Os testes de Ant\u00edgeno para COVID-19 est\u00e3o indicados para pacientes sintom\u00e1ticos respirat\u00f3rios graves com at\u00e9 7 dias de sintomas, as coletas ser\u00e3o realizadas na Unidade B\u00e1sica de Sa\u00fade, conforme solicita\u00e7\u00e3o m\u00e9dica (Telemedicina\/UPA\/Haoc\/UBS), a emiss\u00e3o de atestado m\u00e9dico no atendimento inicial ser\u00e1 de 10 dias, a partir do in\u00edcio dos sintomas. A emiss\u00e3o de atestado m\u00e9dico para os contactantes intradomiciliares ser\u00e1 de 14 dias ap\u00f3s a data da \u00faltima exposi\u00e7\u00e3o.<\/p>\n\n\n\n<p>A redu\u00e7\u00e3o do tempo de afastamento para os pacientes que na aus\u00eancia de sintomas respirat\u00f3rios, sem febre, sem uso de antit\u00e9rmicos por pelo menos 24 horas, poder\u00e1 ser realizada a partir do s\u00e9timo dia do in\u00edcio dos sintomas sem necessidade de retestagem, a crit\u00e9rio m\u00e9dico.<\/p>\n\n\n\n<p>As coletas agendadas at\u00e9 21 de janeiro, bem como os exames j\u00e1 solicitados dever\u00e3o ser mantidos. O laudo ser\u00e1 fornecido ao paciente logo ap\u00f3s a coleta. N\u00e3o ser\u00e1 necess\u00e1rio realizar o teste de detec\u00e7\u00e3o do SARS-CoV-2 para suspender o isolamento.<\/p>\n\n\n\n<p><\/p>\n","protected":false},"excerpt":{"rendered":"<p>Organiza\u00e7\u00e3o Pan-Americana da Sa\u00fade (Opas) alerta para o uso racional de testes para COVID-19 A Secretaria de Sa\u00fade de Indaiatuba emitiu um novo protocolo de testagem para COVID-19 na tarde desta quarta-feira (19), acatando a recomenda\u00e7\u00e3o da Organiza\u00e7\u00e3o Pan-Americana da Sa\u00fade (Opas) e da Sociedade Brasileira de Infectologia, que alertam quanto ao uso racional dos [&hellip;]<\/p>\n","protected":false},"author":7,"featured_media":3885,"comment_status":"closed","ping_status":"open","sticky":false,"template":"","format":"standard","meta":{"rop_custom_images_group":[],"rop_custom_messages_group":[],"rop_publish_now":"initial","rop_publish_now_accounts":[],"rop_publish_now_history":[],"rop_publish_now_status":"pending","footnotes":""},"categories":[188],"tags":[73],"class_list":["post-3884","post","type-post","status-publish","format-standard","has-post-thumbnail","hentry","category-indaiatuba","tag-featured"],"amp_enabled":true,"_links":{"self":[{"href":"https:\/\/imais.online\/portal\/wp-json\/wp\/v2\/posts\/3884","targetHints":{"allow":["GET"]}}],"collection":[{"href":"https:\/\/imais.online\/portal\/wp-json\/wp\/v2\/posts"}],"about":[{"href":"https:\/\/imais.online\/portal\/wp-json\/wp\/v2\/types\/post"}],"author":[{"embeddable":true,"href":"https:\/\/imais.online\/portal\/wp-json\/wp\/v2\/users\/7"}],"replies":[{"embeddable":true,"href":"https:\/\/imais.online\/portal\/wp-json\/wp\/v2\/comments?post=3884"}],"version-history":[{"count":1,"href":"https:\/\/imais.online\/portal\/wp-json\/wp\/v2\/posts\/3884\/revisions"}],"predecessor-version":[{"id":3886,"href":"https:\/\/imais.online\/portal\/wp-json\/wp\/v2\/posts\/3884\/revisions\/3886"}],"wp:featuredmedia":[{"embeddable":true,"href":"https:\/\/imais.online\/portal\/wp-json\/wp\/v2\/media\/3885"}],"wp:attachment":[{"href":"https:\/\/imais.online\/portal\/wp-json\/wp\/v2\/media?parent=3884"}],"wp:term":[{"taxonomy":"category","embeddable":true,"href":"https:\/\/imais.online\/portal\/wp-json\/wp\/v2\/categories?post=3884"},{"taxonomy":"post_tag","embeddable":true,"href":"https:\/\/imais.online\/portal\/wp-json\/wp\/v2\/tags?post=3884"}],"curies":[{"name":"wp","href":"https:\/\/api.w.org\/{rel}","templated":true}]}}