{"id":3890,"date":"2022-01-20T11:46:53","date_gmt":"2022-01-20T14:46:53","guid":{"rendered":"https:\/\/imais.online\/portal\/?p=3890"},"modified":"2022-01-20T11:47:55","modified_gmt":"2022-01-20T14:47:55","slug":"indaiatuba-recebe-investimento-de-r-25-milhoes-na-area-odontologica","status":"publish","type":"post","link":"https:\/\/imais.online\/portal\/indaiatuba-recebe-investimento-de-r-25-milhoes-na-area-odontologica\/","title":{"rendered":"Indaiatuba recebe investimento de R$ 2,5 milh\u00f5es na \u00e1rea odontol\u00f3gica"},"content":{"rendered":"<div class=\"imais-before-content-placement\" id=\"imais-3174610702\"><script async src=\"\/\/pagead2.googlesyndication.com\/pagead\/js\/adsbygoogle.js?client=ca-pub-8787528412751566\" crossorigin=\"anonymous\"><\/script><ins class=\"adsbygoogle\" style=\"display:block;\" data-ad-client=\"ca-pub-8787528412751566\" \ndata-ad-slot=\"\" \ndata-ad-format=\"auto\"><\/ins>\n<script> \n(adsbygoogle = window.adsbygoogle || []).push({}); \n<\/script>\n<\/div>\n<p class=\"has-text-align-center\"><em>Maior rede pr\u00f3pria de odontologia do pa\u00eds, Sorrif\u00e1cil projeta crescimento expressivo na regi\u00e3o Sudeste at\u00e9 o fim de 2023. Realser tamb\u00e9m \u00e9 novidade na cidade.<\/em><\/p>\n\n\n\n<p>Maior rede pr\u00f3pria de odontologia no Brasil, a Sorrif\u00e1cil inicia o ano com um novo ciclo de expans\u00e3o, depois de 15 anos de consolida\u00e7\u00e3o no mercado. Com mais de 120 unidades no Brasil e no exterior, a empresa agora est\u00e1 focada em crescer no estado de S\u00e3o Paulo. Nesse contexto, inaugurou nesta quinta-feira (20) uma unidade refer\u00eancia na cidade de Indaiatuba. O investimento, na estrutura de 1.700m2, \u00e9 de R$ 2,5 milh\u00f5es.<\/p>\n\n\n\n<p>A cl\u00ednica fica na \u00e1rea central, na Rua Padre Bento Pacheco n\u00ba 1470 e prestar\u00e1 atendimento multidisciplinar, com os mais diversos tipos de especialidades odontol\u00f3gicas \u2013 das mais simples \u00e0s mais complexas, com foco principalmente em implantes e odontologia est\u00e9tica. Ter\u00e1, ainda, raio-x panor\u00e2mico, com resultados imediatos de forma digital, dando agilidade aos tratamentos.<\/p>\n\n\n\n<p>Outro diferencial tecnol\u00f3gico \u00e9 o escaneamento intraoral, que permite prever a data do t\u00e9rmino do tratamento e o resultado final de como o sorriso ficar\u00e1. \u201cTemos uma presen\u00e7a grande na Regi\u00e3o Sul. Agora, decidimos acelerar o nosso crescimento com foco no estado de S\u00e3o Paulo, uma das regi\u00f5es mais ricas e desenvolvidas do pa\u00eds. Nossa unidade refer\u00eancia de Indaiatuba estar\u00e1 estrategicamente localizada a 15km do aeroporto de Viracopos, e a uma hora da cidade de S\u00e3o Paulo\u201d, projeta o presidente da Sorrif\u00e1cil, Everson Baptista, ao destacar que o espa\u00e7o respeitar\u00e1 todas as normas sanit\u00e1rias em rela\u00e7\u00e3o \u00e0 Covid-19. &nbsp;<\/p>\n\n\n\n<p><strong>Realser&nbsp;<\/strong><\/p>\n\n\n\n<p>Al\u00e9m da Sorrif\u00e1cil, foi inaugurada a unidade-conceito da Realser, nova marca do grupo, que pretende ser um centro integrado de est\u00e9tica. A cl\u00ednica re\u00fane em um \u00fanico lugar diversas solu\u00e7\u00f5es para uma vida saud\u00e1vel, com tecnologias de vanguarda e valores acess\u00edveis, podendo chegar a 40% dos valores praticados no mercado. Oferece harmoniza\u00e7\u00e3o facial, depila\u00e7\u00e3o \u00e0 laser, e outros procedimentos est\u00e9ticos. Tem, ainda, uma \u00e1rea destinada a procedimentos com eletroestimula\u00e7\u00e3o muscular de corpo integral, tecnologia que permite resultados de ganho de massa muscular em pouco tempo.&nbsp;<\/p>\n\n\n\n<p><strong>Proje\u00e7\u00e3o de crescimento<\/strong><\/p>\n\n\n\n<p>A inaugura\u00e7\u00e3o marca um novo ciclo da empresa. A Sorrif\u00e1cil investir\u00e1 cerca de R$ 25 milh\u00f5es at\u00e9 o fim de 2023 s\u00f3 em S\u00e3o Paulo, com a abertura de 27 novas unidades \u2014 totalizando 40 opera\u00e7\u00f5es no estado. A unidade-modelo de Indaiatuba tamb\u00e9m servir\u00e1 como um centro de treinamento e integra\u00e7\u00e3o para novos franqueados, consolidando ainda mais a estrat\u00e9gia da empresa de expandir a presen\u00e7a no mercado de S\u00e3o Paulo.<\/p>\n","protected":false},"excerpt":{"rendered":"<p>Maior rede pr\u00f3pria de odontologia do pa\u00eds, Sorrif\u00e1cil projeta crescimento expressivo na regi\u00e3o Sudeste at\u00e9 o fim de 2023. Realser tamb\u00e9m \u00e9 novidade na cidade. Maior rede pr\u00f3pria de odontologia no Brasil, a Sorrif\u00e1cil inicia o ano com um novo ciclo de expans\u00e3o, depois de 15 anos de consolida\u00e7\u00e3o no mercado. Com mais de 120 [&hellip;]<\/p>\n","protected":false},"author":7,"featured_media":3891,"comment_status":"closed","ping_status":"open","sticky":false,"template":"","format":"standard","meta":{"rop_custom_images_group":[],"rop_custom_messages_group":[],"rop_publish_now":"initial","rop_publish_now_accounts":[],"rop_publish_now_history":[],"rop_publish_now_status":"pending","footnotes":""},"categories":[188],"tags":[],"class_list":["post-3890","post","type-post","status-publish","format-standard","has-post-thumbnail","hentry","category-indaiatuba"],"amp_enabled":true,"_links":{"self":[{"href":"https:\/\/imais.online\/portal\/wp-json\/wp\/v2\/posts\/3890","targetHints":{"allow":["GET"]}}],"collection":[{"href":"https:\/\/imais.online\/portal\/wp-json\/wp\/v2\/posts"}],"about":[{"href":"https:\/\/imais.online\/portal\/wp-json\/wp\/v2\/types\/post"}],"author":[{"embeddable":true,"href":"https:\/\/imais.online\/portal\/wp-json\/wp\/v2\/users\/7"}],"replies":[{"embeddable":true,"href":"https:\/\/imais.online\/portal\/wp-json\/wp\/v2\/comments?post=3890"}],"version-history":[{"count":1,"href":"https:\/\/imais.online\/portal\/wp-json\/wp\/v2\/posts\/3890\/revisions"}],"predecessor-version":[{"id":3892,"href":"https:\/\/imais.online\/portal\/wp-json\/wp\/v2\/posts\/3890\/revisions\/3892"}],"wp:featuredmedia":[{"embeddable":true,"href":"https:\/\/imais.online\/portal\/wp-json\/wp\/v2\/media\/3891"}],"wp:attachment":[{"href":"https:\/\/imais.online\/portal\/wp-json\/wp\/v2\/media?parent=3890"}],"wp:term":[{"taxonomy":"category","embeddable":true,"href":"https:\/\/imais.online\/portal\/wp-json\/wp\/v2\/categories?post=3890"},{"taxonomy":"post_tag","embeddable":true,"href":"https:\/\/imais.online\/portal\/wp-json\/wp\/v2\/tags?post=3890"}],"curies":[{"name":"wp","href":"https:\/\/api.w.org\/{rel}","templated":true}]}}