{"id":3920,"date":"2022-01-24T21:08:00","date_gmt":"2022-01-25T00:08:00","guid":{"rendered":"https:\/\/imais.online\/portal\/?p=3920"},"modified":"2022-01-24T21:08:02","modified_gmt":"2022-01-25T00:08:02","slug":"indaiatuba-ultrapassa-100-mil-doses-adicionais-aplicadas-da-vacina-contra-a-covid-19","status":"publish","type":"post","link":"https:\/\/imais.online\/portal\/indaiatuba-ultrapassa-100-mil-doses-adicionais-aplicadas-da-vacina-contra-a-covid-19\/","title":{"rendered":"Indaiatuba ultrapassa 100 mil doses adicionais aplicadas da vacina contra a COVID-19"},"content":{"rendered":"<div class=\"imais-before-content-placement\" id=\"imais-802662396\"><script async src=\"\/\/pagead2.googlesyndication.com\/pagead\/js\/adsbygoogle.js?client=ca-pub-8787528412751566\" crossorigin=\"anonymous\"><\/script><ins class=\"adsbygoogle\" style=\"display:block;\" data-ad-client=\"ca-pub-8787528412751566\" \ndata-ad-slot=\"\" \ndata-ad-format=\"auto\"><\/ins>\n<script> \n(adsbygoogle = window.adsbygoogle || []).push({}); \n<\/script>\n<\/div>\n<p>A Prefeitura de Indaiatuba comemorou no \u00faltimo s\u00e1bado (22), a marca de 100 mil pessoas imunizadas com a dose adicional da vacina contra a COVID-19. A Secretaria de Sa\u00fade j\u00e1 aplicou ao todo 531.341 vacinas.<\/p>\n\n\n\n<p>Desde o in\u00edcio da vacina\u00e7\u00e3o em Indaiatuba h\u00e1 pouco mais de um ano, ocorrida em 21 de janeiro de 2021 com a aplica\u00e7\u00e3o da primeira dose na T\u00e9cnica de Enfermagem, Vanessa Cunha, o munic\u00edpio j\u00e1 aplicou 214.878 vacinas de primeira dose, 208.163 de segunda, 6.862 doses \u00fanicas (Janssen) e mais 101.442 doses adicionais.<\/p>\n\n\n\n<p>Para o prefeito, Nilson Gaspar, o n\u00famero de imunizados com a dose de refor\u00e7o \u00e9 satisfat\u00f3rio, mas faz alerta quanto a alta dissemina\u00e7\u00e3o do v\u00edrus em Indaiatuba. \u201cEstamos observando uma alta no n\u00famero de novos infectados positivos para COVID-19 em nossa cidade, n\u00f3s precisamos nos atentar \u00e0s medidas de higiene, distanciamento social e uso constante da m\u00e1scara. Essas a\u00e7\u00f5es, aliadas a vacina\u00e7\u00e3o, auxiliam para o controle e o poss\u00edvel fim da pandemia\u201d, comentou Gaspar.<\/p>\n\n\n\n<p>A vacina\u00e7\u00e3o segue nesta semana tanto para adultos que precisam receber a dose de refor\u00e7o, quanto para crian\u00e7as de 5 a 11 anos que est\u00e3o recebendo a primeira dose no Espa\u00e7o Viber.<\/p>\n\n\n\n<p>Para a consulta de convoca\u00e7\u00f5es acesse: https:\/\/vacinacao.indaiatuba.sp.gov.br\/login<\/p>\n","protected":false},"excerpt":{"rendered":"<p>A Prefeitura de Indaiatuba comemorou no \u00faltimo s\u00e1bado (22), a marca de 100 mil pessoas imunizadas com a dose adicional da vacina contra a COVID-19. A Secretaria de Sa\u00fade j\u00e1 aplicou ao todo 531.341 vacinas. Desde o in\u00edcio da vacina\u00e7\u00e3o em Indaiatuba h\u00e1 pouco mais de um ano, ocorrida em 21 de janeiro de 2021 [&hellip;]<\/p>\n","protected":false},"author":8,"featured_media":3921,"comment_status":"closed","ping_status":"open","sticky":false,"template":"","format":"standard","meta":{"rop_custom_images_group":[],"rop_custom_messages_group":[],"rop_publish_now":"initial","rop_publish_now_accounts":[],"rop_publish_now_history":[],"rop_publish_now_status":"pending","footnotes":""},"categories":[188],"tags":[],"class_list":["post-3920","post","type-post","status-publish","format-standard","has-post-thumbnail","hentry","category-indaiatuba"],"amp_enabled":true,"_links":{"self":[{"href":"https:\/\/imais.online\/portal\/wp-json\/wp\/v2\/posts\/3920","targetHints":{"allow":["GET"]}}],"collection":[{"href":"https:\/\/imais.online\/portal\/wp-json\/wp\/v2\/posts"}],"about":[{"href":"https:\/\/imais.online\/portal\/wp-json\/wp\/v2\/types\/post"}],"author":[{"embeddable":true,"href":"https:\/\/imais.online\/portal\/wp-json\/wp\/v2\/users\/8"}],"replies":[{"embeddable":true,"href":"https:\/\/imais.online\/portal\/wp-json\/wp\/v2\/comments?post=3920"}],"version-history":[{"count":1,"href":"https:\/\/imais.online\/portal\/wp-json\/wp\/v2\/posts\/3920\/revisions"}],"predecessor-version":[{"id":3922,"href":"https:\/\/imais.online\/portal\/wp-json\/wp\/v2\/posts\/3920\/revisions\/3922"}],"wp:featuredmedia":[{"embeddable":true,"href":"https:\/\/imais.online\/portal\/wp-json\/wp\/v2\/media\/3921"}],"wp:attachment":[{"href":"https:\/\/imais.online\/portal\/wp-json\/wp\/v2\/media?parent=3920"}],"wp:term":[{"taxonomy":"category","embeddable":true,"href":"https:\/\/imais.online\/portal\/wp-json\/wp\/v2\/categories?post=3920"},{"taxonomy":"post_tag","embeddable":true,"href":"https:\/\/imais.online\/portal\/wp-json\/wp\/v2\/tags?post=3920"}],"curies":[{"name":"wp","href":"https:\/\/api.w.org\/{rel}","templated":true}]}}