{"id":3927,"date":"2022-01-26T08:05:15","date_gmt":"2022-01-26T11:05:15","guid":{"rendered":"https:\/\/imais.online\/portal\/?p=3927"},"modified":"2022-01-26T08:05:17","modified_gmt":"2022-01-26T11:05:17","slug":"homem-e-preso-pela-guarda-civil-de-indaiatuba-por-violencia-domestica","status":"publish","type":"post","link":"https:\/\/imais.online\/portal\/homem-e-preso-pela-guarda-civil-de-indaiatuba-por-violencia-domestica\/","title":{"rendered":"Homem \u00e9 preso pela Guarda Civil de Indaiatuba por viol\u00eancia dom\u00e9stica"},"content":{"rendered":"<div class=\"imais-before-content-placement\" id=\"imais-3199244952\"><script async src=\"\/\/pagead2.googlesyndication.com\/pagead\/js\/adsbygoogle.js?client=ca-pub-8787528412751566\" crossorigin=\"anonymous\"><\/script><ins class=\"adsbygoogle\" style=\"display:block;\" data-ad-client=\"ca-pub-8787528412751566\" \ndata-ad-slot=\"\" \ndata-ad-format=\"auto\"><\/ins>\n<script> \n(adsbygoogle = window.adsbygoogle || []).push({}); \n<\/script>\n<\/div>\n<p class=\"has-text-align-center\"><strong><em>Homem foi detido por guardas civis ap\u00f3s descumprir medida protetiva <\/em><\/strong><strong><em><\/em><\/strong><\/p>\n\n\n\n<p>Um homem foi preso ela Guarda Civil de Indaiatuba por viol\u00eancia dom\u00e9stica e descumprimento de mediada protetiva na manh\u00e3 de sexta-feira (21). A Guarda Civil foi acionada at\u00e9 o Jardim Tancredo Neves, onde a v\u00edtima, que possu\u00eda uma medida protetiva contra seu ex-companheiro, relatou que estava em um ponto de \u00f4nibus quando foi abordada pelo ex que a agrediu e fez diversas amea\u00e7as.<\/p>\n\n\n\n<p>As caracter\u00edsticas do homem foram informadas para todas as viaturas em patrulhamento e rapidamente ele foi localizado na Avenida Ario Barnab\u00e9, onde foi detido. O homem foi conduzido at\u00e9 a Delegacia de Defesa da Mulher, onde o delegado ratificou sua voz de pris\u00e3o em flagrante pelo descumprimento de medida protetiva e viol\u00eancia dom\u00e9stica.<\/p>\n","protected":false},"excerpt":{"rendered":"<p>Homem foi detido por guardas civis ap\u00f3s descumprir medida protetiva Um homem foi preso ela Guarda Civil de Indaiatuba por viol\u00eancia dom\u00e9stica e descumprimento de mediada protetiva na manh\u00e3 de sexta-feira (21). A Guarda Civil foi acionada at\u00e9 o Jardim Tancredo Neves, onde a v\u00edtima, que possu\u00eda uma medida protetiva contra seu ex-companheiro, relatou que [&hellip;]<\/p>\n","protected":false},"author":7,"featured_media":3928,"comment_status":"closed","ping_status":"open","sticky":false,"template":"","format":"standard","meta":{"rop_custom_images_group":[],"rop_custom_messages_group":[],"rop_publish_now":"initial","rop_publish_now_accounts":[],"rop_publish_now_history":[],"rop_publish_now_status":"pending","footnotes":""},"categories":[188,199],"tags":[],"class_list":["post-3927","post","type-post","status-publish","format-standard","has-post-thumbnail","hentry","category-indaiatuba","category-policia"],"amp_enabled":true,"_links":{"self":[{"href":"https:\/\/imais.online\/portal\/wp-json\/wp\/v2\/posts\/3927","targetHints":{"allow":["GET"]}}],"collection":[{"href":"https:\/\/imais.online\/portal\/wp-json\/wp\/v2\/posts"}],"about":[{"href":"https:\/\/imais.online\/portal\/wp-json\/wp\/v2\/types\/post"}],"author":[{"embeddable":true,"href":"https:\/\/imais.online\/portal\/wp-json\/wp\/v2\/users\/7"}],"replies":[{"embeddable":true,"href":"https:\/\/imais.online\/portal\/wp-json\/wp\/v2\/comments?post=3927"}],"version-history":[{"count":1,"href":"https:\/\/imais.online\/portal\/wp-json\/wp\/v2\/posts\/3927\/revisions"}],"predecessor-version":[{"id":3929,"href":"https:\/\/imais.online\/portal\/wp-json\/wp\/v2\/posts\/3927\/revisions\/3929"}],"wp:featuredmedia":[{"embeddable":true,"href":"https:\/\/imais.online\/portal\/wp-json\/wp\/v2\/media\/3928"}],"wp:attachment":[{"href":"https:\/\/imais.online\/portal\/wp-json\/wp\/v2\/media?parent=3927"}],"wp:term":[{"taxonomy":"category","embeddable":true,"href":"https:\/\/imais.online\/portal\/wp-json\/wp\/v2\/categories?post=3927"},{"taxonomy":"post_tag","embeddable":true,"href":"https:\/\/imais.online\/portal\/wp-json\/wp\/v2\/tags?post=3927"}],"curies":[{"name":"wp","href":"https:\/\/api.w.org\/{rel}","templated":true}]}}