{"id":3930,"date":"2022-01-26T10:37:41","date_gmt":"2022-01-26T13:37:41","guid":{"rendered":"https:\/\/imais.online\/portal\/?p=3930"},"modified":"2022-01-26T10:37:43","modified_gmt":"2022-01-26T13:37:43","slug":"curso-tecnico-de-quimica-da-fiec-conquista-recertificacao-do-selo-de-qualidade-crq-iv-regiao-com-nota-maxima","status":"publish","type":"post","link":"https:\/\/imais.online\/portal\/curso-tecnico-de-quimica-da-fiec-conquista-recertificacao-do-selo-de-qualidade-crq-iv-regiao-com-nota-maxima\/","title":{"rendered":"Curso t\u00e9cnico de qu\u00edmica da Fiec conquista recertifica\u00e7\u00e3o do selo de qualidade CRQ IV-REGI\u00c3O com nota m\u00e1xima"},"content":{"rendered":"<div class=\"imais-before-content-placement\" id=\"imais-3691323192\"><script async src=\"\/\/pagead2.googlesyndication.com\/pagead\/js\/adsbygoogle.js?client=ca-pub-8787528412751566\" crossorigin=\"anonymous\"><\/script><ins class=\"adsbygoogle\" style=\"display:block;\" data-ad-client=\"ca-pub-8787528412751566\" \ndata-ad-slot=\"\" \ndata-ad-format=\"auto\"><\/ins>\n<script> \n(adsbygoogle = window.adsbygoogle || []).push({}); \n<\/script>\n<\/div>\n<p>O prefeito, Nilson Gaspar e o superintendente da Funda\u00e7\u00e3o Indaiatubana de Educa\u00e7\u00e3o e Cultura (Fiec), Geraldo Garcia, receberam nesta ter\u00e7a-feira (25\/1), a placa que simboliza o Selo de Certifica\u00e7\u00e3o do Conselho Regional de Qu\u00edmica (CRQ \/ IV Regi\u00e3o), entregue pela gerente de fiscaliza\u00e7\u00e3o, Andrea Mariano.<\/p>\n\n\n\n<p>No Estado de S\u00e3o Paulo apenas 9 cursos t\u00e9cnicos de Qu\u00edmica, de 6 institui\u00e7\u00f5es, possuem a certifica\u00e7\u00e3o vigente do selo que reconhece e atesta a qualidade do curso e a compet\u00eancia da institui\u00e7\u00e3o. O curso oferecido pela Fiec, j\u00e1 obteve tr\u00eas certifica\u00e7\u00f5es do selo que \u00e9 v\u00e1lido por tr\u00eas anos, a \u00faltima renova\u00e7\u00e3o, foi conferida em novembro de 2021, por meio do Plen\u00e1rio da C\u00e2mara T\u00e9cnica de Ensino do CRQ, certificando a nota m\u00e1xima in\u00e9dita \u00e0 Fiec.<\/p>\n\n\n\n<p>A gerente de fiscaliza\u00e7\u00e3o do conselho, informou que na hist\u00f3ria do selo, nenhuma escola\/curso, havia recebido a nota m\u00e1xima (cinco), da auditoria t\u00e9cnica do CRQ. \u201cS\u00e3o v\u00e1rias etapas para auditar a qualidade do curso e a Fiec \u00e9 a \u00fanica institui\u00e7\u00e3o no Estado de S\u00e3o Paulo, a ter o curso de qu\u00edmica avaliado com excel\u00eancia. Parabenizo voc\u00eas por essa conquista\u201d. Concluiu Andrea.<\/p>\n\n\n\n<p>O prefeito Nilson Gaspar, parabenizou a equipe Fiec e os professores. \u201cIndaiatuba tem mais de 400 empresas em atividades qu\u00edmicas e a grande maioria delas absorvem a m\u00e3o de obra qualificada da Fiec, pois sabem da qualidade oferecida pelo curso, a conquista do selo \u00e9 o retorno de que o trabalho est\u00e1 sendo bem executado\u201d. Concluiu.<\/p>\n\n\n\n<p>O superintendente da Fiec, creditou a conquista do selo aos docentes do t\u00e9cnico de Qu\u00edmica<\/p>\n\n\n\n<p>\u201cOs professores s\u00e3o altamente capacitados e fazem um excelente trabalho de profissionaliza\u00e7\u00e3o do aluno. A Fiec oferece toda a infraestrutura laboratorial com modernos equipamentos, para que tenham a pr\u00e1tica exata da \u00e1rea qu\u00edmica\u201d. Finalizou.<\/p>\n\n\n\n<p>Para o coordenador dos cursos, Claudemir Borgo, o selo traz in\u00fameros benef\u00edcios principalmente para os alunos. \u201cA revalida\u00e7\u00e3o do curso t\u00e9cnico, atesta n\u00e3o s\u00f3 a qualidade do curso e dos docentes, mas garante ao aluno alto \u00edndice de empregabilidade, pois \u00e9 o diferencial que s\u00f3 a Fiec oferece em Indaiatuba\u201d. Encerrou.<\/p>\n\n\n\n<p>Tamb\u00e9m estiveram presentes na cerim\u00f4nia de entrega do selo, o secret\u00e1rio de meio ambiente Guilherme Gaspar Magnusson, a diretora da Fiec Eliane Geiss, a assistente de dire\u00e7\u00e3o Nilza Chavier, e a representante do Conselho Regional de Qu\u00edmica na Fiec, Prof.\u00aa. Marta Eliza B\u00e9rgamo.<\/p>\n\n\n\n<p>Sobre o Programa Selo de Qualidade CRQ-IV<\/p>\n\n\n\n<p>Criado em 2007, o Programa objetiva oferecer um instrumento de identifica\u00e7\u00e3o e certifica\u00e7\u00e3o das escolas comprometidas com a qualidade de ensino. Define par\u00e2metros a partir dos quais as institui\u00e7\u00f5es podem se auto avaliar, fazer ajustes e assim proporcionar uma forma\u00e7\u00e3o adequada \u00e0s necessidades do mercado de trabalho. O Selo tamb\u00e9m serve como par\u00e2metro para que estudantes possam escolher os melhores cursos, bem como para sinalizar \u00e0s empresas onde buscar os melhores estagi\u00e1rios e profissionais para compor seus quadros de colaboradores.<\/p>\n","protected":false},"excerpt":{"rendered":"<p>O prefeito, Nilson Gaspar e o superintendente da Funda\u00e7\u00e3o Indaiatubana de Educa\u00e7\u00e3o e Cultura (Fiec), Geraldo Garcia, receberam nesta ter\u00e7a-feira (25\/1), a placa que simboliza o Selo de Certifica\u00e7\u00e3o do Conselho Regional de Qu\u00edmica (CRQ \/ IV Regi\u00e3o), entregue pela gerente de fiscaliza\u00e7\u00e3o, Andrea Mariano. No Estado de S\u00e3o Paulo apenas 9 cursos t\u00e9cnicos de [&hellip;]<\/p>\n","protected":false},"author":8,"featured_media":3931,"comment_status":"closed","ping_status":"open","sticky":false,"template":"","format":"standard","meta":{"rop_custom_images_group":[],"rop_custom_messages_group":[],"rop_publish_now":"initial","rop_publish_now_accounts":[],"rop_publish_now_history":[],"rop_publish_now_status":"pending","footnotes":""},"categories":[188],"tags":[],"class_list":["post-3930","post","type-post","status-publish","format-standard","has-post-thumbnail","hentry","category-indaiatuba"],"amp_enabled":true,"_links":{"self":[{"href":"https:\/\/imais.online\/portal\/wp-json\/wp\/v2\/posts\/3930","targetHints":{"allow":["GET"]}}],"collection":[{"href":"https:\/\/imais.online\/portal\/wp-json\/wp\/v2\/posts"}],"about":[{"href":"https:\/\/imais.online\/portal\/wp-json\/wp\/v2\/types\/post"}],"author":[{"embeddable":true,"href":"https:\/\/imais.online\/portal\/wp-json\/wp\/v2\/users\/8"}],"replies":[{"embeddable":true,"href":"https:\/\/imais.online\/portal\/wp-json\/wp\/v2\/comments?post=3930"}],"version-history":[{"count":1,"href":"https:\/\/imais.online\/portal\/wp-json\/wp\/v2\/posts\/3930\/revisions"}],"predecessor-version":[{"id":3932,"href":"https:\/\/imais.online\/portal\/wp-json\/wp\/v2\/posts\/3930\/revisions\/3932"}],"wp:featuredmedia":[{"embeddable":true,"href":"https:\/\/imais.online\/portal\/wp-json\/wp\/v2\/media\/3931"}],"wp:attachment":[{"href":"https:\/\/imais.online\/portal\/wp-json\/wp\/v2\/media?parent=3930"}],"wp:term":[{"taxonomy":"category","embeddable":true,"href":"https:\/\/imais.online\/portal\/wp-json\/wp\/v2\/categories?post=3930"},{"taxonomy":"post_tag","embeddable":true,"href":"https:\/\/imais.online\/portal\/wp-json\/wp\/v2\/tags?post=3930"}],"curies":[{"name":"wp","href":"https:\/\/api.w.org\/{rel}","templated":true}]}}