{"id":3942,"date":"2022-01-26T11:53:24","date_gmt":"2022-01-26T14:53:24","guid":{"rendered":"https:\/\/imais.online\/portal\/?p=3942"},"modified":"2022-01-26T11:53:25","modified_gmt":"2022-01-26T14:53:25","slug":"mulher-e-presa-apos-matar-filho-de-3-anos-a-facadas","status":"publish","type":"post","link":"https:\/\/imais.online\/portal\/mulher-e-presa-apos-matar-filho-de-3-anos-a-facadas\/","title":{"rendered":"Mulher \u00e9 presa ap\u00f3s matar filho de 3 anos a facadas"},"content":{"rendered":"<div class=\"imais-before-content-placement\" id=\"imais-2864594752\"><script async src=\"\/\/pagead2.googlesyndication.com\/pagead\/js\/adsbygoogle.js?client=ca-pub-8787528412751566\" crossorigin=\"anonymous\"><\/script><ins class=\"adsbygoogle\" style=\"display:block;\" data-ad-client=\"ca-pub-8787528412751566\" \ndata-ad-slot=\"\" \ndata-ad-format=\"auto\"><\/ins>\n<script> \n(adsbygoogle = window.adsbygoogle || []).push({}); \n<\/script>\n<\/div>\n<p class=\"has-text-align-center\">Segundo a Pol\u00edcia Militar, m\u00e3e esfaqueou o menino ap\u00f3s um surto psic\u00f3tico. O \u00f3bito da crian\u00e7a foi constatado no local. Caso ocorreu na Grande SP<\/p>\n\n\n\n<p>Uma mulher foi presa em flagrante ap\u00f3s esfaquear e matar o pr\u00f3prio filho, de apenas 3 anos, em Pirapora do Bom Jesus, na regi\u00e3o metropolitana de S\u00e3o Paulo, na manh\u00e3 desta ter\u00e7a-feira (25).<\/p>\n\n\n\n<p>O crime ocorreu na casa da fam\u00edlia, localizada na rua Par\u00e1, no Parque Paiol, \u00e0s 8h36.<\/p>\n\n\n\n<p>De acordo com a sala de imprensa da Pol\u00edcia Militar, durante um surto psic\u00f3tico, a m\u00e3e esfaqueou o pr\u00f3prio filho. O \u00f3bito da crian\u00e7a foi constatado no local.<\/p>\n\n\n\n<p>A mulher foi presa em flagrante e encaminhada \u00e0 Delegacia de Pirapora do Bom Jesus, onde o caso est\u00e1 sendo registrado.<\/p>\n\n\n\n<p>Fonte R7.com<\/p>\n","protected":false},"excerpt":{"rendered":"<p>Segundo a Pol\u00edcia Militar, m\u00e3e esfaqueou o menino ap\u00f3s um surto psic\u00f3tico. O \u00f3bito da crian\u00e7a foi constatado no local. Caso ocorreu na Grande SP Uma mulher foi presa em flagrante ap\u00f3s esfaquear e matar o pr\u00f3prio filho, de apenas 3 anos, em Pirapora do Bom Jesus, na regi\u00e3o metropolitana de S\u00e3o Paulo, na manh\u00e3 [&hellip;]<\/p>\n","protected":false},"author":7,"featured_media":3943,"comment_status":"closed","ping_status":"open","sticky":false,"template":"","format":"standard","meta":{"rop_custom_images_group":[],"rop_custom_messages_group":[],"rop_publish_now":"initial","rop_publish_now_accounts":[],"rop_publish_now_history":[],"rop_publish_now_status":"pending","footnotes":""},"categories":[195],"tags":[],"class_list":["post-3942","post","type-post","status-publish","format-standard","has-post-thumbnail","hentry","category-sao-paulo"],"amp_enabled":true,"_links":{"self":[{"href":"https:\/\/imais.online\/portal\/wp-json\/wp\/v2\/posts\/3942","targetHints":{"allow":["GET"]}}],"collection":[{"href":"https:\/\/imais.online\/portal\/wp-json\/wp\/v2\/posts"}],"about":[{"href":"https:\/\/imais.online\/portal\/wp-json\/wp\/v2\/types\/post"}],"author":[{"embeddable":true,"href":"https:\/\/imais.online\/portal\/wp-json\/wp\/v2\/users\/7"}],"replies":[{"embeddable":true,"href":"https:\/\/imais.online\/portal\/wp-json\/wp\/v2\/comments?post=3942"}],"version-history":[{"count":1,"href":"https:\/\/imais.online\/portal\/wp-json\/wp\/v2\/posts\/3942\/revisions"}],"predecessor-version":[{"id":3944,"href":"https:\/\/imais.online\/portal\/wp-json\/wp\/v2\/posts\/3942\/revisions\/3944"}],"wp:featuredmedia":[{"embeddable":true,"href":"https:\/\/imais.online\/portal\/wp-json\/wp\/v2\/media\/3943"}],"wp:attachment":[{"href":"https:\/\/imais.online\/portal\/wp-json\/wp\/v2\/media?parent=3942"}],"wp:term":[{"taxonomy":"category","embeddable":true,"href":"https:\/\/imais.online\/portal\/wp-json\/wp\/v2\/categories?post=3942"},{"taxonomy":"post_tag","embeddable":true,"href":"https:\/\/imais.online\/portal\/wp-json\/wp\/v2\/tags?post=3942"}],"curies":[{"name":"wp","href":"https:\/\/api.w.org\/{rel}","templated":true}]}}