{"id":3980,"date":"2022-01-28T10:11:34","date_gmt":"2022-01-28T13:11:34","guid":{"rendered":"https:\/\/imais.online\/portal\/?p=3980"},"modified":"2022-01-28T10:11:36","modified_gmt":"2022-01-28T13:11:36","slug":"cidades-da-regiao-de-campinas-receberam-r-30288-milhoes-do-ipva-2022","status":"publish","type":"post","link":"https:\/\/imais.online\/portal\/cidades-da-regiao-de-campinas-receberam-r-30288-milhoes-do-ipva-2022\/","title":{"rendered":"Cidades da regi\u00e3o de Campinas receberam R$ 302,88 milh\u00f5es do IPVA 2022"},"content":{"rendered":"<div class=\"imais-before-content-placement\" id=\"imais-2765011420\"><script async src=\"\/\/pagead2.googlesyndication.com\/pagead\/js\/adsbygoogle.js?client=ca-pub-8787528412751566\" crossorigin=\"anonymous\"><\/script><ins class=\"adsbygoogle\" style=\"display:block;\" data-ad-client=\"ca-pub-8787528412751566\" \ndata-ad-slot=\"\" \ndata-ad-format=\"auto\"><\/ins>\n<script> \n(adsbygoogle = window.adsbygoogle || []).push({}); \n<\/script>\n<\/div>\n<p class=\"has-text-align-center\"><em>Recurso obtido com os pagamentos feitos em janeiro, com desconto de 9%, ser\u00e3o fundamentais para custear os servi\u00e7os p\u00fablicos<\/em><\/p>\n\n\n\n<p>A Secretaria da Fazenda e Planejamento fechou balan\u00e7o parcial do primeiro ciclo de pagamentos do Imposto sobre Propriedade de Ve\u00edculos Automotores (IPVA) de 2022, em janeiro. At\u00e9 21\/1, as cidades que comp\u00f5em a Delegacia Regional Tribut\u00e1ria de Campinas (DRT-05) receberam R\uff04 302,88 milh\u00f5es referentes \u00e0 parcela do imposto que \u00e9 destinada aos munic\u00edpios.<\/p>\n\n\n\n<p>Esse recurso \u00e9 fundamental para a gest\u00e3o dos servi\u00e7os p\u00fablicos no in\u00edcio do ano. No total, 20% do IPVA \u00e9 destinado ao Fundo de Manuten\u00e7\u00e3o e Desenvolvimento da Educa\u00e7\u00e3o B\u00e1sica &#8211; Fundeb. O restante do imposto \u00e9 repartido meio a meio entre Estado e munic\u00edpios.<\/p>\n\n\n\n<p>At\u00e9 21\/1, quando venceu o prazo da \u00faltima placa (final 0), 507.189 pessoas efetuaram o pagamento do imposto \u00e0 vista, e outros 126.092 fizeram o pagamento de uma ou mais parcelas com o desconto de 5%.<\/p>\n\n\n\n<p>Os propriet\u00e1rios devem ficar atentos \u00e0s datas de vencimento do tributo definidas de acordo com o final de placa. Quem n\u00e3o conseguiu antecipar o pagamento em janeiro, ainda pode aproveitar o desconto de 5%, tamb\u00e9m in\u00e9dito, para quitar \u00e0 vista, ou parcelar em cinco vezes, sem multa ou juros, em fevereiro.<\/p>\n\n\n\n<p>Utilize os terminais de autoatendimento, pela internet ou d\u00e9bito agendado, ou outros canais oferecidos pela institui\u00e7\u00e3o banc\u00e1ria para fazer o pagamento. O IPVA tamb\u00e9m pode ser pago em casas lot\u00e9ricas. Outra op\u00e7\u00e3o para os propriet\u00e1rios que desejarem, \u00e9 poss\u00edvel \u200b\u200bquitar o IPVA 2022 com cart\u00e3o de cr\u00e9dito, por meio de uma das empresas credenciadas. Veja a lista <a href=\"https:\/\/enviosrp.com\/link.php?code=bDpodHRwcyUzQSUyRiUyRnBvcnRhbC5mYXplbmRhLnNwLmdvdi5iciUyRnNlcnZpY29zJTJGaXB2YSUyRlBhZ2luYXMlMkZQYXJjZWxhbWVudG8tbm8tQ2FydCUyNWMzJTI1YTNvLmFzcHg6MTg5ODY2OTcxNzpjb250ZXVkb0BpbWFpcy5vbmxpbmU6MmZkYTVi\">clicando aqui<\/a>.<\/p>\n\n\n\n<p>Confira a quota-parte destinada a cada cidade da regi\u00e3o:<\/p>\n\n\n\n<figure class=\"wp-block-image size-large\"><img loading=\"lazy\" decoding=\"async\" width=\"775\" height=\"1024\" src=\"https:\/\/imais.online\/portal\/wp-content\/uploads\/2022\/01\/tabela-775x1024.png\" alt=\"\" class=\"wp-image-3982\" srcset=\"https:\/\/imais.online\/portal\/wp-content\/uploads\/2022\/01\/tabela-775x1024.png 775w, https:\/\/imais.online\/portal\/wp-content\/uploads\/2022\/01\/tabela-227x300.png 227w, https:\/\/imais.online\/portal\/wp-content\/uploads\/2022\/01\/tabela-768x1015.png 768w, https:\/\/imais.online\/portal\/wp-content\/uploads\/2022\/01\/tabela-1162x1536.png 1162w, https:\/\/imais.online\/portal\/wp-content\/uploads\/2022\/01\/tabela-1550x2048.png 1550w\" sizes=\"auto, (max-width: 775px) 100vw, 775px\" \/><\/figure>\n","protected":false},"excerpt":{"rendered":"<p>Recurso obtido com os pagamentos feitos em janeiro, com desconto de 9%, ser\u00e3o fundamentais para custear os servi\u00e7os p\u00fablicos A Secretaria da Fazenda e Planejamento fechou balan\u00e7o parcial do primeiro ciclo de pagamentos do Imposto sobre Propriedade de Ve\u00edculos Automotores (IPVA) de 2022, em janeiro. At\u00e9 21\/1, as cidades que comp\u00f5em a Delegacia Regional Tribut\u00e1ria [&hellip;]<\/p>\n","protected":false},"author":7,"featured_media":3986,"comment_status":"closed","ping_status":"open","sticky":false,"template":"","format":"standard","meta":{"rop_custom_images_group":[],"rop_custom_messages_group":[],"rop_publish_now":"initial","rop_publish_now_accounts":[],"rop_publish_now_history":[],"rop_publish_now_status":"pending","footnotes":""},"categories":[195],"tags":[73],"class_list":["post-3980","post","type-post","status-publish","format-standard","has-post-thumbnail","hentry","category-sao-paulo","tag-featured"],"amp_enabled":true,"_links":{"self":[{"href":"https:\/\/imais.online\/portal\/wp-json\/wp\/v2\/posts\/3980","targetHints":{"allow":["GET"]}}],"collection":[{"href":"https:\/\/imais.online\/portal\/wp-json\/wp\/v2\/posts"}],"about":[{"href":"https:\/\/imais.online\/portal\/wp-json\/wp\/v2\/types\/post"}],"author":[{"embeddable":true,"href":"https:\/\/imais.online\/portal\/wp-json\/wp\/v2\/users\/7"}],"replies":[{"embeddable":true,"href":"https:\/\/imais.online\/portal\/wp-json\/wp\/v2\/comments?post=3980"}],"version-history":[{"count":1,"href":"https:\/\/imais.online\/portal\/wp-json\/wp\/v2\/posts\/3980\/revisions"}],"predecessor-version":[{"id":3987,"href":"https:\/\/imais.online\/portal\/wp-json\/wp\/v2\/posts\/3980\/revisions\/3987"}],"wp:featuredmedia":[{"embeddable":true,"href":"https:\/\/imais.online\/portal\/wp-json\/wp\/v2\/media\/3986"}],"wp:attachment":[{"href":"https:\/\/imais.online\/portal\/wp-json\/wp\/v2\/media?parent=3980"}],"wp:term":[{"taxonomy":"category","embeddable":true,"href":"https:\/\/imais.online\/portal\/wp-json\/wp\/v2\/categories?post=3980"},{"taxonomy":"post_tag","embeddable":true,"href":"https:\/\/imais.online\/portal\/wp-json\/wp\/v2\/tags?post=3980"}],"curies":[{"name":"wp","href":"https:\/\/api.w.org\/{rel}","templated":true}]}}