{"id":4051,"date":"2022-01-30T20:11:01","date_gmt":"2022-01-30T23:11:01","guid":{"rendered":"https:\/\/imais.online\/portal\/?p=4051"},"modified":"2022-01-30T20:11:02","modified_gmt":"2022-01-30T23:11:02","slug":"estado-de-sp-registra-18-mortes-em-decorrencia-das-fortes-chuvas","status":"publish","type":"post","link":"https:\/\/imais.online\/portal\/estado-de-sp-registra-18-mortes-em-decorrencia-das-fortes-chuvas\/","title":{"rendered":"Estado de SP registra 18 mortes em decorr\u00eancia das fortes chuvas"},"content":{"rendered":"<div class=\"imais-before-content-placement\" id=\"imais-3776579270\"><script async src=\"\/\/pagead2.googlesyndication.com\/pagead\/js\/adsbygoogle.js?client=ca-pub-8787528412751566\" crossorigin=\"anonymous\"><\/script><ins class=\"adsbygoogle\" style=\"display:block;\" data-ad-client=\"ca-pub-8787528412751566\" \ndata-ad-slot=\"\" \ndata-ad-format=\"auto\"><\/ins>\n<script> \n(adsbygoogle = window.adsbygoogle || []).push({}); \n<\/script>\n<\/div>\n<p class=\"has-text-align-center\">H\u00e1 ainda nove feridos e cinco desaparecidos<\/p>\n\n\n\n<p>O n\u00famero de mortos em decorr\u00eancia das chuvas que atingem o estado de S\u00e3o Paulo chega a 18 desde a \u00faltima&nbsp;sexta-feira, segundo o governo paulista. De acordo com o balan\u00e7o da Defesa Civil, do total de \u00f3bitos, sete s\u00e3o de crian\u00e7as. H\u00e1 ainda nove feridos e cinco desaparecidos. Aproximadamente 500 fam\u00edlias est\u00e3o desalojadas ou desabrigadas.<img decoding=\"async\" src=\"https:\/\/agenciabrasil.ebc.com.br\/ebc.png?id=1439464&amp;o=node\"><img decoding=\"async\" src=\"https:\/\/agenciabrasil.ebc.com.br\/ebc.gif?id=1439464&amp;o=node\"><\/p>\n\n\n\n<p>As mortes ocorreram em V\u00e1rzea Paulista (5), Francisco Morato (4), Embu das Artes (3), Franco da Rocha (3), Aruj\u00e1 (1), Ja\u00fa (1), e Ribeir\u00e3o Preto (1). Os \u00f3bitos foram causados, em sua maioria, por deslizamento de terra e desmoronamentos.&nbsp;<\/p>\n\n\n\n<p>\u201cMinha solidariedade \u00e0s fam\u00edlias e amigos das 18 v\u00edtimas fatais. Estamos trabalhando nos resgates e autorizei R$ 15 milh\u00f5es em recursos para que os munic\u00edpios possam acolher os atingidos\u201d, destacou o governador de S\u00e3o Paulo, Jo\u00e3o Doria, que sobrevoou as \u00e1reas mais afetadas pela chuva na regi\u00e3o da Grande S\u00e3o Paulo.<\/p>\n\n\n\n<p>Os recursos anunciados ser\u00e3o destinados aos munic\u00edpios de Aruj\u00e1 (R$ 1 milh\u00e3o), Francisco Morato (R$ 2 milh\u00f5es), Embu das Artes (R$ 1 milh\u00e3o) e Franco da Rocha (R$ 5 milh\u00f5es), na regi\u00e3o metropolitana de S\u00e3o Paulo, e V\u00e1rzea Paulista (R$ 1 milh\u00e3o), Campo Limpo Paulista (R$ 1 milh\u00e3o), Ja\u00fa (R$ 1 milh\u00e3o), Capivari (R$ 1 milh\u00e3o), Montemor (R$ 1 milh\u00e3o) e Rafard (R$ 1 milh\u00e3o), no interior do estado.<\/p>\n\n\n\n<p>A Defesa Civil do Estado mant\u00e9m ativo alerta de chuvas fortes, seguidas por raios e ventos em boa parte do estado, com risco, em \u00e1reas vulner\u00e1veis, de deslizamentos, desabamentos, alagamentos, enchentes e ocorr\u00eancias relacionadas a raios e ventos.<\/p>\n\n\n\n<p>Em caso de emerg\u00eancias a Defesa Civil deve ser acionada pelo telefone 199 ou o Corpo de Bombeiros, pelo 193.<\/p>\n","protected":false},"excerpt":{"rendered":"<p>H\u00e1 ainda nove feridos e cinco desaparecidos O n\u00famero de mortos em decorr\u00eancia das chuvas que atingem o estado de S\u00e3o Paulo chega a 18 desde a \u00faltima&nbsp;sexta-feira, segundo o governo paulista. De acordo com o balan\u00e7o da Defesa Civil, do total de \u00f3bitos, sete s\u00e3o de crian\u00e7as. H\u00e1 ainda nove feridos e cinco desaparecidos. [&hellip;]<\/p>\n","protected":false},"author":7,"featured_media":4052,"comment_status":"closed","ping_status":"open","sticky":false,"template":"","format":"standard","meta":{"rop_custom_images_group":[],"rop_custom_messages_group":[],"rop_publish_now":"initial","rop_publish_now_accounts":[],"rop_publish_now_history":[],"rop_publish_now_status":"pending","footnotes":""},"categories":[195],"tags":[73],"class_list":["post-4051","post","type-post","status-publish","format-standard","has-post-thumbnail","hentry","category-sao-paulo","tag-featured"],"amp_enabled":true,"_links":{"self":[{"href":"https:\/\/imais.online\/portal\/wp-json\/wp\/v2\/posts\/4051","targetHints":{"allow":["GET"]}}],"collection":[{"href":"https:\/\/imais.online\/portal\/wp-json\/wp\/v2\/posts"}],"about":[{"href":"https:\/\/imais.online\/portal\/wp-json\/wp\/v2\/types\/post"}],"author":[{"embeddable":true,"href":"https:\/\/imais.online\/portal\/wp-json\/wp\/v2\/users\/7"}],"replies":[{"embeddable":true,"href":"https:\/\/imais.online\/portal\/wp-json\/wp\/v2\/comments?post=4051"}],"version-history":[{"count":1,"href":"https:\/\/imais.online\/portal\/wp-json\/wp\/v2\/posts\/4051\/revisions"}],"predecessor-version":[{"id":4053,"href":"https:\/\/imais.online\/portal\/wp-json\/wp\/v2\/posts\/4051\/revisions\/4053"}],"wp:featuredmedia":[{"embeddable":true,"href":"https:\/\/imais.online\/portal\/wp-json\/wp\/v2\/media\/4052"}],"wp:attachment":[{"href":"https:\/\/imais.online\/portal\/wp-json\/wp\/v2\/media?parent=4051"}],"wp:term":[{"taxonomy":"category","embeddable":true,"href":"https:\/\/imais.online\/portal\/wp-json\/wp\/v2\/categories?post=4051"},{"taxonomy":"post_tag","embeddable":true,"href":"https:\/\/imais.online\/portal\/wp-json\/wp\/v2\/tags?post=4051"}],"curies":[{"name":"wp","href":"https:\/\/api.w.org\/{rel}","templated":true}]}}