{"id":4054,"date":"2022-01-31T10:29:52","date_gmt":"2022-01-31T13:29:52","guid":{"rendered":"https:\/\/imais.online\/portal\/?p=4054"},"modified":"2022-01-31T10:29:54","modified_gmt":"2022-01-31T13:29:54","slug":"chega-a-21-o-numero-mortes-em-sao-paulo-causadas-pelas-chuvas","status":"publish","type":"post","link":"https:\/\/imais.online\/portal\/chega-a-21-o-numero-mortes-em-sao-paulo-causadas-pelas-chuvas\/","title":{"rendered":"Chega a 21 o n\u00famero mortes em S\u00e3o Paulo causadas pelas chuvas"},"content":{"rendered":"<div class=\"imais-before-content-placement\" id=\"imais-2946448019\"><script async src=\"\/\/pagead2.googlesyndication.com\/pagead\/js\/adsbygoogle.js?client=ca-pub-8787528412751566\" crossorigin=\"anonymous\"><\/script><ins class=\"adsbygoogle\" style=\"display:block;\" data-ad-client=\"ca-pub-8787528412751566\" \ndata-ad-slot=\"\" \ndata-ad-format=\"auto\"><\/ins>\n<script> \n(adsbygoogle = window.adsbygoogle || []).push({}); \n<\/script>\n<\/div>\n<p class=\"has-text-align-center\">Estragos deixaram 660 fam\u00edlias desabrigadas em todo o estado<\/p>\n\n\n\n<p>As chuvas que atingem o estado de S\u00e3o Paulo desde a \u00faltima&nbsp;sexta-feira (31) j\u00e1 causaram 21 mortes. Segundo a Defesa Civil estadual, oito das v\u00edtimas eram crian\u00e7as e 11 pessoas ainda est\u00e3o desaparecidas.<img decoding=\"async\" src=\"https:\/\/agenciabrasil.ebc.com.br\/ebc.png?id=1439517&amp;o=node\"><img decoding=\"async\" src=\"https:\/\/agenciabrasil.ebc.com.br\/ebc.gif?id=1439517&amp;o=node\"><\/p>\n\n\n\n<p>Os \u00f3bitos foram registrados em oito munic\u00edpios. Em&nbsp;V\u00e1rzea Paulista, no interior do estado, morreram cinco pessoas. Em Franco da Rocha, na Grande S\u00e3o Paulo, tamb\u00e9m foram&nbsp;cinco v\u00edtimas. Ainda regi\u00e3o metropolitana, em Francisco Morato, os temporais deixaram quatro mortos e em Embu das Artes,&nbsp;tr\u00eas.<\/p>\n\n\n\n<p>De acordo com a Defesa Civil, a chuva&nbsp;tem causado diversos danos, como alagamentos, queda de \u00e1rvores, deslizamentos e interdi\u00e7\u00f5es em rodovias.<\/p>\n\n\n\n<p>Os estragos deixaram 660 fam\u00edlias desabrigadas ou desalojadas em todo o estado.<\/p>\n\n\n\n<p>Para conter os danos causados pelas chuvas, o governo estadual liberou R$ 15 milh\u00f5es para atender 10 munic\u00edpios.<\/p>\n","protected":false},"excerpt":{"rendered":"<p>Estragos deixaram 660 fam\u00edlias desabrigadas em todo o estado As chuvas que atingem o estado de S\u00e3o Paulo desde a \u00faltima&nbsp;sexta-feira (31) j\u00e1 causaram 21 mortes. Segundo a Defesa Civil estadual, oito das v\u00edtimas eram crian\u00e7as e 11 pessoas ainda est\u00e3o desaparecidas. Os \u00f3bitos foram registrados em oito munic\u00edpios. Em&nbsp;V\u00e1rzea Paulista, no interior do estado, [&hellip;]<\/p>\n","protected":false},"author":7,"featured_media":4055,"comment_status":"closed","ping_status":"open","sticky":false,"template":"","format":"standard","meta":{"rop_custom_images_group":[],"rop_custom_messages_group":[],"rop_publish_now":"initial","rop_publish_now_accounts":[],"rop_publish_now_history":[],"rop_publish_now_status":"pending","footnotes":""},"categories":[195],"tags":[73],"class_list":["post-4054","post","type-post","status-publish","format-standard","has-post-thumbnail","hentry","category-sao-paulo","tag-featured"],"amp_enabled":true,"_links":{"self":[{"href":"https:\/\/imais.online\/portal\/wp-json\/wp\/v2\/posts\/4054","targetHints":{"allow":["GET"]}}],"collection":[{"href":"https:\/\/imais.online\/portal\/wp-json\/wp\/v2\/posts"}],"about":[{"href":"https:\/\/imais.online\/portal\/wp-json\/wp\/v2\/types\/post"}],"author":[{"embeddable":true,"href":"https:\/\/imais.online\/portal\/wp-json\/wp\/v2\/users\/7"}],"replies":[{"embeddable":true,"href":"https:\/\/imais.online\/portal\/wp-json\/wp\/v2\/comments?post=4054"}],"version-history":[{"count":1,"href":"https:\/\/imais.online\/portal\/wp-json\/wp\/v2\/posts\/4054\/revisions"}],"predecessor-version":[{"id":4056,"href":"https:\/\/imais.online\/portal\/wp-json\/wp\/v2\/posts\/4054\/revisions\/4056"}],"wp:featuredmedia":[{"embeddable":true,"href":"https:\/\/imais.online\/portal\/wp-json\/wp\/v2\/media\/4055"}],"wp:attachment":[{"href":"https:\/\/imais.online\/portal\/wp-json\/wp\/v2\/media?parent=4054"}],"wp:term":[{"taxonomy":"category","embeddable":true,"href":"https:\/\/imais.online\/portal\/wp-json\/wp\/v2\/categories?post=4054"},{"taxonomy":"post_tag","embeddable":true,"href":"https:\/\/imais.online\/portal\/wp-json\/wp\/v2\/tags?post=4054"}],"curies":[{"name":"wp","href":"https:\/\/api.w.org\/{rel}","templated":true}]}}