{"id":4093,"date":"2022-01-31T17:27:21","date_gmt":"2022-01-31T20:27:21","guid":{"rendered":"https:\/\/imais.online\/portal\/?p=4093"},"modified":"2022-01-31T17:27:23","modified_gmt":"2022-01-31T20:27:23","slug":"defesa-civil-de-sp-atualiza-situacao-apos-chuvas","status":"publish","type":"post","link":"https:\/\/imais.online\/portal\/defesa-civil-de-sp-atualiza-situacao-apos-chuvas\/","title":{"rendered":"Defesa Civil de SP atualiza situa\u00e7\u00e3o ap\u00f3s chuvas"},"content":{"rendered":"<div class=\"imais-before-content-placement\" id=\"imais-4267494224\"><script async src=\"\/\/pagead2.googlesyndication.com\/pagead\/js\/adsbygoogle.js?client=ca-pub-8787528412751566\" crossorigin=\"anonymous\"><\/script><ins class=\"adsbygoogle\" style=\"display:block;\" data-ad-client=\"ca-pub-8787528412751566\" \ndata-ad-slot=\"\" \ndata-ad-format=\"auto\"><\/ins>\n<script> \n(adsbygoogle = window.adsbygoogle || []).push({}); \n<\/script>\n<\/div>\n<p class=\"has-text-align-center\">Transtornos provocados pelo mau tempo deixaram cerca de 1.546 fam\u00edlias desabrigadas ou desalojadas em diversas regi\u00f5es do estado<\/p>\n\n\n\n<p>A Defesa Civil do Estado de S\u00e3o Paulo confirmou, na tarde desta segunda-feira (31), 24 \u00f3bitos em raz\u00e3o das chuvas que atingiram diversas regi\u00f5es do estado desde a \u00faltima sexta-feira (28). Os transtornos provocados pelo mau tempo tamb\u00e9m deixaram cerca de 1.546 fam\u00edlias desabrigadas ou desalojadas.<\/p>\n\n\n\n<p>Entre as v\u00edtimas h\u00e1 um total de oito crian\u00e7as. Al\u00e9m disso, h\u00e1 sete feridos e oito desaparecidos. Ainda de acordo com a Defesa Civil, h\u00e1 ocorr\u00eancias espalhadas por todo Estado relacionadas \u00e0s chuvas, como alagamentos, queda de \u00e1rvores, quedas de muros e deslizamentos de terra. No total, s\u00e3o 27 munic\u00edpios afetados.<\/p>\n\n\n\n<p>ITAPEVI \u2013 1 \u00f3bito<br>ARUJ\u00c1 \u2013 1 \u00f3bito<br>FRANCISCO MORATO \u2013 4 \u00f3bitos<br>EMBU DAS ARTES \u2013 3 \u00f3bitos<br>FRANCO DA ROCHA: 8 mortes (3 corpos ainda est\u00e3o sendo extra\u00eddos dos escombros)<br>V\u00c1RZEA PAULISTA \u2013 5 \u00f3bitos<br>JA\u00da \u2013 1 \u00f3bito<br>RIBEIR\u00c3O PRETO \u2013 1 \u00f3bito<\/p>\n\n\n\n<p>A Defesa Civil j\u00e1 forneceu, at\u00e9 o momento, 287 cestas b\u00e1sicas, 227 kits de higiene\/limpeza e 294 kits dormit\u00f3rio.<\/p>\n\n\n\n<p><strong>Ajuda aos munic\u00edpios<\/strong><\/p>\n\n\n\n<p>Neste domingo (30), o Governador Jo\u00e3o Doria sobrevoou as regi\u00f5es castigadas pelas chuvas em Francisco Morato, Franco da Rocha e Caieiras, na Regi\u00e3o Metropolitana de S\u00e3o Paulo, e anunciou a libera\u00e7\u00e3o imediata de R$ 15 milh\u00f5es para um total de 10 cidades para auxiliar as prefeituras na recupera\u00e7\u00e3o urbana e social.<\/p>\n\n\n\n<p>Os recursos anunciados ser\u00e3o destinados aos munic\u00edpios de Aruj\u00e1 (R$ 1 milh\u00e3o), Francisco Morato (R$ 2 milh\u00f5es), Embu das Artes (R$ 1 milh\u00e3o) e Franco da Rocha (R$ 5 milh\u00f5es), na Regi\u00e3o Metropolitana de S\u00e3o Paulo, e V\u00e1rzea Paulista (R$ 1 milh\u00e3o), Campo Limpo Paulista (R$ 1 milh\u00e3o), Ja\u00fa (R$ 1 milh\u00e3o), Capivari (R$ 1 milh\u00e3o), Monte Mor (R$ 1 milh\u00e3o) e Rafard (R$ 1 milh\u00e3o), no interior do estado.<\/p>\n\n\n\n<p>Os repasses poder\u00e3o ser utilizados para reparar problemas urbanos cr\u00f4nicos dos munic\u00edpios, que causam transtornos como pontos de alagamento e deslizamentos de terra.<\/p>\n\n\n\n<p>Al\u00e9m da libera\u00e7\u00e3o dos recursos, o Governador determinou a cria\u00e7\u00e3o de uma for\u00e7a-tarefa envolvendo Corpo de Bombeiros, Pol\u00edcia Militar e Defesa Civil para apoiar todas as prefeituras das cidades que sofreram com as chuvas.<\/p>\n\n\n\n<p><strong>Munic\u00edpios que decretaram Situa\u00e7\u00e3o de Emerg\u00eancia<\/strong>: Francisco Morato, Caieiras, Franco da Rocha, Ja\u00fa, Embu das Artes, Capivari e Agudos.<\/p>\n\n\n\n<p><strong>Munic\u00edpios atendidos com material de Ajuda Humanit\u00e1ria<\/strong>: Francisco Morato, Ja\u00fa, Presidente Venceslau, Embu das Artes e Monte Mor.<\/p>\n","protected":false},"excerpt":{"rendered":"<p>Transtornos provocados pelo mau tempo deixaram cerca de 1.546 fam\u00edlias desabrigadas ou desalojadas em diversas regi\u00f5es do estado A Defesa Civil do Estado de S\u00e3o Paulo confirmou, na tarde desta segunda-feira (31), 24 \u00f3bitos em raz\u00e3o das chuvas que atingiram diversas regi\u00f5es do estado desde a \u00faltima sexta-feira (28). Os transtornos provocados pelo mau tempo [&hellip;]<\/p>\n","protected":false},"author":7,"featured_media":4097,"comment_status":"closed","ping_status":"open","sticky":false,"template":"","format":"standard","meta":{"rop_custom_images_group":[],"rop_custom_messages_group":[],"rop_publish_now":"initial","rop_publish_now_accounts":[],"rop_publish_now_history":[],"rop_publish_now_status":"pending","footnotes":""},"categories":[195],"tags":[],"class_list":["post-4093","post","type-post","status-publish","format-standard","has-post-thumbnail","hentry","category-sao-paulo"],"amp_enabled":true,"_links":{"self":[{"href":"https:\/\/imais.online\/portal\/wp-json\/wp\/v2\/posts\/4093","targetHints":{"allow":["GET"]}}],"collection":[{"href":"https:\/\/imais.online\/portal\/wp-json\/wp\/v2\/posts"}],"about":[{"href":"https:\/\/imais.online\/portal\/wp-json\/wp\/v2\/types\/post"}],"author":[{"embeddable":true,"href":"https:\/\/imais.online\/portal\/wp-json\/wp\/v2\/users\/7"}],"replies":[{"embeddable":true,"href":"https:\/\/imais.online\/portal\/wp-json\/wp\/v2\/comments?post=4093"}],"version-history":[{"count":1,"href":"https:\/\/imais.online\/portal\/wp-json\/wp\/v2\/posts\/4093\/revisions"}],"predecessor-version":[{"id":4098,"href":"https:\/\/imais.online\/portal\/wp-json\/wp\/v2\/posts\/4093\/revisions\/4098"}],"wp:featuredmedia":[{"embeddable":true,"href":"https:\/\/imais.online\/portal\/wp-json\/wp\/v2\/media\/4097"}],"wp:attachment":[{"href":"https:\/\/imais.online\/portal\/wp-json\/wp\/v2\/media?parent=4093"}],"wp:term":[{"taxonomy":"category","embeddable":true,"href":"https:\/\/imais.online\/portal\/wp-json\/wp\/v2\/categories?post=4093"},{"taxonomy":"post_tag","embeddable":true,"href":"https:\/\/imais.online\/portal\/wp-json\/wp\/v2\/tags?post=4093"}],"curies":[{"name":"wp","href":"https:\/\/api.w.org\/{rel}","templated":true}]}}